{"id":360943,"date":"2025-09-02T14:21:09","date_gmt":"2025-09-02T14:21:09","guid":{"rendered":"https:\/\/www.europesays.com\/fr\/360943\/"},"modified":"2025-09-02T14:21:09","modified_gmt":"2025-09-02T14:21:09","slug":"coups-de-feu-au-mas-drevon-des-tireurs-visent-un-appartement-dans-une-residence","status":"publish","type":"post","link":"https:\/\/www.europesays.com\/fr\/360943\/","title":{"rendered":"coups de feu au Mas Drevon, des tireurs visent un appartement dans une r\u00e9sidence"},"content":{"rendered":"<p>            Par<br \/>\n        <strong><br \/>\n            <a href=\"https:\/\/actu.fr\/auteur\/jm-aubert\" title=\"Consulter tous les articles de Jean-Marc Aubert\" rel=\"nofollow noopener\" target=\"_blank\">Jean-Marc Aubert<\/a><br \/>\n        <\/strong><\/p>\n<p>        Publi\u00e9 le<\/p>\n<p>            2 sept. 2025 \u00e0 15h44<br \/>\n        ; mis \u00e0 jour le 2 sept. 2025 \u00e0 15h49    <\/p>\n<p>\/ INFO M\u00c9TROPOLITAIN \/<\/p>\n<p class=\" wall-content\">Des <strong>coups de feu<\/strong> ont \u00e9t\u00e9 tir\u00e9s peu apr\u00e8s 14h, ce mardi 2 septembre 2025, dans une rue du quartier du Mas Drevon, \u00e0 <strong>Montpellier<\/strong> : des tireurs ont vis\u00e9 un appartement dans une r\u00e9sidence proche de l\u2019avenue Villeneuve-d\u2019Angoul\u00eame.<\/p>\n<p>    <a href=\"https:\/\/www.google.com\/maps\/embed?pb=!1m18!1m12!1m3!1d4613.440376505303!2d3.8685117161728018!3d43.59516520854755!2m3!1f0!2f0!3f0!3m2!1i1024!2i768!4f13.1!3m3!1m2!1s0x12b6affc75e61231%3A0xb384e35e60e19f01!2sMas%20Drevon-Croix%20d%27argent-NAYY-FRIEDMANN-LEGENDRE!5e0!3m2!1sfr!2sfr!4v1756820531448!5m2!1sfr!2sfr\" title=\"Ouvrie le lien\" rel=\"nofollow noopener\" target=\"_blank\">Cliquez ici pour visualiser le contenu<\/a><\/p>\n<p class=\" wall-content\">Plusieurs coups de feu successifs ont retenti dans cette art\u00e8re, selon des riverains qui ont appel\u00e9 <strong>police secours<\/strong>. Les balles qui auraient \u00e9t\u00e9 tir\u00e9es avec une arme \u00e0 feu de calibre 9mm, comme des douilles r\u00e9cup\u00e9r\u00e9es sur place par la <strong>police technique et scientifique,<\/strong> visaient un appartement d\u2019une r\u00e9sidence, o\u00f9 l\u2019\u00e9moi est fort, des familles v avant avec des enfants.<\/p>\n<p class=\" wall-content\">C\u2019est dans ce b\u00e2timent que r\u00e9side un repris de justice bien connu des services de police. \u00c9tait-il la cible par le commando compos\u00e9 d\u2019au moins deux individus, qui ont rapidement pris la fuite, avant l\u2019arriv\u00e9e massive de plusieurs unit\u00e9s de la DIPN 34, dont la <strong>brigade anticriminalit\u00e9<\/strong>, la Bac ?\u00a0<\/p>\n<p class=\" wall-content\">Se trouvait-il dans son logement ? Des tirs qui ressemblent \u00e0 un avertissement. L\u2019enqu\u00eate est confi\u00e9e au <strong>Service local de police judiciaire<\/strong> -Slpj- du commissariat central, actuellement sur les lieux pour lancer leurs investigations.<\/p>\n<p class=\" wall-content\">Personnalisez votre actualit\u00e9 en ajoutant vos villes et m\u00e9dias en favori avec <a href=\"https:\/\/moncompte.actu.fr\" title=\"D\u00e9couvez Mon Actu\" rel=\"nofollow noopener\" data-trk=\"{&quot;cta&quot;:{&quot;action&quot;:&quot;https:\\\/\\\/moncompte.actu.fr&quot;,&quot;category&quot;:&quot;mon compte&quot;,&quot;from&quot;:&quot;article footer&quot;,&quot;name&quot;:&quot;Mon actu&quot;,&quot;type&quot;:&quot;cta&quot;}}\" target=\"_blank\">Mon Actu<\/a>.<\/p>\n","protected":false},"excerpt":{"rendered":"Par Jean-Marc Aubert Publi\u00e9 le 2 sept. 2025 \u00e0 15h44 ; mis \u00e0 jour le 2 sept. 2025&hellip;\n","protected":false},"author":2,"featured_media":360944,"comment_status":"","ping_status":"","sticky":false,"template":"","format":"standard","meta":{"footnotes":""},"categories":[9599],"tags":[1111,11,1777,674,118,1011,27,303,2208,12,2680,1072,25],"class_list":{"0":"post-360943","1":"post","2":"type-post","3":"status-publish","4":"format-standard","5":"has-post-thumbnail","7":"category-montpellier","8":"tag-actu","9":"tag-actualites","10":"tag-eu","11":"tag-europe","12":"tag-faits-divers","13":"tag-fr","14":"tag-france","15":"tag-justice","16":"tag-montpellier","17":"tag-news","18":"tag-occitanie","19":"tag-police","20":"tag-republique-francaise"},"share_on_mastodon":{"url":"https:\/\/pubeurope.com\/@fr\/115135151069530097","error":""},"_links":{"self":[{"href":"https:\/\/www.europesays.com\/fr\/wp-json\/wp\/v2\/posts\/360943","targetHints":{"allow":["GET"]}}],"collection":[{"href":"https:\/\/www.europesays.com\/fr\/wp-json\/wp\/v2\/posts"}],"about":[{"href":"https:\/\/www.europesays.com\/fr\/wp-json\/wp\/v2\/types\/post"}],"author":[{"embeddable":true,"href":"https:\/\/www.europesays.com\/fr\/wp-json\/wp\/v2\/users\/2"}],"replies":[{"embeddable":true,"href":"https:\/\/www.europesays.com\/fr\/wp-json\/wp\/v2\/comments?post=360943"}],"version-history":[{"count":0,"href":"https:\/\/www.europesays.com\/fr\/wp-json\/wp\/v2\/posts\/360943\/revisions"}],"wp:featuredmedia":[{"embeddable":true,"href":"https:\/\/www.europesays.com\/fr\/wp-json\/wp\/v2\/media\/360944"}],"wp:attachment":[{"href":"https:\/\/www.europesays.com\/fr\/wp-json\/wp\/v2\/media?parent=360943"}],"wp:term":[{"taxonomy":"category","embeddable":true,"href":"https:\/\/www.europesays.com\/fr\/wp-json\/wp\/v2\/categories?post=360943"},{"taxonomy":"post_tag","embeddable":true,"href":"https:\/\/www.europesays.com\/fr\/wp-json\/wp\/v2\/tags?post=360943"}],"curies":[{"name":"wp","href":"https:\/\/api.w.org\/{rel}","templated":true}]}}