{"id":360945,"date":"2025-09-02T14:22:10","date_gmt":"2025-09-02T14:22:10","guid":{"rendered":"https:\/\/www.europesays.com\/fr\/360945\/"},"modified":"2025-09-02T14:22:10","modified_gmt":"2025-09-02T14:22:10","slug":"une-soiree-de-rentree-reussie-pour-le-montpellier-handball-feminin","status":"publish","type":"post","link":"https:\/\/www.europesays.com\/fr\/360945\/","title":{"rendered":"Une soir\u00e9e de rentr\u00e9e r\u00e9ussie pour le Montpellier Handball F\u00e9minin"},"content":{"rendered":"<p>Cette soir\u00e9e a \u00e9t\u00e9 l\u2019occasion de remercier l\u2019ensemble des partenaires qui soutiennent le projet du Montpellier Handball F\u00e9minin. Leur pr\u00e9sence, aux c\u00f4t\u00e9s des \u00e9lus et des b\u00e9n\u00e9voles, t\u00e9moigne de la dynamique et de l\u2019engagement collectif autour de l\u2019\u00e9quipe fanion f\u00e9minine, \u00e9voluant en Nationale 1.<\/p>\n<p>Les joueuses ont \u00e9galement pris part \u00e0 ce temps fort, partageant un moment d\u2019\u00e9changes privil\u00e9gi\u00e9s avec les invit\u00e9s. L\u2019occasion de renforcer les liens entre tous les acteurs qui font vivre le club au quotidien.<\/p>\n<p>Temps fort de la soir\u00e9e : la pr\u00e9sentation du nouveau maillot de l\u2019\u00e9quipe fanion f\u00e9minine. Cette saison, les joueuses porteront la m\u00eame tunique que l\u2019\u00e9quipe masculine professionnelle du MHB. Un symbole fort, qui marque une unit\u00e9 encore plus grande entre les diff\u00e9rentes composantes du club.<\/p>\n<p>\u00c0 travers ce rendez-vous de rentr\u00e9e, le Montpellier Handball F\u00e9minin a pos\u00e9 les bases d\u2019une saison que l\u2019on esp\u00e8re riche en \u00e9motions et en r\u00e9ussites sportives. La mobilisation de tous \u2013 partenaires, joueuses, b\u00e9n\u00e9voles et institutionnels \u2013 est un signal fort de confiance et d\u2019ambition pour l\u2019avenir.<\/p>\n<p>Le club remercie chaleureusement la commune du Cr\u00e8s pour son accueil aux Ar\u00e8nes, ainsi que l\u2019ensemble des personnes pr\u00e9sentes hier soir pour faire de cette soir\u00e9e un v\u00e9ritable succ\u00e8s.<\/p>\n","protected":false},"excerpt":{"rendered":"Cette soir\u00e9e a \u00e9t\u00e9 l\u2019occasion de remercier l\u2019ensemble des partenaires qui soutiennent le projet du Montpellier Handball F\u00e9minin.&hellip;\n","protected":false},"author":2,"featured_media":360946,"comment_status":"","ping_status":"","sticky":false,"template":"","format":"standard","meta":{"footnotes":""},"categories":[9599],"tags":[1111,11,1777,674,1011,27,2208,12,2680,25],"class_list":{"0":"post-360945","1":"post","2":"type-post","3":"status-publish","4":"format-standard","5":"has-post-thumbnail","7":"category-montpellier","8":"tag-actu","9":"tag-actualites","10":"tag-eu","11":"tag-europe","12":"tag-fr","13":"tag-france","14":"tag-montpellier","15":"tag-news","16":"tag-occitanie","17":"tag-republique-francaise"},"share_on_mastodon":{"url":"https:\/\/pubeurope.com\/@fr\/115135154969072453","error":""},"_links":{"self":[{"href":"https:\/\/www.europesays.com\/fr\/wp-json\/wp\/v2\/posts\/360945","targetHints":{"allow":["GET"]}}],"collection":[{"href":"https:\/\/www.europesays.com\/fr\/wp-json\/wp\/v2\/posts"}],"about":[{"href":"https:\/\/www.europesays.com\/fr\/wp-json\/wp\/v2\/types\/post"}],"author":[{"embeddable":true,"href":"https:\/\/www.europesays.com\/fr\/wp-json\/wp\/v2\/users\/2"}],"replies":[{"embeddable":true,"href":"https:\/\/www.europesays.com\/fr\/wp-json\/wp\/v2\/comments?post=360945"}],"version-history":[{"count":0,"href":"https:\/\/www.europesays.com\/fr\/wp-json\/wp\/v2\/posts\/360945\/revisions"}],"wp:featuredmedia":[{"embeddable":true,"href":"https:\/\/www.europesays.com\/fr\/wp-json\/wp\/v2\/media\/360946"}],"wp:attachment":[{"href":"https:\/\/www.europesays.com\/fr\/wp-json\/wp\/v2\/media?parent=360945"}],"wp:term":[{"taxonomy":"category","embeddable":true,"href":"https:\/\/www.europesays.com\/fr\/wp-json\/wp\/v2\/categories?post=360945"},{"taxonomy":"post_tag","embeddable":true,"href":"https:\/\/www.europesays.com\/fr\/wp-json\/wp\/v2\/tags?post=360945"}],"curies":[{"name":"wp","href":"https:\/\/api.w.org\/{rel}","templated":true}]}}