{"id":360947,"date":"2025-09-02T14:25:18","date_gmt":"2025-09-02T14:25:18","guid":{"rendered":"https:\/\/www.europesays.com\/fr\/360947\/"},"modified":"2025-09-02T14:25:18","modified_gmt":"2025-09-02T14:25:18","slug":"le-village-de-rouen-ouvre-ses-portes","status":"publish","type":"post","link":"https:\/\/www.europesays.com\/fr\/360947\/","title":{"rendered":"le village de Rouen ouvre ses portes"},"content":{"rendered":"<p data-start=\"340\" data-end=\"1016\"><strong>Les quais de la Rive Droite de Rouen se sont anim\u00e9s avec l\u2019ouverture du Village du Grand D\u00e9part de la 56\u1d49 \u00e9dition de <a href=\"https:\/\/www.lasolitaire.com\/\" rel=\"nofollow noopener\" target=\"_blank\">La Solitaire du Figaro Paprec<\/a>. L\u2019un des grands moments attendus se d\u00e9roulera samedi soir avec l\u2019arriv\u00e9e des 35 Figaro BENETEAU 3 engag\u00e9s dans la Solitaire ainsi que des 8 duos du D\u00e9fi Paprec.\u00a0<\/strong><\/p>\n<p><a href=\"https:\/\/www.voileetmoteur.com\/wp\/wp-content\/uploads\/2025\/09\/ac-240822sol-1368.jpg\" rel=\"nofollow noopener\" target=\"_blank\"><img loading=\"lazy\" decoding=\"async\" class=\"size-medium wp-image-202719\" src=\"https:\/\/www.europesays.com\/fr\/wp-content\/uploads\/2025\/09\/ac-240822sol-1368-500x333.jpg\" alt=\"\" width=\"500\" height=\"333\"  \/><\/a>\u00a9 Alexis Courcoux \/ OC Sport Pen Duick<br \/>\nOuverture du village de la Solitaire du Figaro<\/p>\n<p data-start=\"1068\" data-end=\"1768\">Le village est officiellement ouvert depuis dimanche 31 ao\u00fbt avec la pr\u00e9sence de plusieurs personnalit\u00e9s, parmi lesquelles Nicolas Mayer Rossignol, maire de Rouen et pr\u00e9sident de la M\u00e9tropole Rouen Normandie, Augustin Boeuf, conseiller r\u00e9gional d\u00e9l\u00e9gu\u00e9 au nautisme, R\u00e9gis Faour, directeur de la communication et de l\u2019\u00e9v\u00e9nementiel du groupe Paprec, Dominique Ritz, directeur g\u00e9n\u00e9ral d\u00e9l\u00e9gu\u00e9 HAROPA Port Rouen, Denny Imbroisi, parrain du village, Jean Bernard Le Boucher, pr\u00e9sident de la Classe Figaro B\u00e9n\u00e9teau, ainsi que Julie Coutts, directrice g\u00e9n\u00e9rale d\u2019OC Sport Pen Duick.<\/p>\n<p data-start=\"1068\" data-end=\"1768\">Le traditionnel coup\u00e9 de ruban sera suivi d\u2019une d\u00e9ambulation \u00e0 travers le village et d\u2019animations sur la Grande Sc\u00e8ne. Le chef \u00e9toil\u00e9 Denny Imbroisi est le parrain du village de Rouen pour cette \u00e9dition. Pr\u00e9sent \u00e0 l\u2019inauguration, il participera aux c\u00f4t\u00e9s des organisateurs et skippers \u00e0 ce moment d\u2019ouverture. Il proposera \u00e9galement une animation culinaire le dimanche \u00e0 17h30 sur la Grande Sc\u00e8ne : un cours de cuisine avec plusieurs marins, ouvert au grand public.<\/p>\n<p data-start=\"1068\" data-end=\"1768\">Une mani\u00e8re de mettre en avant le partage et la convivialit\u00e9, valeurs communes \u00e0 la voile et \u00e0 la cuisine. Tout au long de la semaine, le programme s\u2019annonce dense. Le Journal de La Solitaire se tiendra quotidiennement sur la Grande Sc\u00e8ne, en pr\u00e9sence des skippers, suivi de s\u00e9ances de d\u00e9dicaces.<\/p>\n<p>Le plein d\u2019animations<\/p>\n<p data-start=\"1068\" data-end=\"1768\">Des visites de Figaro BENETEAU 3 et des bapt\u00eames de voile en go\u00e9lette seront \u00e9galement propos\u00e9s. Musique, ateliers p\u00e9dagogiques, conf\u00e9rences et activit\u00e9s pour enfants compl\u00e9teront ce rendez-vous grand public. Apr\u00e8s une semaine d\u2019animations \u00e0 Rouen, les bateaux quitteront la ville le vendredi 5 septembre en fin de matin\u00e9e pour rejoindre Le Havre en descendant la Seine. C\u2019est depuis ce port que sera donn\u00e9 le grand d\u00e9part de la course le dimanche 7 septembre \u00e0 13h, suivi 15 minutes plus tard du d\u00e9part du D\u00e9fi Paprec.<\/p>\n<p data-start=\"1703\" data-end=\"2107\">Sources Communiqu\u00e9 de presse.<\/p>\n<p><strong><a href=\"https:\/\/www.voileetmoteur.com\/\" rel=\"nofollow noopener\" target=\"_blank\">Retrouvez toute l\u2019actualit\u00e9 sur Voile&amp;Moteur<\/a><\/strong><\/p>\n","protected":false},"excerpt":{"rendered":"Les quais de la Rive Droite de Rouen se sont anim\u00e9s avec l\u2019ouverture du Village du Grand D\u00e9part&hellip;\n","protected":false},"author":2,"featured_media":360948,"comment_status":"","ping_status":"","sticky":false,"template":"","format":"standard","meta":{"footnotes":""},"categories":[9587],"tags":[1111,11,1777,674,1011,27,12,5161,25,9590,48169],"class_list":{"0":"post-360947","1":"post","2":"type-post","3":"status-publish","4":"format-standard","5":"has-post-thumbnail","7":"category-rouen","8":"tag-actu","9":"tag-actualites","10":"tag-eu","11":"tag-europe","12":"tag-fr","13":"tag-france","14":"tag-news","15":"tag-normandie","16":"tag-republique-francaise","17":"tag-rouen","18":"tag-solitaire-du-figaro"},"share_on_mastodon":{"url":"https:\/\/pubeurope.com\/@fr\/115135167034771616","error":""},"_links":{"self":[{"href":"https:\/\/www.europesays.com\/fr\/wp-json\/wp\/v2\/posts\/360947","targetHints":{"allow":["GET"]}}],"collection":[{"href":"https:\/\/www.europesays.com\/fr\/wp-json\/wp\/v2\/posts"}],"about":[{"href":"https:\/\/www.europesays.com\/fr\/wp-json\/wp\/v2\/types\/post"}],"author":[{"embeddable":true,"href":"https:\/\/www.europesays.com\/fr\/wp-json\/wp\/v2\/users\/2"}],"replies":[{"embeddable":true,"href":"https:\/\/www.europesays.com\/fr\/wp-json\/wp\/v2\/comments?post=360947"}],"version-history":[{"count":0,"href":"https:\/\/www.europesays.com\/fr\/wp-json\/wp\/v2\/posts\/360947\/revisions"}],"wp:featuredmedia":[{"embeddable":true,"href":"https:\/\/www.europesays.com\/fr\/wp-json\/wp\/v2\/media\/360948"}],"wp:attachment":[{"href":"https:\/\/www.europesays.com\/fr\/wp-json\/wp\/v2\/media?parent=360947"}],"wp:term":[{"taxonomy":"category","embeddable":true,"href":"https:\/\/www.europesays.com\/fr\/wp-json\/wp\/v2\/categories?post=360947"},{"taxonomy":"post_tag","embeddable":true,"href":"https:\/\/www.europesays.com\/fr\/wp-json\/wp\/v2\/tags?post=360947"}],"curies":[{"name":"wp","href":"https:\/\/api.w.org\/{rel}","templated":true}]}}