{"id":360957,"date":"2025-09-02T14:33:11","date_gmt":"2025-09-02T14:33:11","guid":{"rendered":"https:\/\/www.europesays.com\/fr\/360957\/"},"modified":"2025-09-02T14:33:11","modified_gmt":"2025-09-02T14:33:11","slug":"joueur-le-plus-cher-la-folie-strasbourg-les-paris-du-paris-fc-10-questions-sur-le-mercato-de-la-ligue-1","status":"publish","type":"post","link":"https:\/\/www.europesays.com\/fr\/360957\/","title":{"rendered":"Joueur le plus cher, la folie Strasbourg, les paris du Paris FC&#8230; 10 questions sur le mercato de la Ligue\u00a01"},"content":{"rendered":"<p>Quel club a le plus d\u00e9pens\u00e9 cet \u00e9t\u00e9\u00a0? Lequel a le plus vendu\u00a0? Quel bilan pour l\u2019OL dont les comptes \u00e9taient dans le rouge il y a deux mois\u00a0? On fait le point sur le mercato du championnat de France.<\/p>\n<p>Combien les clubs de Ligue\u00a01 ont-ils d\u00e9pens\u00e9 cet \u00e9t\u00e9\u00a0?<\/p>\n<p class=\"fig-paragraph\">Selon le site sp\u00e9cialis\u00e9 Transfermarkt, les dix-huit clubs de Ligue\u00a01 ont achet\u00e9 pour 661 millions d\u2019euros au total. C\u2019est un peu moins que le championnat d\u2019Espagne (684\u00a0M) et nettement moins que ceux d\u2019Allemagne (855\u00a0M), d\u2019Italie (1,1\u00a0Mda) et bien s\u00fbr d\u2019Angleterre (3,5\u00a0Mda).<\/p>\n<p>Est-ce un record\u00a0?<\/p>\n<p class=\"fig-paragraph\">Non, on en est m\u00eame loin. C\u2019est moins qu\u2019\u00e0 l\u2019\u00e9t\u00e9 2024 (741\u00a0M) et surtout qu\u2019\u00e0 l\u2019\u00e9t\u00e9 2023, o\u00f9 la Ligue\u00a01 avait l\u00e2ch\u00e9 912 M\u20ac sur des joueurs. \u00c0 lui seul, le PSG comptait pour 349,5\u00a0M\u20ac d\u2019achats, soit 38% du total. Le chiffre du mercato pass\u00e9 confirme l\u2019id\u00e9e selon laquelle le championnat de France,\u00a0<a href=\"http:\/\/www.lefigaro.fr\/sports\/football\/ligue-1\/droits-tv-en-conflit-avec-son-diffuseur-dazn-la-ligue-1-au-bord-du-gouffre-20250425\" data-fig-type=\"Article\" data-gtm-custom-categorie=\"navigation\" data-gtm-custom-action=\"crossclick\" data-gtm-custom-label=\"Contextuel\" data-gtm-event=\"customEventSPE\" data-fig-domain=\"LEFIGARO\" target=\"_blank\" rel=\"noopener\">impact\u00e9 par la crise des droits TV<\/a>, doit se serrer la ceinture.<\/p>\n<p>                                    <a class=\"fig-a11y-skip a11y-hidden\" href=\"#fig-a11y-skip-main-inarticle\"><br \/>\n        Passer la publicit\u00e9<br \/>\n    <\/a><\/p>\n<p>Quel est le transfert le plus cher\u00a0?<\/p>\n<p class=\"fig-paragraph\">La palme revient logiquement \u00e0 un joueur du Paris Saint-Germain, en l\u2019occurrence Ilya Zabarnyi. Le d\u00e9fenseur ukrainien a \u00e9t\u00e9\u00a0<a href=\"http:\/\/www.lefigaro.fr\/sports\/football\/transferts\/mercato-precocite-whitney-houston-defenseur-complet-guerre-en-ukraine-qui-est-illya-zabarnyi-attendu-au-psg-20250811\" data-fig-type=\"NewsFlash\" data-gtm-custom-categorie=\"navigation\" data-gtm-custom-action=\"crossclick\" data-gtm-custom-label=\"Contextuel\" data-gtm-event=\"customEventSPE\" data-fig-domain=\"LEFIGARO\" target=\"_blank\" rel=\"noopener\">arrach\u00e9 \u00e0 Bournemouth pour 63 M\u20ac<\/a>. Son dauphin est&#8230; l\u2019autre recrue parisienne, le gardien Lucas Chevalier, que Lille a vendu pour 40\u00a0M\u20ac. L\u2019ailier br\u00e9silien Igor Paix\u00e3o, pour qui Marseille a vers\u00e9 30\u00a0M\u20ac au Feyenoord Rotterdam, compl\u00e8te le podium.<\/p>\n<p class=\"fig-paragraph\"><strong>\u00c0 VOIR AUSSI \u2013 <\/strong>Tous les buts de Toulouse-PSG dont les deux retourn\u00e9s acrobatiques de Jo\u00e3o Neves (3-6)<\/p>\n<p>Quel club a le plus d\u00e9pens\u00e9\u00a0?<\/p>\n<p class=\"fig-paragraph\">Pour la premi\u00e8re fois depuis 2020, le PSG n\u2019est pas le club le plus d\u00e9pensier de Ligue\u00a01 sur un mercato estival. Strasbourg a d\u00e9bours\u00e9 127,5\u00a0M\u20ac \u00e0 travers douze joueurs, sans compter quatre arriv\u00e9es en pr\u00eat et deux qui \u00e9taient libres de tout contrat.<\/p>\n<p>Quel club a le plus vendu\u00a0?<\/p>\n<p class=\"fig-paragraph\">Plusieurs clubs ont profit\u00e9 du mercato pour renflouer leurs caisses, mais personne ne l\u2019a davantage fait que l\u2019AS Monaco. Le club du Rocher a vendu pour 116,5\u00a0M\u20ac en cumul\u00e9. Lille, Nice et Lyon ont aussi franchi la barre des 100 millions. L\u2019ensemble des \u00e9curies de L1 ont vendu pour un milliard d\u2019euros.<\/p>\n<p>Comment expliquer la furia strasbourgeoise\u00a0?<\/p>\n<p class=\"fig-paragraph\">Avec dix-huit recrues, Strasbourg a sign\u00e9 un mercato sans pr\u00e9c\u00e9dent. Le club alsacien, qualifi\u00e9 pour la Ligue Conf\u00e9rence apr\u00e8s une belle saison (7e), le doit \u00e0 son propri\u00e9taire, BlueCo. Le consortium, dont fait partie le milliardaire am\u00e9ricain Todd Boehly, d\u00e9tient aussi Chelsea en Angleterre.<\/p>\n<p>    De gauche \u00e0 droite, F\u00e9lix Lemar\u00e9chal et trois recrues estivales de Strasbourg\u00a0: Joaquin Panichelli, Valentin Barco et Kendry Paez.<br \/>\n                Icon Sport \/ Icon Sport<\/p>\n<p>                                    <a class=\"fig-a11y-skip a11y-hidden\" href=\"#fig-a11y-skip-main-inarticle_mtf\"><br \/>\n        Passer la publicit\u00e9<br \/>\n    <\/a><\/p>\n<p class=\"fig-paragraph\">On constate ainsi que les Blues ont vendu deux joueurs au Racing (Mathis Amougou et Ish\u00e9 Samuels-Smith), en ont pr\u00eat\u00e9 trois (Mamadou Sarr, Kendry Paez et Mike Penders) et ont r\u00e9sili\u00e9 le contrat de Ben Chilwell pour qu\u2019il parte en Alsace. Sa plus grosse recrue est Julio Enciso, milieu offensif paraguayen achet\u00e9 18,5\u00a0M\u20ac \u00e0 Brighton.<\/p>\n<p>Des clubs sont-ils rest\u00e9s \u00e0 z\u00e9ro euro de d\u00e9pense\u00a0?<\/p>\n<p class=\"fig-paragraph\">Oui, ils sont deux. Le Havre a, comme presque \u00e0 chaque fois, op\u00e9r\u00e9 sans acheter. \u00abSur les sept derniers mercatos, six fois nous avons d\u00e9pens\u00e9 z\u00e9ro\u00bb,\u00a0<a href=\"http:\/\/www.lefigaro.fr\/sports\/football\/ligue-1\/comptes-dans-le-rouge-recrutement-a-zero-euro-comment-les-clubs-de-ligue-1-font-face-a-la-crise-20250810\" data-fig-type=\"Article\" data-gtm-custom-categorie=\"navigation\" data-gtm-custom-action=\"crossclick\" data-gtm-custom-label=\"Contextuel\" data-gtm-event=\"customEventSPE\" data-fig-domain=\"LEFIGARO\" target=\"_blank\" rel=\"noopener\">rappelait au Figaro le directeur sportif Mathieu Bodmer<\/a>\u00a0cet \u00e9t\u00e9. Angers, dont la DNCG avait d\u00e9cid\u00e9 d\u2019un encadrement de la masse salariale et des indemnit\u00e9s en juin dernier, n\u2019a m\u00eame pas r\u00e9ussi \u00e0 faire valider le pr\u00eat de R\u00e9my Labeau-Lascary (Lens). Pour ces clubs, les pr\u00eats ou les joueurs libres sont des solutions prioris\u00e9es.<\/p>\n<p>Quel bilan pour le Paris FC de la famille Arnault\u00a0?<\/p>\n<p class=\"fig-paragraph\">Il \u00e9tait attendu et n\u2019a pas d\u00e9\u00e7u. Le Paris FC,\u00a0<a href=\"http:\/\/www.lefigaro.fr\/sports\/football\/ligue-1\/arnault-niel-mulliez-pinault-pourquoi-les-milliardaires-francais-se-prennent-de-passion-pour-le-football-20250811\" data-fig-type=\"Article\" data-gtm-custom-categorie=\"navigation\" data-gtm-custom-action=\"crossclick\" data-gtm-custom-label=\"Contextuel\" data-gtm-event=\"customEventSPE\" data-fig-domain=\"LEFIGARO\" target=\"_blank\" rel=\"noopener\">d\u00e9sormais propri\u00e9t\u00e9 de la famille Arnault<\/a>\u00a0(deuxi\u00e8me fortune de France estim\u00e9e \u00e0 116,7\u00a0Mda d\u2019euros par Challenge en juillet dernier), a f\u00eat\u00e9 son retour en Ligue\u00a01 \u00e0 coups de ch\u00e8ques \u00e0 sept ou huit chiffres. Les 17\u00a0M\u20ac envoy\u00e9s sur le d\u00e9fenseur br\u00e9silien Otavio (Porto) en d\u00e9but de mercato avaient donn\u00e9 le ton.<\/p>\n<p class=\"fig-paragraph\">Niveau clinquant, ol y a aussi eu\u00a0<a href=\"http:\/\/www.lefigaro.fr\/sports\/football\/ligue-1\/famille-arnault-klopp-statut-mannequinat-les-premiers-mots-de-kevin-trapp-au-paris-fc-20250831\" data-fig-type=\"NewsFlash\" data-gtm-custom-categorie=\"navigation\" data-gtm-custom-action=\"crossclick\" data-gtm-custom-label=\"Contextuel\" data-gtm-event=\"customEventSPE\" data-fig-domain=\"LEFIGARO\" target=\"_blank\" rel=\"noopener\">Kevin Trapp<\/a>, ancien gardien du PSG, Moses Simon, ailier p\u00e9tillant et star du FC Nantes, Pierre Lees-Melou, plaque tournante du Stade Brestois qui a disput\u00e9 la Ligue des champions, ou encore lundi le retour en Ligue\u00a01 de Jonathan Ikon\u00e9, international fran\u00e7ais \u00e0 la relance. Le PFC a d\u00e9croch\u00e9 sa premi\u00e8re victoire de la saison dimanche en dominant Metz (3-2) pour\u00a0<a href=\"http:\/\/www.lefigaro.fr\/flash-sport\/jean-bouin-c-est-1000-fois-mieux-que-charlety-comment-le-paris-fc-a-lance-son-operation-seduction-20250831\" data-fig-type=\"NewsFlash\" data-gtm-custom-categorie=\"navigation\" data-gtm-custom-action=\"crossclick\" data-gtm-custom-label=\"Contextuel\" data-gtm-event=\"customEventSPE\" data-fig-domain=\"LEFIGARO\" target=\"_blank\" rel=\"noopener\">ses grands d\u00e9buts dans sa nouvelle maison, le stade Jean-Bouin<\/a>.<\/p>\n<p>    Pierre Lees-Melou a quitt\u00e9 le Stade Brestois pour le Paris FC cet \u00e9t\u00e9.<br \/>\n                FEP \/ Icon Sport<\/p>\n<p>\u00c0 deux doigts d\u2019\u00eatre r\u00e9trograd\u00e9, comment s\u2019en est sorti Lyon\u00a0?<\/p>\n<p class=\"fig-paragraph\">Le 24 juin dernier, la DNCG\u00a0<a href=\"http:\/\/www.lefigaro.fr\/sports\/football\/ligue-1\/l-ol-retrograde-en-ligue-2-textor-appel-precedents-cinq-questions-pour-tout-comprendre-20250625\" data-fig-type=\"NewsFlash\" data-gtm-custom-categorie=\"navigation\" data-gtm-custom-action=\"crossclick\" data-gtm-custom-label=\"Contextuel\" data-gtm-event=\"customEventSPE\" data-fig-domain=\"LEFIGARO\" target=\"_blank\" rel=\"noopener\">d\u00e9clarait la r\u00e9trogradation de l\u2019Olympique Lyonnais en Ligue 2<\/a>. Le 9 juillet, le club se sauvait en appel, mais devait vivre avec un encadrement de la masse salariale et de ses indemnit\u00e9s de transfert. D\u00e9sormais pr\u00e9sid\u00e9 par Michele Kang, l\u2019OL a vendu massivement (Cherki, Mikautadze, Perri, Benrahma&#8230;).<\/p>\n<p>                                    <a class=\"fig-a11y-skip a11y-hidden\" href=\"#fig-a11y-skip-main-inarticle_btf\"><br \/>\n        Passer la publicit\u00e9<br \/>\n    <\/a><\/p>\n<p class=\"fig-paragraph\">Il s\u2019est aussi d\u00e9charg\u00e9 de gros salaires (Matic, Lacazette&#8230;), s\u2019offrant ainsi la possibilit\u00e9 de recruter. 105\u00a0M\u20ac de vente pour 36,5\u00a0M\u20ac de d\u00e9pens\u00e9s, la balance est honn\u00eate. Le milieu anglais Tyler Morton (ex-Liverpool) a des allures de bonne pioche. L\u2019OL a commenc\u00e9 sa saison sur les chapeaux de roues (3 matches, 3 victoires), une n\u00e9cessit\u00e9 s\u2019il veut \u00e0 nouveau finir dans le top\u00a06 de L1, car son effectif n\u2019en a pas forc\u00e9ment le niveau sur le papier.<\/p>\n<p>Combien de champions du monde fran\u00e7ais \u00e9voluent en L1\u00a0?<\/p>\n<p class=\"fig-paragraph\">Elle en compte neuf pour l\u2019instant, dont un qui risque de ne pas faire long feu. Presnel Kimpembe, qui a encore un an de contrat au PSG, est en n\u00e9gociations avanc\u00e9es avec un club qatari d\u2019apr\u00e8s\u00a0<a href=\"https:\/\/www.lequipe.fr\/Football\/Actualites\/Presnel-kimpembe-bientot-au-qatar\/1589505\" target=\"_blank\" rel=\"sponsored noopener\" data-gtm-custom-categorie=\"navigation\" data-gtm-custom-action=\"crossclick\" data-gtm-custom-label=\"Contextuel\" data-gtm-event=\"customEventSPE\">L\u2019\u00c9quipe<\/a> . Le mercato est ouvert jusqu\u2019au 16 septembre dans le pays du Golfe.<\/p>\n<p class=\"fig-paragraph\">Les autres champions du monde 2018 sont Djibril Sidib\u00e9 (Toulouse), Paul Pogba (Monaco), Corentin Tolisso (Lyon), Florian Thauvin (Lens), Benjamin Pavard (Marseille), Lucas Hernandez (Paris SG), Ousmane Demb\u00e9l\u00e9 (Paris SG) et Olivier Giroud (Lille). Pogba, Thauvin, Pavard et Giroud ont grossi les rangs de leurs copains d\u2019aventure du Mondial russe cet \u00e9t\u00e9.<\/p>\n<p>    <a href=\"https:\/\/photo.lefigaro.fr\/sports\/football\/transferts\/isak-ekitike-osimhen-en-images-les-10-joueurs-les-plus-chers-du-mercato-d-ete-2025-20250902\" target=\"_blank\" rel=\"noopener\"><\/p>\n<p class=\"fig-slideshow__title\">\n                    Isak, Ekitike, Osimhen&#8230; En images, les 10 joueurs les plus chers du mercato d\u2019\u00e9t\u00e9 2025\n                <\/p>\n<p>Acc\u00e9der au diaporama (10)<\/p>\n<p>    <\/a><\/p>\n","protected":false},"excerpt":{"rendered":"Quel club a le plus d\u00e9pens\u00e9 cet \u00e9t\u00e9\u00a0? Lequel a le plus vendu\u00a0? Quel bilan pour l\u2019OL dont&hellip;\n","protected":false},"author":2,"featured_media":360958,"comment_status":"","ping_status":"","sticky":false,"template":"","format":"standard","meta":{"footnotes":""},"categories":[2820],"tags":[1111,11,1777,674,1011,27,775,12,445,4448,25,640],"class_list":{"0":"post-360957","1":"post","2":"type-post","3":"status-publish","4":"format-standard","5":"has-post-thumbnail","7":"category-strasbourg","8":"tag-actu","9":"tag-actualites","10":"tag-eu","11":"tag-europe","12":"tag-fr","13":"tag-france","14":"tag-grand-est","15":"tag-news","16":"tag-paris-fc","17":"tag-rc-strasbourg","18":"tag-republique-francaise","19":"tag-strasbourg"},"share_on_mastodon":{"url":"https:\/\/pubeurope.com\/@fr\/115135198280907678","error":""},"_links":{"self":[{"href":"https:\/\/www.europesays.com\/fr\/wp-json\/wp\/v2\/posts\/360957","targetHints":{"allow":["GET"]}}],"collection":[{"href":"https:\/\/www.europesays.com\/fr\/wp-json\/wp\/v2\/posts"}],"about":[{"href":"https:\/\/www.europesays.com\/fr\/wp-json\/wp\/v2\/types\/post"}],"author":[{"embeddable":true,"href":"https:\/\/www.europesays.com\/fr\/wp-json\/wp\/v2\/users\/2"}],"replies":[{"embeddable":true,"href":"https:\/\/www.europesays.com\/fr\/wp-json\/wp\/v2\/comments?post=360957"}],"version-history":[{"count":0,"href":"https:\/\/www.europesays.com\/fr\/wp-json\/wp\/v2\/posts\/360957\/revisions"}],"wp:featuredmedia":[{"embeddable":true,"href":"https:\/\/www.europesays.com\/fr\/wp-json\/wp\/v2\/media\/360958"}],"wp:attachment":[{"href":"https:\/\/www.europesays.com\/fr\/wp-json\/wp\/v2\/media?parent=360957"}],"wp:term":[{"taxonomy":"category","embeddable":true,"href":"https:\/\/www.europesays.com\/fr\/wp-json\/wp\/v2\/categories?post=360957"},{"taxonomy":"post_tag","embeddable":true,"href":"https:\/\/www.europesays.com\/fr\/wp-json\/wp\/v2\/tags?post=360957"}],"curies":[{"name":"wp","href":"https:\/\/api.w.org\/{rel}","templated":true}]}}