{"id":360959,"date":"2025-09-02T14:34:20","date_gmt":"2025-09-02T14:34:20","guid":{"rendered":"https:\/\/www.europesays.com\/fr\/360959\/"},"modified":"2025-09-02T14:34:20","modified_gmt":"2025-09-02T14:34:20","slug":"lassociation-nice-coeur-notre-dame-organise-un-grand-vide-grenier-convivial","status":"publish","type":"post","link":"https:\/\/www.europesays.com\/fr\/360959\/","title":{"rendered":"L\u2019association Nice C\u0153ur Notre-Dame organise un grand vide-grenier convivial (\u2026)"},"content":{"rendered":"<p>                    <img loading=\"lazy\" decoding=\"async\" src=\"https:\/\/www.europesays.com\/fr\/wp-content\/uploads\/2025\/09\/5a18cb52296349cdfcd7f8a3fecacd.jpg\" class=\"img-responsive post-image\" width=\"680\" height=\"510\" alt=\"L'association Nice C\u0153ur\" title=\"L'association Nice C\u0153ur Notre-Dame organise un grand vide-grenier convivial le 27 septembre\"\/><\/p>\n<p class=\"chapo\">L\u2019association Nice C\u0153ur Notre-Dame invite les habitants \u00e0 participer \u00e0 un vide-grenier qui se tiendra le samedi 27 septembre 2025, de 7 h \u00e0 17 h, en plein centre-ville.<\/p>\n<p>                    Une journ\u00e9e de partage et de bonnes affaires<\/p>\n<p>Ouvert exclusivement aux particuliers, ce rendez-vous a pour objectif de favoriser la convivialit\u00e9 et la solidarit\u00e9 tout en encourageant le r\u00e9emploi. Les visiteurs pourront chiner parmi une grande vari\u00e9t\u00e9 d\u2019objets, tandis que les exposants auront l\u2019occasion de donner une seconde vie \u00e0 ce dont ils n\u2019ont plus l\u2019usage.<\/p>\n<p>Une animation musicale au programme<\/p>\n<p>L\u2019ambiance sera \u00e9galement assur\u00e9e par des animations musicales tout au long de la journ\u00e9e. Le point d\u2019orgue est pr\u00e9vu \u00e0 15 h avec la prestation de <strong>Romane,<\/strong> jeune chanteuse r\u00e9v\u00e9l\u00e9e lors de la saison 10 de The Voice sur TF1. D\u00e9j\u00e0 remarqu\u00e9e pour avoir interpr\u00e9t\u00e9 des titres lors d\u2019\u00e9v\u00e9nements de l\u2019UNICEF et pour avoir \u00e9t\u00e9 invit\u00e9e \u00e0 l\u2019Accor Arena par Slimane, l\u2019artiste viendra pr\u00eater sa voix \u00e0 cette manifestation locale.<br class=\"autobr\"\/><br \/>\nPar ailleurs, l\u2019association profitera de l\u2019\u00e9v\u00e9nement pour pr\u00e9senter en avant-premi\u00e8re son hymne officiel, diffus\u00e9 publiquement pour la premi\u00e8re fois.<\/p>\n<p>Inscriptions ouvertes<\/p>\n<p>Les habitants souhaitant r\u00e9server un stand peuvent d\u00e8s \u00e0 pr\u00e9sent s\u2019inscrire en ligne via la <a href=\"https:\/\/www.helloasso.com\/associations\/nice-coeur-notre-dame\/evenements\/vide-grenier-27-septembre-2025\" class=\"spip_out\" rel=\"external nofollow noopener\" target=\"_blank\">plateforme HelloAsso<\/a>. L\u2019inscription permet de participer en tant qu\u2019exposant et de contribuer \u00e0 cette journ\u00e9e plac\u00e9e sous le signe de la convivialit\u00e9 et du partage.<\/p>\n<p>\t\t<img loading=\"lazy\" decoding=\"async\" src=\"https:\/\/www.europesays.com\/fr\/wp-content\/uploads\/2025\/09\/img_0459.jpg\" width=\"546\" height=\"786\" alt=\"\"\/><\/p>\n<p><strong>Christophe Pinna, parrain officiel de l\u2019association NCND <\/strong><\/p>\n<p>Christophe Pinna champion du monde de karat\u00e9, l\u00e9gende du sport et v\u00e9ritable mod\u00e8le de d\u00e9termination, a accept\u00e9 de devenir le parrain officiel de l\u2019association NCND. Sportif d\u2019exception, reconnu pour son palmar\u00e8s impressionnant, il a \u00e9galement marqu\u00e9 le grand public en devenant professeur de sport dans l\u2019\u00e9mission culte de TF1, la Star Academy.  Au-del\u00e0 des tatamis et des plateaux de t\u00e9l\u00e9vision, Christophe Pinna incarne des valeurs fortes\u00a0: humilit\u00e9, excellence, solidarit\u00e9 et d\u00e9passement de soi. Des valeurs qui r\u00e9sonnent profond\u00e9ment avec la mission de NCND\u00a0: accompagner, inspirer et rassembler autour de projets porteurs de sens et d\u2019espoir.<\/p>\n","protected":false},"excerpt":{"rendered":"L\u2019association Nice C\u0153ur Notre-Dame invite les habitants \u00e0 participer \u00e0 un vide-grenier qui se tiendra le samedi 27&hellip;\n","protected":false},"author":2,"featured_media":360960,"comment_status":"","ping_status":"","sticky":false,"template":"","format":"standard","meta":{"footnotes":""},"categories":[2819],"tags":[1111,11,2408,1777,674,1011,27,12,2401,882,25],"class_list":{"0":"post-360959","1":"post","2":"type-post","3":"status-publish","4":"format-standard","5":"has-post-thumbnail","7":"category-nice","8":"tag-actu","9":"tag-actualites","10":"tag-appels-d","11":"tag-eu","12":"tag-europe","13":"tag-fr","14":"tag-france","15":"tag-news","16":"tag-nice","17":"tag-provence-alpes-cote-dazur","18":"tag-republique-francaise"},"share_on_mastodon":{"url":"https:\/\/pubeurope.com\/@fr\/115135202646575163","error":""},"_links":{"self":[{"href":"https:\/\/www.europesays.com\/fr\/wp-json\/wp\/v2\/posts\/360959","targetHints":{"allow":["GET"]}}],"collection":[{"href":"https:\/\/www.europesays.com\/fr\/wp-json\/wp\/v2\/posts"}],"about":[{"href":"https:\/\/www.europesays.com\/fr\/wp-json\/wp\/v2\/types\/post"}],"author":[{"embeddable":true,"href":"https:\/\/www.europesays.com\/fr\/wp-json\/wp\/v2\/users\/2"}],"replies":[{"embeddable":true,"href":"https:\/\/www.europesays.com\/fr\/wp-json\/wp\/v2\/comments?post=360959"}],"version-history":[{"count":0,"href":"https:\/\/www.europesays.com\/fr\/wp-json\/wp\/v2\/posts\/360959\/revisions"}],"wp:featuredmedia":[{"embeddable":true,"href":"https:\/\/www.europesays.com\/fr\/wp-json\/wp\/v2\/media\/360960"}],"wp:attachment":[{"href":"https:\/\/www.europesays.com\/fr\/wp-json\/wp\/v2\/media?parent=360959"}],"wp:term":[{"taxonomy":"category","embeddable":true,"href":"https:\/\/www.europesays.com\/fr\/wp-json\/wp\/v2\/categories?post=360959"},{"taxonomy":"post_tag","embeddable":true,"href":"https:\/\/www.europesays.com\/fr\/wp-json\/wp\/v2\/tags?post=360959"}],"curies":[{"name":"wp","href":"https:\/\/api.w.org\/{rel}","templated":true}]}}