{"id":360961,"date":"2025-09-02T14:35:09","date_gmt":"2025-09-02T14:35:09","guid":{"rendered":"https:\/\/www.europesays.com\/fr\/360961\/"},"modified":"2025-09-02T14:35:09","modified_gmt":"2025-09-02T14:35:09","slug":"nice-ce-quartier-entierement-boucle-par-la-police-un-colis-suspect-decouvert","status":"publish","type":"post","link":"https:\/\/www.europesays.com\/fr\/360961\/","title":{"rendered":"Nice. Ce quartier enti\u00e8rement boucl\u00e9 par la police, un colis suspect d\u00e9couvert"},"content":{"rendered":"<p>            Par<br \/>\n        <strong><br \/>\n            <a href=\"https:\/\/actu.fr\/auteur\/manon-reinhardt\" title=\"Consulter tous les articles de Manon Reinhardt\" rel=\"nofollow noopener\" target=\"_blank\">Manon Reinhardt<\/a><br \/>\n        <\/strong><\/p>\n<p>        Publi\u00e9 le<\/p>\n<p>            2 sept. 2025 \u00e0 16h26        <\/p>\n<p>Le quartier Lib\u00e9ration \u00e0 <a href=\"https:\/\/actu.fr\/provence-alpes-cote-d-azur\/nice_06088\" rel=\"nofollow noopener\" target=\"_blank\">Nice<\/a> (<a href=\"https:\/\/actu.fr\/provence-alpes-cote-d-azur\/alpes-maritimes_06\" rel=\"nofollow noopener\" target=\"_blank\">Alpes-Maritimes<\/a>) est boucl\u00e9 depuis environ une heure ce mardi apr\u00e8s-midi apr\u00e8s <strong>la d\u00e9couverte d\u2019un \u00ab\u2009colis suspect\u2009\u00bb<\/strong>, apprend actu Nice de la police nationale. Les d\u00e9mineurs sont en chemin et des perturbations sont \u00e0 pr\u00e9voir sur la ligne 1 de tramway qui circule en service partiel.<\/p>\n<p>Les d\u00e9mineurs vont intervenir<\/p>\n<p class=\" wall-content\">La rubalise a \u00e9t\u00e9 install\u00e9e au niveau de la place du G\u00e9n\u00e9ral de Gaulle, \u00e0 Lib\u00e9ration. En effet, un colis suspect a \u00e9t\u00e9 d\u00e9couvert et le quartier est enti\u00e8rement boucl\u00e9 par les forces de l\u2019ordre depuis plus d\u2019une heure, confirme la police nationale \u00e0 actu Nice. Un p\u00e9rim\u00e8tre de s\u00e9curit\u00e9 a \u00e9t\u00e9 \u00e9tabli.<\/p>\n<p>    <a href=\"https:\/\/www.google.com\/maps\/embed?pb=!1m18!1m12!1m3!1d2884.0156974223396!2d7.259355476533068!3d43.71022284874037!2m3!1f0!2f0!3f0!3m2!1i1024!2i768!4f13.1!3m3!1m2!1s0x12cdd0011a973eb1%3A0xec4ac690c5e65bae!2sPl.%20du%20G%C3%A9n%C3%A9ral%20de%20Gaulle%2C%20Nice!5e0!3m2!1sfr!2sfr!4v1756822895864!5m2!1sfr!2sfr\" title=\"Ouvrie le lien\" rel=\"nofollow noopener\" target=\"_blank\">Cliquez ici pour visualiser le contenu<\/a><\/p>\n<p class=\" wall-content\">Il s\u2019agirait d\u2019un bagage abandonn\u00e9. Les d\u00e9mineurs devraient intervenir rapidement afin de s\u2019assurer que le colis ne contienne pas de mati\u00e8res dangereuses.<\/p>\n<p class=\" wall-content\">En attendant, le trafic sur la ligne 1 est fortement perturb\u00e9. <strong>Les tramways circulent en service partiel<\/strong> entre les stations Henri Sappia et Gorbella et entre Gare Tiers et H\u00f4pital Pasteur. Les arr\u00eats Borriglione, Lib\u00e9ration et Gare Thiers ne sont pour l\u2019instant plus desservis.<\/p>\n<p class=\" wall-content\">Personnalisez votre actualit\u00e9 en ajoutant vos villes et m\u00e9dias en favori avec <a href=\"https:\/\/moncompte.actu.fr\" title=\"D\u00e9couvez Mon Actu\" rel=\"nofollow noopener\" data-trk=\"{&quot;cta&quot;:{&quot;action&quot;:&quot;https:\\\/\\\/moncompte.actu.fr&quot;,&quot;category&quot;:&quot;mon compte&quot;,&quot;from&quot;:&quot;article footer&quot;,&quot;name&quot;:&quot;Mon actu&quot;,&quot;type&quot;:&quot;cta&quot;}}\" target=\"_blank\">Mon Actu<\/a>.<\/p>\n","protected":false},"excerpt":{"rendered":"Par Manon Reinhardt Publi\u00e9 le 2 sept. 2025 \u00e0 16h26 Le quartier Lib\u00e9ration \u00e0 Nice (Alpes-Maritimes) est boucl\u00e9&hellip;\n","protected":false},"author":2,"featured_media":360962,"comment_status":"","ping_status":"","sticky":false,"template":"","format":"standard","meta":{"footnotes":""},"categories":[2819],"tags":[1111,11,1777,674,118,1011,27,14554,12,2401,1072,882,25],"class_list":{"0":"post-360961","1":"post","2":"type-post","3":"status-publish","4":"format-standard","5":"has-post-thumbnail","7":"category-nice","8":"tag-actu","9":"tag-actualites","10":"tag-eu","11":"tag-europe","12":"tag-faits-divers","13":"tag-fr","14":"tag-france","15":"tag-lignes-dazur","16":"tag-news","17":"tag-nice","18":"tag-police","19":"tag-provence-alpes-cote-dazur","20":"tag-republique-francaise"},"share_on_mastodon":{"url":"https:\/\/pubeurope.com\/@fr\/115135206117698224","error":""},"_links":{"self":[{"href":"https:\/\/www.europesays.com\/fr\/wp-json\/wp\/v2\/posts\/360961","targetHints":{"allow":["GET"]}}],"collection":[{"href":"https:\/\/www.europesays.com\/fr\/wp-json\/wp\/v2\/posts"}],"about":[{"href":"https:\/\/www.europesays.com\/fr\/wp-json\/wp\/v2\/types\/post"}],"author":[{"embeddable":true,"href":"https:\/\/www.europesays.com\/fr\/wp-json\/wp\/v2\/users\/2"}],"replies":[{"embeddable":true,"href":"https:\/\/www.europesays.com\/fr\/wp-json\/wp\/v2\/comments?post=360961"}],"version-history":[{"count":0,"href":"https:\/\/www.europesays.com\/fr\/wp-json\/wp\/v2\/posts\/360961\/revisions"}],"wp:featuredmedia":[{"embeddable":true,"href":"https:\/\/www.europesays.com\/fr\/wp-json\/wp\/v2\/media\/360962"}],"wp:attachment":[{"href":"https:\/\/www.europesays.com\/fr\/wp-json\/wp\/v2\/media?parent=360961"}],"wp:term":[{"taxonomy":"category","embeddable":true,"href":"https:\/\/www.europesays.com\/fr\/wp-json\/wp\/v2\/categories?post=360961"},{"taxonomy":"post_tag","embeddable":true,"href":"https:\/\/www.europesays.com\/fr\/wp-json\/wp\/v2\/tags?post=360961"}],"curies":[{"name":"wp","href":"https:\/\/api.w.org\/{rel}","templated":true}]}}