{"id":360965,"date":"2025-09-02T14:37:11","date_gmt":"2025-09-02T14:37:11","guid":{"rendered":"https:\/\/www.europesays.com\/fr\/360965\/"},"modified":"2025-09-02T14:37:11","modified_gmt":"2025-09-02T14:37:11","slug":"palestine-3-septembre-a-18h-place-du-change-a-nantes-appel-a-rassemblement-fsu-loire-atlantique","status":"publish","type":"post","link":"https:\/\/www.europesays.com\/fr\/360965\/","title":{"rendered":"Palestine &#8211; 3 septembre \u00e0 18h Place du Change \u00e0 Nantes : APPEL \u00e0 rassemblement &#8211; FSU Loire-Atlantique"},"content":{"rendered":"<p><strong>Pour information, message de l\u2019AFPS 44 pour les adh\u00e9rent\u00b7es des SN, et les r\u00e9seaux militants<\/strong><\/p>\n<p>Le secr\u00e9taire g\u00e9n\u00e9ral de l\u2019ONU, le 28 ao\u00fbt, d\u00e9clare d\u00e9plorer un \u00ab\u00a0catalogue d\u2019horreurs sans fin \u00a0\u00bb \u00e0 Gaza.<\/p>\n<p>\nAvec les associations de la Plateforme44\/Palestine :<\/p>\n<p>\n<strong>APPEL \u00e0 rassemblement<\/strong><\/p>\n<p>\n<strong>MERCREDI 3 sept \u00e0 18 h ( et non 17h attention ! ) <\/strong><\/p>\n<p><strong>Place du Change \u00e0 Nantes<\/strong><\/p>\n<p><strong>Famine \u00e0 Gaza : on apporte des casseroles<\/strong><br \/><strong>Assassinats cibl\u00e9s ou indiff\u00e9renci\u00e9s : on porte des v\u00eatements rouges<\/strong><br \/><strong>Boycottons Isra\u00ebl, imposons des sanctions !<\/strong><\/p>\n<p>le bureau de l\u2019AFPS44<\/p>\n","protected":false},"excerpt":{"rendered":"Pour information, message de l\u2019AFPS 44 pour les adh\u00e9rent\u00b7es des SN, et les r\u00e9seaux militants Le secr\u00e9taire g\u00e9n\u00e9ral&hellip;\n","protected":false},"author":2,"featured_media":360966,"comment_status":"","ping_status":"","sticky":false,"template":"","format":"standard","meta":{"footnotes":""},"categories":[2818],"tags":[15033,1111,11,1777,674,1011,27,49637,766,12,3518,2636,25],"class_list":{"0":"post-360965","1":"post","2":"type-post","3":"status-publish","4":"format-standard","5":"has-post-thumbnail","7":"category-nantes","8":"tag-actions","9":"tag-actu","10":"tag-actualites","11":"tag-eu","12":"tag-europe","13":"tag-fr","14":"tag-france","15":"tag-mobilistation","16":"tag-nantes","17":"tag-news","18":"tag-palestine","19":"tag-pays-de-la-loire","20":"tag-republique-francaise"},"share_on_mastodon":{"url":"https:\/\/pubeurope.com\/@fr\/115135214200998983","error":""},"_links":{"self":[{"href":"https:\/\/www.europesays.com\/fr\/wp-json\/wp\/v2\/posts\/360965","targetHints":{"allow":["GET"]}}],"collection":[{"href":"https:\/\/www.europesays.com\/fr\/wp-json\/wp\/v2\/posts"}],"about":[{"href":"https:\/\/www.europesays.com\/fr\/wp-json\/wp\/v2\/types\/post"}],"author":[{"embeddable":true,"href":"https:\/\/www.europesays.com\/fr\/wp-json\/wp\/v2\/users\/2"}],"replies":[{"embeddable":true,"href":"https:\/\/www.europesays.com\/fr\/wp-json\/wp\/v2\/comments?post=360965"}],"version-history":[{"count":0,"href":"https:\/\/www.europesays.com\/fr\/wp-json\/wp\/v2\/posts\/360965\/revisions"}],"wp:featuredmedia":[{"embeddable":true,"href":"https:\/\/www.europesays.com\/fr\/wp-json\/wp\/v2\/media\/360966"}],"wp:attachment":[{"href":"https:\/\/www.europesays.com\/fr\/wp-json\/wp\/v2\/media?parent=360965"}],"wp:term":[{"taxonomy":"category","embeddable":true,"href":"https:\/\/www.europesays.com\/fr\/wp-json\/wp\/v2\/categories?post=360965"},{"taxonomy":"post_tag","embeddable":true,"href":"https:\/\/www.europesays.com\/fr\/wp-json\/wp\/v2\/tags?post=360965"}],"curies":[{"name":"wp","href":"https:\/\/api.w.org\/{rel}","templated":true}]}}