{"id":360967,"date":"2025-09-02T14:38:09","date_gmt":"2025-09-02T14:38:09","guid":{"rendered":"https:\/\/www.europesays.com\/fr\/360967\/"},"modified":"2025-09-02T14:38:09","modified_gmt":"2025-09-02T14:38:09","slug":"des-balades-urbaines-et-des-rencontres-a-la-decouverte-des-quartiers","status":"publish","type":"post","link":"https:\/\/www.europesays.com\/fr\/360967\/","title":{"rendered":"des balades urbaines et des rencontres \u00e0 la d\u00e9couverte des quartiers"},"content":{"rendered":"<p>C\u2019est la rentr\u00e9e pour l\u2019association l\u2019Alternative urbaine qui propose \u00e0 des demandeurs d\u2019emploi un parcours d\u2019insertion d\u2019un an, en partenariat avec ARE33, pour devenir \u00ab\u00a0\u00e9claireur\u00a0\u00bb et mener des balades urbaines, souvent hors des sentiers battus, \u00e0 destination du grand public ou des entreprises.<\/p>\n<p>Avec la reprise des balades, des quartiers comme les Capucins, Carle Vernet, la Bastide, Bacalan, le Grand Parc, Saint-Michel, ou encore Lormont, B\u00e8gles, le bas Cenon ou le bas Floirac, se font d\u00e9couvrir autrement. \u00c0 Belcier, l\u2019association m\u00e8ne depuis l\u2019an dernier un travail de m\u00e9moire et de r\u00e9colte de documents qui sera suivi d\u2019une exposition au mois de mars 2026 \u00e0 la biblioth\u00e8que Flora-Tristan\u00a0: les Caf\u00e9s Blabla\u00a0r\u00e9unissent une fois par mois les anciens du quartier. Outre l\u2019occasion de se rencontrer, ces Caf\u00e9s Blabla permettent d\u2019\u00e9changer sur l\u2019histoire du lieu et de rassembler photos, plans, factures, lettres, objets, et \u00e9galement des t\u00e9moignages qui seront ainsi conserv\u00e9s.<\/p>\n<p>Les prochains ateliers Caf\u00e9s Blabla ont lieu \u00e0 l\u2019\u00e9choppe senior Belcier, 45, rue de Son Tay, les mercredis 8\u00a0octobre, 12\u00a0novembre et 19\u00a0d\u00e9cembre de 9\u00a0h\u00a030 \u00e0 12\u00a0h\u00a030.<\/p>\n<p>    Pour les balades<br \/>\nL\u2019inscription se fait <a href=\"https:\/\/bordeaux.alternative-urbaine.com\/nos-balades-grand-public\/#cartesbalades\" target=\"_blank\" rel=\"nofollow noopener\">sur le site de l\u2019association<\/a>\u00a0: par exemple, Saint-Michel, \u00ab\u00a0d\u00e9ambulations secr\u00e8tes dans le ventre de Bordeaux\u00a0\u00bb (\u00e0 partir du 6\u00a0septembre), la Bastide \u00ab\u00a0une \u00e9pop\u00e9e de la rive droite\u00a0\u00bb (\u00e0 partir du 13\u00a0septembre) ou Carle Vernet \u00ab\u00a0Urbanisme fleurissant et culture rayonnante\u00a0\u00bb (\u00e0 partir du 20\u00a0septembre).<\/p>\n","protected":false},"excerpt":{"rendered":"C\u2019est la rentr\u00e9e pour l\u2019association l\u2019Alternative urbaine qui propose \u00e0 des demandeurs d\u2019emploi un parcours d\u2019insertion d\u2019un an,&hellip;\n","protected":false},"author":2,"featured_media":360968,"comment_status":"","ping_status":"","sticky":false,"template":"","format":"standard","meta":{"footnotes":""},"categories":[2817],"tags":[1111,11,1997,1777,674,1011,27,12,2219,25],"class_list":{"0":"post-360967","1":"post","2":"type-post","3":"status-publish","4":"format-standard","5":"has-post-thumbnail","7":"category-bordeaux","8":"tag-actu","9":"tag-actualites","10":"tag-bordeaux","11":"tag-eu","12":"tag-europe","13":"tag-fr","14":"tag-france","15":"tag-news","16":"tag-nouvelle-aquitaine","17":"tag-republique-francaise"},"share_on_mastodon":{"url":"https:\/\/pubeurope.com\/@fr\/115135218046835622","error":""},"_links":{"self":[{"href":"https:\/\/www.europesays.com\/fr\/wp-json\/wp\/v2\/posts\/360967","targetHints":{"allow":["GET"]}}],"collection":[{"href":"https:\/\/www.europesays.com\/fr\/wp-json\/wp\/v2\/posts"}],"about":[{"href":"https:\/\/www.europesays.com\/fr\/wp-json\/wp\/v2\/types\/post"}],"author":[{"embeddable":true,"href":"https:\/\/www.europesays.com\/fr\/wp-json\/wp\/v2\/users\/2"}],"replies":[{"embeddable":true,"href":"https:\/\/www.europesays.com\/fr\/wp-json\/wp\/v2\/comments?post=360967"}],"version-history":[{"count":0,"href":"https:\/\/www.europesays.com\/fr\/wp-json\/wp\/v2\/posts\/360967\/revisions"}],"wp:featuredmedia":[{"embeddable":true,"href":"https:\/\/www.europesays.com\/fr\/wp-json\/wp\/v2\/media\/360968"}],"wp:attachment":[{"href":"https:\/\/www.europesays.com\/fr\/wp-json\/wp\/v2\/media?parent=360967"}],"wp:term":[{"taxonomy":"category","embeddable":true,"href":"https:\/\/www.europesays.com\/fr\/wp-json\/wp\/v2\/categories?post=360967"},{"taxonomy":"post_tag","embeddable":true,"href":"https:\/\/www.europesays.com\/fr\/wp-json\/wp\/v2\/tags?post=360967"}],"curies":[{"name":"wp","href":"https:\/\/api.w.org\/{rel}","templated":true}]}}