{"id":360973,"date":"2025-09-02T14:41:11","date_gmt":"2025-09-02T14:41:11","guid":{"rendered":"https:\/\/www.europesays.com\/fr\/360973\/"},"modified":"2025-09-02T14:41:11","modified_gmt":"2025-09-02T14:41:11","slug":"flashe-a-156-km-h-sans-permis-avec-du-cannabis-en-poche-le-conducteur-place-en-garde-a-vue-a-toulouse","status":"publish","type":"post","link":"https:\/\/www.europesays.com\/fr\/360973\/","title":{"rendered":"Flash\u00e9 \u00e0 156 km\/h, sans permis, avec du cannabis en poche\u00a0: le conducteur plac\u00e9 en garde \u00e0 vue \u00e0 Toulouse"},"content":{"rendered":"<p>Un habitant de Tournefeuille \u00e2g\u00e9 de 23 ans \u00e9t\u00e9 contr\u00f4l\u00e9 \u00e0 156 km\/h eu lieu de 90 sur la Pyr\u00e9n\u00e9enne, ce mardi 2 septembre \u00e0 l&rsquo;aube. Les policiers toulousains l&rsquo;ont arr\u00eat\u00e9 et plac\u00e9 en garde \u00e0 vue. <\/p>\n<p>Un tr\u00e8s gros exc\u00e8s de vitesse, plus de permis, et des stup\u00e9fiants sur lui. Un conducteur de 23 ans a \u00e9t\u00e9 arr\u00eat\u00e9 ce mardi 2 septembre 2025 vers 4 heures du matin sur la Pyr\u00e9n\u00e9enne pour de multiples infractions. Les policiers, qui proc\u00e9daient \u00e0 un contr\u00f4le de routine, l&rsquo;ont <strong>flash\u00e9 \u00e0 156 km\/h au lieu de 90<\/strong> sur cet axe qui m\u00e8ne au p\u00e9riph\u00e9rique toulousain. Ils l&rsquo;ont escort\u00e9 jusqu&rsquo;\u00e0 la sortie Empalot, \u00e0 Toulouse, pour proc\u00e9der \u00e0 son interpellation.<\/p>\n<p>Permis retir\u00e9 et cannabis en poche<\/p>\n<p>Au-del\u00e0 de l&rsquo;exc\u00e8s de vitesse, les fonctionnaires ont rapidement constat\u00e9 que le conducteur, domicili\u00e9 \u00e0 Tournefeuille, n&rsquo;avait plus de permis de conduire\u00a0: il lui avait \u00e9t\u00e9 retir\u00e9 pour un autre d\u00e9lir routier. L&rsquo;homme transportait aussi quelques grammes de cannabis. Il a \u00e9t\u00e9 plac\u00e9 en garde \u00e0 vue et s<strong>era convoqu\u00e9 par la justice<\/strong> ult\u00e9rieurement.\u00a0Son v\u00e9hicule a \u00e9t\u00e9 immobilis\u00e9 et plac\u00e9 en fourri\u00e8re.<\/p>\n","protected":false},"excerpt":{"rendered":"Un habitant de Tournefeuille \u00e2g\u00e9 de 23 ans \u00e9t\u00e9 contr\u00f4l\u00e9 \u00e0 156 km\/h eu lieu de 90 sur&hellip;\n","protected":false},"author":2,"featured_media":360974,"comment_status":"","ping_status":"","sticky":false,"template":"","format":"standard","meta":{"footnotes":""},"categories":[2816],"tags":[1111,11,1777,674,1011,27,12,2680,25,2312],"class_list":{"0":"post-360973","1":"post","2":"type-post","3":"status-publish","4":"format-standard","5":"has-post-thumbnail","7":"category-toulouse","8":"tag-actu","9":"tag-actualites","10":"tag-eu","11":"tag-europe","12":"tag-fr","13":"tag-france","14":"tag-news","15":"tag-occitanie","16":"tag-republique-francaise","17":"tag-toulouse"},"share_on_mastodon":{"url":"https:\/\/pubeurope.com\/@fr\/115135229717164397","error":""},"_links":{"self":[{"href":"https:\/\/www.europesays.com\/fr\/wp-json\/wp\/v2\/posts\/360973","targetHints":{"allow":["GET"]}}],"collection":[{"href":"https:\/\/www.europesays.com\/fr\/wp-json\/wp\/v2\/posts"}],"about":[{"href":"https:\/\/www.europesays.com\/fr\/wp-json\/wp\/v2\/types\/post"}],"author":[{"embeddable":true,"href":"https:\/\/www.europesays.com\/fr\/wp-json\/wp\/v2\/users\/2"}],"replies":[{"embeddable":true,"href":"https:\/\/www.europesays.com\/fr\/wp-json\/wp\/v2\/comments?post=360973"}],"version-history":[{"count":0,"href":"https:\/\/www.europesays.com\/fr\/wp-json\/wp\/v2\/posts\/360973\/revisions"}],"wp:featuredmedia":[{"embeddable":true,"href":"https:\/\/www.europesays.com\/fr\/wp-json\/wp\/v2\/media\/360974"}],"wp:attachment":[{"href":"https:\/\/www.europesays.com\/fr\/wp-json\/wp\/v2\/media?parent=360973"}],"wp:term":[{"taxonomy":"category","embeddable":true,"href":"https:\/\/www.europesays.com\/fr\/wp-json\/wp\/v2\/categories?post=360973"},{"taxonomy":"post_tag","embeddable":true,"href":"https:\/\/www.europesays.com\/fr\/wp-json\/wp\/v2\/tags?post=360973"}],"curies":[{"name":"wp","href":"https:\/\/api.w.org\/{rel}","templated":true}]}}