{"id":360977,"date":"2025-09-02T14:43:09","date_gmt":"2025-09-02T14:43:09","guid":{"rendered":"https:\/\/www.europesays.com\/fr\/360977\/"},"modified":"2025-09-02T14:43:09","modified_gmt":"2025-09-02T14:43:09","slug":"metro-tram-ce-que-prevoit-ilevia-cote-transports-pour-la-braderie-de-lille","status":"publish","type":"post","link":"https:\/\/www.europesays.com\/fr\/360977\/","title":{"rendered":"M\u00e9tro, tram&#8230; Ce que pr\u00e9voit Il\u00e9via c\u00f4t\u00e9 transports pour la Braderie de Lille"},"content":{"rendered":"<p>            Par<br \/>\n        <strong><br \/>\n            <a href=\"https:\/\/actu.fr\/auteur\/nicolas-demollien\" title=\"Consulter tous les articles de Nicolas Demollien\" rel=\"nofollow noopener\" target=\"_blank\">Nicolas Demollien<\/a><br \/>\n        <\/strong><\/p>\n<p>        Publi\u00e9 le<\/p>\n<p>            2 sept. 2025 \u00e0 15h57        <\/p>\n<p>La <a href=\"https:\/\/actu.fr\/tag\/braderie-de-lille\" rel=\"nofollow noopener\" target=\"_blank\">Braderie de Lille<\/a> (Nord) est de retour ces <b>vendredi 5, samedi 6 et dimanche 7 septembre 2025<\/b>. Pour l\u2019occasion, <a href=\"https:\/\/actu.fr\/tag\/ilevia\" rel=\"nofollow noopener\" target=\"_blank\">Il\u00e9via<\/a> annonce adapter son offre de <a href=\"https:\/\/actu.fr\/tag\/transport\" rel=\"nofollow noopener\" target=\"_blank\">transport<\/a> avec un <b>renforcement de son offre c\u00f4t\u00e9 m\u00e9tro et tramway<\/b>. Le <b>r\u00e9seau de bus<\/b> sera aussi <b>renforc\u00e9 mais fera face \u00e0 des d\u00e9viations<\/b>. On fait le point sur ce qui vous attend.<\/p>\n<p>Quels seront les horaires du m\u00e9tro pour la Braderie de Lille ?<\/p>\n<p data-end=\"1065\" class=\" wall-content\">Vendredi 5 septembre, les deux lignes de m\u00e9tro circuleront une heure de plus, avec un dernier d\u00e9part \u00e0 1h30 de la <a href=\"https:\/\/actu.fr\/tag\/gare-lille-flandres\" rel=\"nofollow noopener\" target=\"_blank\">Gare Lille Flandres<\/a>, au lieu de 0h30.<\/p>\n<p data-end=\"1065\" class=\" wall-content\">\u00ab\u00a0Les samedi 6 et dimanche 7 septembre, les deux lignes circuleront sans interruption, y compris la nuit, \u00e0 partir de 5h samedi matin jusqu\u2019au dimanche, 0h30\u00a0\u00bb, annonce Il\u00e9via.<\/p>\n<p data-end=\"1065\" class=\" wall-content\">En journ\u00e9e, la ligne 1 circulera avec une fr\u00e9quence d\u2019une rame toutes les 1min30 \u00e0 2min le samedi et toutes les 1min40 \u00e0 2min le dimanche. Sur la ligne 2, la fr\u00e9quence sera d\u2019une rame toutes les 1min50 \u00e0 3min le samedi et toutes les 2min20 \u00e0 3min30 le dimanche.<\/p>\n<p>Et le tramway ?<\/p>\n<p data-end=\"1525\" class=\" wall-content\">\u00ab\u00a0Vendredi 5 septembre, l\u2019offre de tramway sera renforc\u00e9e et prolong\u00e9e d\u2019une heure, avec un dernier d\u00e9part de la Gare Lille Flandres vers <a href=\"https:\/\/actu.fr\/hauts-de-france\/roubaix_59512\" rel=\"nofollow noopener\" target=\"_blank\">Roubaix<\/a> \u00e0 1h20 et vers <a href=\"https:\/\/actu.fr\/hauts-de-france\/tourcoing_59599\" rel=\"nofollow noopener\" target=\"_blank\">Tourcoing<\/a> \u00e0 1h30\u2033, encha\u00eene Il\u00e9via.<\/p>\n<p data-end=\"1525\" class=\" wall-content\">Du samedi 6 au dimanche 7 septembre, le tramway circulera non-stop, y compris la nuit, avec un tram toutes les 4 \u00e0 6 minutes sur le tronc commun en journ\u00e9e (Gare Lille Flandres \u2013 Crois\u00e9 Laroche) et toutes les 8 \u00e0 12 minutes sur les branches Roubaix et Tourcoing.<\/p>\n<p>Votre r\u00e9gion, votre actu !<\/p>\n<p>Recevez chaque jour les infos qui comptent pour vous.<\/p>\n<p>\t<a href=\"https:\/\/actu.fr\/newsletter\" class=\"ac-btn ac-btn--corner ac-btn--medium ac-btn--blue800\" rel=\"nofollow noopener\" target=\"_blank\">S&rsquo;incrire<\/a><br \/>\nD\u00e9viations et lignes renforc\u00e9es sur le r\u00e9seau de bus<\/p>\n<p data-end=\"2122\" class=\" wall-content\">Des d\u00e9viations sont \u00e0 pr\u00e9voir sur le r\u00e9seau bus, puisque du vendredi 5 septembre au dimanche 7 septembre, aucun bus ne circulera dans le p\u00e9rim\u00e8tre de la braderie.\u00a0<\/p>\n<p data-end=\"2122\" class=\" wall-content\">Mais les lignes 10, 14, 15, 50, L2, L7, L90, L91, L92 et L99 circuleront plus tard pendant la nuit du samedi 6 au dimanche 7 septembre. Les lignes L1 et L5 circuleront toute la nuit. Enfin, le dimanche 7 septembre, les lignes L1, L5, 14, 50, L90, L91 et L99 verront leurs fr\u00e9quences renforc\u00e9es en journ\u00e9e.<\/p>\n<p>V\u2019Lille et Parcs relais<\/p>\n<p data-end=\"2547\" class=\" wall-content\">Plusieurs stations V\u2019lille situ\u00e9es dans le p\u00e9rim\u00e8tre de l\u2019\u00e9v\u00e9nement seront par ailleurs ferm\u00e9es de mani\u00e8re \u00e9chelonn\u00e9e \u00e0 partir du jeudi 4 septembre au matin, jusqu\u2019au vendredi 5 en fin d\u2019apr\u00e8s-midi. \u00ab\u00a0La r\u00e9ouverture interviendra progressivement \u00e0 partir du dimanche 7 septembre en fin de journ\u00e9e, les autres stations du r\u00e9seau V\u2019lille resteront accessibles\u00a0\u00bb.<\/p>\n<p data-end=\"2967\" class=\" wall-content\">Par ailleurs, les parcs relais r\u00e9serv\u00e9s aux clients du r\u00e9seau Il\u00e9via seront ouverts en continu du samedi 6 septembre matin au dimanche 7 septembre soir. \u00ab\u00a0Les gares d\u2019Armenti\u00e8res, Don, Seclin et La Bass\u00e9e disposent \u00e9galement de parcs relais, ouverts 30 minutes avant et apr\u00e8s les premiers et derniers TER\u00a0\u00bb, rappelle Il\u00e9via.<\/p>\n<p data-end=\"3309\" class=\" wall-content\">L\u2019entreprise<b> <\/b>d\u00e9ploiera un dispositif renforc\u00e9 de plus de 700 personnes tout le week-end. Les agences commerciales seront ouvertes selon leurs horaires habituels et l\u2019agence de la Gare Lille Flandres sera exceptionnellement ouverte le dimanche 7 septembre de 10h \u00e0 17h. Des vendeurs voltigeurs seront aussi pr\u00e9sents dans les principales stations du r\u00e9seau tout au long du week-end.<\/p>\n<p>Un pass 1 jour \u00e0 5,50\u20ac<\/p>\n<p data-end=\"3309\" class=\" wall-content\">Notons enfin qu\u2019Il\u00e9via propose le Pass 1 Jour \u00e0 5,50 \u20ac, qui permet de voyager \u00e0 volont\u00e9 sur tout le r\u00e9seau bus, m\u00e9tro et tramway. Ce titre est disponible dans les agences de vente, aux distributeurs automatiques et sur la boutique en ligne accessible via le site <a href=\"https:\/\/www.ilevia.fr\/\" rel=\"nofollow noopener\" target=\"_blank\">ilevia.fr<\/a>.<\/p>\n<p class=\" wall-content\">Personnalisez votre actualit\u00e9 en ajoutant vos villes et m\u00e9dias en favori avec <a href=\"https:\/\/moncompte.actu.fr\" title=\"D\u00e9couvez Mon Actu\" rel=\"nofollow noopener\" data-trk=\"{&quot;cta&quot;:{&quot;action&quot;:&quot;https:\\\/\\\/moncompte.actu.fr&quot;,&quot;category&quot;:&quot;mon compte&quot;,&quot;from&quot;:&quot;article footer&quot;,&quot;name&quot;:&quot;Mon actu&quot;,&quot;type&quot;:&quot;cta&quot;}}\" target=\"_blank\">Mon Actu<\/a>.<\/p>\n","protected":false},"excerpt":{"rendered":"Par Nicolas Demollien Publi\u00e9 le 2 sept. 2025 \u00e0 15h57 La Braderie de Lille (Nord) est de retour&hellip;\n","protected":false},"author":2,"featured_media":360978,"comment_status":"","ping_status":"","sticky":false,"template":"","format":"standard","meta":{"footnotes":""},"categories":[2815],"tags":[1111,11,18703,1777,674,1011,27,811,4288,1307,12,25,104,2803],"class_list":{"0":"post-360977","1":"post","2":"type-post","3":"status-publish","4":"format-standard","5":"has-post-thumbnail","7":"category-lille","8":"tag-actu","9":"tag-actualites","10":"tag-braderie-de-lille","11":"tag-eu","12":"tag-europe","13":"tag-fr","14":"tag-france","15":"tag-hauts-de-france","16":"tag-ilevia","17":"tag-lille","18":"tag-news","19":"tag-republique-francaise","20":"tag-societe","21":"tag-transport"},"share_on_mastodon":{"url":"https:\/\/pubeurope.com\/@fr\/115135237569677762","error":""},"_links":{"self":[{"href":"https:\/\/www.europesays.com\/fr\/wp-json\/wp\/v2\/posts\/360977","targetHints":{"allow":["GET"]}}],"collection":[{"href":"https:\/\/www.europesays.com\/fr\/wp-json\/wp\/v2\/posts"}],"about":[{"href":"https:\/\/www.europesays.com\/fr\/wp-json\/wp\/v2\/types\/post"}],"author":[{"embeddable":true,"href":"https:\/\/www.europesays.com\/fr\/wp-json\/wp\/v2\/users\/2"}],"replies":[{"embeddable":true,"href":"https:\/\/www.europesays.com\/fr\/wp-json\/wp\/v2\/comments?post=360977"}],"version-history":[{"count":0,"href":"https:\/\/www.europesays.com\/fr\/wp-json\/wp\/v2\/posts\/360977\/revisions"}],"wp:featuredmedia":[{"embeddable":true,"href":"https:\/\/www.europesays.com\/fr\/wp-json\/wp\/v2\/media\/360978"}],"wp:attachment":[{"href":"https:\/\/www.europesays.com\/fr\/wp-json\/wp\/v2\/media?parent=360977"}],"wp:term":[{"taxonomy":"category","embeddable":true,"href":"https:\/\/www.europesays.com\/fr\/wp-json\/wp\/v2\/categories?post=360977"},{"taxonomy":"post_tag","embeddable":true,"href":"https:\/\/www.europesays.com\/fr\/wp-json\/wp\/v2\/tags?post=360977"}],"curies":[{"name":"wp","href":"https:\/\/api.w.org\/{rel}","templated":true}]}}