{"id":360979,"date":"2025-09-02T14:44:09","date_gmt":"2025-09-02T14:44:09","guid":{"rendered":"https:\/\/www.europesays.com\/fr\/360979\/"},"modified":"2025-09-02T14:44:09","modified_gmt":"2025-09-02T14:44:09","slug":"info-bfmtv-un-homme-mortellement-touche-par-des-tirs-policiers-apres-avoir-poignarde-plusieurs-personnes-dans-un-hotel-a-marseille","status":"publish","type":"post","link":"https:\/\/www.europesays.com\/fr\/360979\/","title":{"rendered":"INFO BFMTV. Un homme mortellement touch\u00e9 par des tirs policiers apr\u00e8s avoir poignard\u00e9 plusieurs personnes dans un h\u00f4tel \u00e0 Marseille"},"content":{"rendered":"<p>Un homme a \u00e9t\u00e9 mortellement touch\u00e9 par des tirs de policiers alors qu&rsquo;il d\u00e9ambulait dans la rue avec une barre de fer et deux couteaux.<\/p>\n<p>Un homme a \u00e9t\u00e9 mortellement touch\u00e9 par des tirs policiers alors qu&rsquo;il d\u00e9ambulait dans la rue avec une barre de fer et deux couteaux cours Belsunce \u00e0 Marseille ce mardi 2 septembre peu avant 15 heures, a appris BFMTV aupr\u00e8s du procureur de la R\u00e9publique de Marseille. Les policiers ont ouvert le feu \u00e0 plusieurs reprises sur l&rsquo;individu.<\/p>\n<p>Peu de temps avant, ce m\u00eame individu avait poignard\u00e9 trois personnes dans une chambre d&rsquo;h\u00f4tel. L&rsquo;une d&rsquo;entre elles est en urgence absolue.<\/p>\n<p><strong>&gt;&gt; Plus d&rsquo;informations \u00e0 venir dans quelques instants sur BFMTV.com.<\/strong><\/p>\n<p>Boris Kharlamoff, Cindy Chevaux et Fanny Rocher<\/p>\n","protected":false},"excerpt":{"rendered":"Un homme a \u00e9t\u00e9 mortellement touch\u00e9 par des tirs de policiers alors qu&rsquo;il d\u00e9ambulait dans la rue avec&hellip;\n","protected":false},"author":2,"featured_media":138892,"comment_status":"","ping_status":"","sticky":false,"template":"","format":"standard","meta":{"footnotes":""},"categories":[2814],"tags":[1111,11,1777,674,1011,27,884,12,882,25],"class_list":{"0":"post-360979","1":"post","2":"type-post","3":"status-publish","4":"format-standard","5":"has-post-thumbnail","7":"category-marseille","8":"tag-actu","9":"tag-actualites","10":"tag-eu","11":"tag-europe","12":"tag-fr","13":"tag-france","14":"tag-marseille","15":"tag-news","16":"tag-provence-alpes-cote-dazur","17":"tag-republique-francaise"},"share_on_mastodon":{"url":"https:\/\/pubeurope.com\/@fr\/115135241556423438","error":""},"_links":{"self":[{"href":"https:\/\/www.europesays.com\/fr\/wp-json\/wp\/v2\/posts\/360979","targetHints":{"allow":["GET"]}}],"collection":[{"href":"https:\/\/www.europesays.com\/fr\/wp-json\/wp\/v2\/posts"}],"about":[{"href":"https:\/\/www.europesays.com\/fr\/wp-json\/wp\/v2\/types\/post"}],"author":[{"embeddable":true,"href":"https:\/\/www.europesays.com\/fr\/wp-json\/wp\/v2\/users\/2"}],"replies":[{"embeddable":true,"href":"https:\/\/www.europesays.com\/fr\/wp-json\/wp\/v2\/comments?post=360979"}],"version-history":[{"count":0,"href":"https:\/\/www.europesays.com\/fr\/wp-json\/wp\/v2\/posts\/360979\/revisions"}],"wp:featuredmedia":[{"embeddable":true,"href":"https:\/\/www.europesays.com\/fr\/wp-json\/wp\/v2\/media\/138892"}],"wp:attachment":[{"href":"https:\/\/www.europesays.com\/fr\/wp-json\/wp\/v2\/media?parent=360979"}],"wp:term":[{"taxonomy":"category","embeddable":true,"href":"https:\/\/www.europesays.com\/fr\/wp-json\/wp\/v2\/categories?post=360979"},{"taxonomy":"post_tag","embeddable":true,"href":"https:\/\/www.europesays.com\/fr\/wp-json\/wp\/v2\/tags?post=360979"}],"curies":[{"name":"wp","href":"https:\/\/api.w.org\/{rel}","templated":true}]}}