{"id":360980,"date":"2025-09-02T14:45:13","date_gmt":"2025-09-02T14:45:13","guid":{"rendered":"https:\/\/www.europesays.com\/fr\/360980\/"},"modified":"2025-09-02T14:45:13","modified_gmt":"2025-09-02T14:45:13","slug":"marseille-un-homme-tue-par-la-police-apres-avoir-poignarde-trois-personnes-dans-un-hotel","status":"publish","type":"post","link":"https:\/\/www.europesays.com\/fr\/360980\/","title":{"rendered":"Marseille. Un homme tu\u00e9 par la police apr\u00e8s avoir poignard\u00e9 trois personnes dans un h\u00f4tel"},"content":{"rendered":"<p>Un homme aper\u00e7u avec une barre de fer et deux couteaux dans les rues de Marseille (Bouches-du-Rh\u00f4ne) a \u00e9t\u00e9 mortellement touch\u00e9 par des tirs de policiers ce mardi apr\u00e8s-midi, selon les informations de <a href=\"https:\/\/www.bfmtv.com\/marseille\/info-bfmtv-un-homme-mortellement-touche-par-des-tirs-de-policiers-apres-avoir-poignarde-plusieurs-personnes-dans-un-hotel-a-marseille_AN-202509020628.html\" target=\"_blank\" rel=\"nofollow noopener\">BFMTV<\/a>.<\/p>\n<p>L&rsquo;individu aurait poignard\u00e9 trois personnes dans une chambre d&rsquo;h\u00f4tel quelques temps avant. L&rsquo;une des personnes serait en urgence absolue.<\/p>\n<p>Plus d&rsquo;informations \u00e0 suivre&#8230;<\/p>\n","protected":false},"excerpt":{"rendered":"Un homme aper\u00e7u avec une barre de fer et deux couteaux dans les rues de Marseille (Bouches-du-Rh\u00f4ne) a&hellip;\n","protected":false},"author":2,"featured_media":360981,"comment_status":"","ping_status":"","sticky":false,"template":"","format":"standard","meta":{"footnotes":""},"categories":[2814],"tags":[1111,11,271,272,1777,674,274,107,1011,27,329,884,12,882,25,4520],"class_list":{"0":"post-360980","1":"post","2":"type-post","3":"status-publish","4":"format-standard","5":"has-post-thumbnail","7":"category-marseille","8":"tag-actu","9":"tag-actualites","10":"tag-crime","11":"tag-delit-et-contravention","12":"tag-eu","13":"tag-europe","14":"tag-faits-divers-justice","15":"tag-fil-info","16":"tag-fr","17":"tag-france","18":"tag-france-monde","19":"tag-marseille","20":"tag-news","21":"tag-provence-alpes-cote-dazur","22":"tag-republique-francaise","23":"tag-vaucluse"},"share_on_mastodon":{"url":"https:\/\/pubeurope.com\/@fr\/115135245453173897","error":""},"_links":{"self":[{"href":"https:\/\/www.europesays.com\/fr\/wp-json\/wp\/v2\/posts\/360980","targetHints":{"allow":["GET"]}}],"collection":[{"href":"https:\/\/www.europesays.com\/fr\/wp-json\/wp\/v2\/posts"}],"about":[{"href":"https:\/\/www.europesays.com\/fr\/wp-json\/wp\/v2\/types\/post"}],"author":[{"embeddable":true,"href":"https:\/\/www.europesays.com\/fr\/wp-json\/wp\/v2\/users\/2"}],"replies":[{"embeddable":true,"href":"https:\/\/www.europesays.com\/fr\/wp-json\/wp\/v2\/comments?post=360980"}],"version-history":[{"count":0,"href":"https:\/\/www.europesays.com\/fr\/wp-json\/wp\/v2\/posts\/360980\/revisions"}],"wp:featuredmedia":[{"embeddable":true,"href":"https:\/\/www.europesays.com\/fr\/wp-json\/wp\/v2\/media\/360981"}],"wp:attachment":[{"href":"https:\/\/www.europesays.com\/fr\/wp-json\/wp\/v2\/media?parent=360980"}],"wp:term":[{"taxonomy":"category","embeddable":true,"href":"https:\/\/www.europesays.com\/fr\/wp-json\/wp\/v2\/categories?post=360980"},{"taxonomy":"post_tag","embeddable":true,"href":"https:\/\/www.europesays.com\/fr\/wp-json\/wp\/v2\/tags?post=360980"}],"curies":[{"name":"wp","href":"https:\/\/api.w.org\/{rel}","templated":true}]}}