{"id":360984,"date":"2025-09-02T14:47:11","date_gmt":"2025-09-02T14:47:11","guid":{"rendered":"https:\/\/www.europesays.com\/fr\/360984\/"},"modified":"2025-09-02T14:47:11","modified_gmt":"2025-09-02T14:47:11","slug":"dans-le-village-de-cogny-les-habitants-disent-non-a-linstallation-de-cameras-de-videoprotection","status":"publish","type":"post","link":"https:\/\/www.europesays.com\/fr\/360984\/","title":{"rendered":"dans le village de Cogny, les habitants disent non \u00e0 l\u2019installation de cam\u00e9ras de vid\u00e9oprotection"},"content":{"rendered":"<p>Confront\u00e9 \u00e0 une hausse des incivilit\u00e9s, l\u2019ex\u00e9cutif de la commune de Cogny, situ\u00e9e dans le Beaujolais, a d\u00e9cid\u00e9 de consulter ses habitants pour installer des cam\u00e9ras de vid\u00e9oprotection sur son territoire.<\/p>\n<p class=\"fig-paragraph\">La petite commune de Cogny, situ\u00e9e au nord de Lyon\u00a0<a href=\"http:\/\/www.lefigaro.fr\/lyon\/au-nord-de-lyon-le-maire-d-un-petit-village-du-beaujolais-retrouve-ses-pneus-creves-chez-lui-20250829\" data-fig-type=\"NewsFlash\" data-gtm-custom-categorie=\"navigation\" data-gtm-custom-action=\"crossclick\" data-gtm-custom-label=\"Contextuel\" data-gtm-event=\"customEventSPE\" data-fig-domain=\"LEFIGARO\" target=\"_blank\" rel=\"noopener\">dans le vignoble du Beaujolais<\/a>, a organis\u00e9 un r\u00e9f\u00e9rendum local dimanche 31 ao\u00fbt. Un vote pour d\u00e9cider d\u2019installer, ou non,\u00a0<a href=\"http:\/\/www.lefigaro.fr\/lyon\/lyon-deux-cameras-de-videosurveillance-installees-pour-securiser-l-oeuvre-de-la-place-bellecour-20250519\" data-fig-type=\"NewsFlash\" data-gtm-custom-categorie=\"navigation\" data-gtm-custom-action=\"crossclick\" data-gtm-custom-label=\"Contextuel\" data-gtm-event=\"customEventSPE\" data-fig-domain=\"LEFIGARO\" target=\"_blank\" rel=\"noopener\">sept cam\u00e9ras dans le centre-ville<\/a>\u00a0apr\u00e8s une s\u00e9rie d\u2019incivilit\u00e9s survenues ces derniers mois. Un exercice de d\u00e9mocratie locale organis\u00e9 par la majorit\u00e9 actuelle qui peinait \u00e0 s\u2019entendre sur la d\u00e9cision\u00a0<a href=\"http:\/\/www.lefigaro.fr\/lyon\/a-lyon-le-maire-ecologiste-va-finalement-augmenter-le-nombre-de-cameras-de-videosurveillance-20241211\" data-fig-type=\"NewsFlash\" data-gtm-custom-categorie=\"navigation\" data-gtm-custom-action=\"crossclick\" data-gtm-custom-label=\"Contextuel\" data-gtm-event=\"customEventSPE\" data-fig-domain=\"LEFIGARO\" target=\"_blank\" rel=\"noopener\">d\u2019installer cette vid\u00e9oprotection<\/a>. \u00abOn a choisi ce r\u00e9f\u00e9rendum parce que l\u2019installation de cam\u00e9ras n\u2019\u00e9tait pas dans notre programme. Nous en avons discut\u00e9 lors du conseil municipal et l\u2019on a vu que la mesure ne faisait pas consensus alors on a d\u00e9cid\u00e9 de demander aux habitants\u00bb, confie au Figaro R\u00e9mi Aurion, le maire de Cogny.<\/p>\n<p class=\"fig-paragraph\">Ce dernier n\u2019\u00e9tait pas un promoteur de la vid\u00e9oprotection lors de son \u00e9lection\u00a0: \u00abJe me disais que, dans un village comme le n\u00f4tre, ce n\u2019\u00e9tait pas utile mais j\u2019ai chang\u00e9 d\u2019avis en arrivant aux responsabilit\u00e9s face \u00e0 la somme des incivilit\u00e9s\u00bb. Cet \u00e9t\u00e9, une vitre de la salle des f\u00eates a \u00e9t\u00e9 cass\u00e9e et deux extincteurs ont \u00e9t\u00e9 vid\u00e9s dans le b\u00e2timent. \u00ab\u00c7a nous a co\u00fbt\u00e9 2500 euros de r\u00e9paration. En 2022, nos toilettes s\u00e8ches ont \u00e9t\u00e9 incendi\u00e9es et 30.000 euros sont partis en fum\u00e9e. Ce n\u2019est pas grand-chose mais c\u2019est irritant parce que \u00e7a prend du temps et de l\u2019argent \u00e0 la ville et aux agents\u00bb, poursuit le maire.<\/p>\n<p>                                    <a class=\"fig-a11y-skip a11y-hidden\" href=\"#fig-a11y-skip-main-inarticle\"><br \/>\n        Passer la publicit\u00e9<br \/>\n    <\/a><\/p>\n<p>Le \u00abnon\u00bb largement en t\u00eate<\/p>\n<p class=\"fig-paragraph\">Durant l\u2019\u00e9t\u00e9, des flyers d\u00e9taillant les avantages et inconv\u00e9nients ont \u00e9t\u00e9 distribu\u00e9s aux habitants pour les informer et les inviter \u00e0 voter sur ce projet dont l\u2019enveloppe totale s\u2019\u00e9levait de 50.000 euros. Finalement, les Cognysards se sont prononc\u00e9s \u00e0 226 voix contre 131 contre l\u2019installation des cam\u00e9ras et 36% des \u00e9lecteurs se sont d\u00e9plac\u00e9s. Un verdict qui doit d\u00e9sormais \u00eatre ent\u00e9rin\u00e9 par le conseil municipal, mais \u00e0 quelques mois des \u00e9lections, il est peu probable que ce r\u00e9sultat ne soit pas suivi par les \u00e9lus.<\/p>\n<p class=\"fig-paragraph\">Et si le oui a perdu, R\u00e9mi Aurion se dit, lui, satisfait par l\u2019exercice\u00a0: \u00abJe ne regrette pas du tout de l\u2019avoir fait. Au-del\u00e0 du sujet, les \u00e9lecteurs ont appr\u00e9ci\u00e9 qu\u2019on leur demande leur avis\u00bb. Un succ\u00e8s qui pourrait appeler d\u2019autres votes de ce type \u00e0 Cogny\u00a0? \u00abOn inclut d\u00e9j\u00e0 les habitants sur les am\u00e9nagements les plus importants. Mais, oui, on se dit qu\u2019on pourrait le refaire si le sujet le n\u00e9cessite et s\u2019il n\u2019\u00e9tait pas dans le programme lors des municipales\u00bb, conclut l\u2019\u00e9dile.<\/p>\n","protected":false},"excerpt":{"rendered":"Confront\u00e9 \u00e0 une hausse des incivilit\u00e9s, l\u2019ex\u00e9cutif de la commune de Cogny, situ\u00e9e dans le Beaujolais, a d\u00e9cid\u00e9&hellip;\n","protected":false},"author":2,"featured_media":360985,"comment_status":"","ping_status":"","sticky":false,"template":"","format":"standard","meta":{"footnotes":""},"categories":[1889],"tags":[1111,11,2430,1777,674,1011,27,2902,2428,12,13921,25,11941],"class_list":{"0":"post-360984","1":"post","2":"type-post","3":"status-publish","4":"format-standard","5":"has-post-thumbnail","7":"category-lyon","8":"tag-actu","9":"tag-actualites","10":"tag-auvergne-rhone-alpes","11":"tag-eu","12":"tag-europe","13":"tag-fr","14":"tag-france","15":"tag-incivilites","16":"tag-lyon","17":"tag-news","18":"tag-referendum","19":"tag-republique-francaise","20":"tag-surveillance-video"},"share_on_mastodon":{"url":"https:\/\/pubeurope.com\/@fr\/115135253309856940","error":""},"_links":{"self":[{"href":"https:\/\/www.europesays.com\/fr\/wp-json\/wp\/v2\/posts\/360984","targetHints":{"allow":["GET"]}}],"collection":[{"href":"https:\/\/www.europesays.com\/fr\/wp-json\/wp\/v2\/posts"}],"about":[{"href":"https:\/\/www.europesays.com\/fr\/wp-json\/wp\/v2\/types\/post"}],"author":[{"embeddable":true,"href":"https:\/\/www.europesays.com\/fr\/wp-json\/wp\/v2\/users\/2"}],"replies":[{"embeddable":true,"href":"https:\/\/www.europesays.com\/fr\/wp-json\/wp\/v2\/comments?post=360984"}],"version-history":[{"count":0,"href":"https:\/\/www.europesays.com\/fr\/wp-json\/wp\/v2\/posts\/360984\/revisions"}],"wp:featuredmedia":[{"embeddable":true,"href":"https:\/\/www.europesays.com\/fr\/wp-json\/wp\/v2\/media\/360985"}],"wp:attachment":[{"href":"https:\/\/www.europesays.com\/fr\/wp-json\/wp\/v2\/media?parent=360984"}],"wp:term":[{"taxonomy":"category","embeddable":true,"href":"https:\/\/www.europesays.com\/fr\/wp-json\/wp\/v2\/categories?post=360984"},{"taxonomy":"post_tag","embeddable":true,"href":"https:\/\/www.europesays.com\/fr\/wp-json\/wp\/v2\/tags?post=360984"}],"curies":[{"name":"wp","href":"https:\/\/api.w.org\/{rel}","templated":true}]}}