{"id":360998,"date":"2025-09-02T14:56:10","date_gmt":"2025-09-02T14:56:10","guid":{"rendered":"https:\/\/www.europesays.com\/fr\/360998\/"},"modified":"2025-09-02T14:56:10","modified_gmt":"2025-09-02T14:56:10","slug":"sous-trump-12-million-dimmigres-ont-disparu-des-radars-de-lemploi","status":"publish","type":"post","link":"https:\/\/www.europesays.com\/fr\/360998\/","title":{"rendered":"Sous Trump, 1,2 million d\u2019immigr\u00e9s ont disparu des radars de l\u2019emploi"},"content":{"rendered":"<p><strong>Plus de 1,2 million d\u2019immigrants ont \u00ab disparu \u00bb de la population active am\u00e9ricaine entre janvier et fin juillet 2025, selon les donn\u00e9es pr\u00e9liminaires analys\u00e9es par le PewResearch Center.<\/strong><\/p>\n<p>Ce chiffre comprend les personnes qui se trouvent dans le pays ill\u00e9galement ainsi que les r\u00e9sidents titulaires d\u2019un permis de s\u00e9jour, selon un rapport de l\u2019Associated Press publi\u00e9 lundi 1er septembre.<\/p>\n<p>Les immigrants repr\u00e9sentent pr\u00e8s de 20 % de la main-d\u2019\u0153uvre am\u00e9ricaine, et les donn\u00e9es montrent que 45 % des travailleurs dans l\u2019agriculture, la p\u00eache et la foresterie sont des immigrants, selon Stephanie Cramer, chercheuse au PewResearch Center. Environ 30 % des travailleurs du secteur de la construction sont des immigrants, et 24 % des travailleurs du secteur des services le sont \u00e9galement, a-t-elle ajout\u00e9.<\/p>\n<p>Cette perte survient alors que le pays conna\u00eet le premier d\u00e9clin de sa population immigr\u00e9e globale depuis que le nombre de personnes ill\u00e9galement pr\u00e9sentes aux \u00c9tats-Unis a atteint un sommet record de 14 millions en 2023.<\/p>\n<p>\u00ab On ne sait pas pr\u00e9cis\u00e9ment dans quelle mesure la baisse observ\u00e9e depuis janvier est due aux d\u00e9parts volontaires pour saisir d\u2019autres opportunit\u00e9s ou \u00e9viter une expulsion, une relocalisation ou d\u2019autres probl\u00e8mes techniques \u00bb, a d\u00e9clar\u00e9 Mme Cramer. \u00ab Cependant, nous ne pensons pas que les chiffres pr\u00e9liminaires indiquant une migration nette n\u00e9gative soient si \u00e9loign\u00e9s de la r\u00e9alit\u00e9 que cette baisse ne soit pas r\u00e9elle \u00bb.<\/p>\n<p>Pia Orenius, \u00e9conomiste \u00e0 la R\u00e9serve f\u00e9d\u00e9rale de Dallas, a d\u00e9clar\u00e9 que les immigrants contribuent \u00e0 au moins 50 % de la croissance de l\u2019emploi aux \u00c9tats-Unis.\u00a0\u00ab L\u2019afflux de migrants \u00e0 la fronti\u00e8re, \u00e0 notre connaissance, a pratiquement cess\u00e9, et c\u2019est de l\u00e0 que venaient des millions d\u2019immigrants ces quatre derni\u00e8res ann\u00e9es \u00bb, a-t-elle d\u00e9clar\u00e9. \u00ab Cela a eu un impact consid\u00e9rable sur la cr\u00e9ation d\u2019emplois \u00bb.<\/p>\n<p>Les entrepreneurs du secteur agricole rapportent que les r\u00e9coltes et les cultures \u00ab ont \u00e9t\u00e9 gaspill\u00e9es \u00bb en raison du manque de travailleurs pour les r\u00e9colter.<\/p>\n<p>Parall\u00e8lement, les emplois dans le secteur de la construction ont chut\u00e9 dans environ la moiti\u00e9 des zones m\u00e9tropolitaines am\u00e9ricaines, selon une analyse des donn\u00e9es gouvernementales sur l\u2019emploi r\u00e9alis\u00e9e par l\u2019Associated General Contractors of America. La perte la plus importante, soit 7\u00a0200 emplois, a \u00e9t\u00e9 enregistr\u00e9e dans la r\u00e9gion de Riverside-San Bernardino-Ontario, en Californie. La r\u00e9gion de Los Angeles-Long Beach-Glendale a perdu 6\u00a0200 emplois.<\/p>\n","protected":false},"excerpt":{"rendered":"Plus de 1,2 million d\u2019immigrants ont \u00ab disparu \u00bb de la population active am\u00e9ricaine entre janvier et fin&hellip;\n","protected":false},"author":2,"featured_media":360999,"comment_status":"","ping_status":"","sticky":false,"template":"","format":"standard","meta":{"footnotes":""},"categories":[1589],"tags":[11,73,1866,12,1864,1865,1863,308],"class_list":{"0":"post-360998","1":"post","2":"type-post","3":"status-publish","4":"format-standard","5":"has-post-thumbnail","7":"category-etats-unis","8":"tag-actualites","9":"tag-etats-unis","10":"tag-etats-unis-damerique","11":"tag-news","12":"tag-united-states","13":"tag-united-states-of-america","14":"tag-us","15":"tag-usa"},"share_on_mastodon":{"url":"https:\/\/pubeurope.com\/@fr\/115135288808341079","error":""},"_links":{"self":[{"href":"https:\/\/www.europesays.com\/fr\/wp-json\/wp\/v2\/posts\/360998","targetHints":{"allow":["GET"]}}],"collection":[{"href":"https:\/\/www.europesays.com\/fr\/wp-json\/wp\/v2\/posts"}],"about":[{"href":"https:\/\/www.europesays.com\/fr\/wp-json\/wp\/v2\/types\/post"}],"author":[{"embeddable":true,"href":"https:\/\/www.europesays.com\/fr\/wp-json\/wp\/v2\/users\/2"}],"replies":[{"embeddable":true,"href":"https:\/\/www.europesays.com\/fr\/wp-json\/wp\/v2\/comments?post=360998"}],"version-history":[{"count":0,"href":"https:\/\/www.europesays.com\/fr\/wp-json\/wp\/v2\/posts\/360998\/revisions"}],"wp:featuredmedia":[{"embeddable":true,"href":"https:\/\/www.europesays.com\/fr\/wp-json\/wp\/v2\/media\/360999"}],"wp:attachment":[{"href":"https:\/\/www.europesays.com\/fr\/wp-json\/wp\/v2\/media?parent=360998"}],"wp:term":[{"taxonomy":"category","embeddable":true,"href":"https:\/\/www.europesays.com\/fr\/wp-json\/wp\/v2\/categories?post=360998"},{"taxonomy":"post_tag","embeddable":true,"href":"https:\/\/www.europesays.com\/fr\/wp-json\/wp\/v2\/tags?post=360998"}],"curies":[{"name":"wp","href":"https:\/\/api.w.org\/{rel}","templated":true}]}}