{"id":361002,"date":"2025-09-02T14:58:09","date_gmt":"2025-09-02T14:58:09","guid":{"rendered":"https:\/\/www.europesays.com\/fr\/361002\/"},"modified":"2025-09-02T14:58:09","modified_gmt":"2025-09-02T14:58:09","slug":"lexpatriation-devient-un-choix-de-societe","status":"publish","type":"post","link":"https:\/\/www.europesays.com\/fr\/361002\/","title":{"rendered":"l\u2019expatriation devient un choix de soci\u00e9t\u00e9"},"content":{"rendered":"\n<p>L\u2019envie de partir ne rel\u00e8ve plus d\u2019une fantaisie passag\u00e8re. En Allemagne, l\u2019expatriation est devenue une v\u00e9ritable tendance,<a target=\"_blank\" href=\"https:\/\/www.handelsblatt.com\/meinung\/morningbriefing\/morning-briefing-der-sonne-hinterher-auswandern-wird-zum-trend\/100146960.html\" rel=\"noopener\"> rappelle le <strong>Handelsblatt<\/strong><\/a>. \u201cPour des dizaines de milliers de citoyens allemands, le m\u00e9contentement est tr\u00e8s profond. Ils luttent non seulement contre le mauvais temps, mais aussi contre la mauvaise humeur, les perspectives d\u2019avenir limit\u00e9es et parfois m\u00eame contre la situation politique.\u201d En d\u2019autres termes, ce n\u2019est plus seulement la grisaille hivernale qui pousse \u00e0 lever l\u2019ancre, mais un malaise plus fondamental.<\/p>\n<p>Les chiffres confirment ce basculement. En 2010, environ 141\u00a0000 Allemands quittaient le pays. En 2024, ils \u00e9taient pr\u00e8s de 270\u00a0000. Et 2025 pourrait marquer un nouveau record. Dans le m\u00eame temps, les retours restent moins nombreux, signe que l\u2019expatriation n\u2019est pas un simple d\u00e9tour, mais souvent un choix durable.<\/p>\n<p>               Un ph\u00e9nom\u00e8ne qui touche toutes les g\u00e9n\u00e9rations       <\/p>\n<p>Cette qu\u00eate d\u2019ailleurs ne se limite pas \u00e0 une g\u00e9n\u00e9ration pr\u00e9cise. Qu\u2019il s\u2019agisse de familles \u00e0 la recherche de perspectives plus sereines, de retrait\u00e9s attir\u00e9s par le soleil ou de travailleurs qualifi\u00e9s cherchant un meilleur \u00e9quilibre entre co\u00fbt de la vie et qualit\u00e9 de l\u2019emploi, le spectre est large. Les destinations privil\u00e9gi\u00e9es refl\u00e8tent cette diversit\u00e9\u00a0: Espagne et Italie pour la douceur de vivre, Scandinavie pour la stabilit\u00e9, Afrique de l\u2019Est pour une vie radicalement diff\u00e9rente.<\/p>\n<p>Certains, pourtant, finissent par revenir. Comme ce couple qui, apr\u00e8s des ann\u00e9es d\u2019expatriation \u00e0 Londres, a regagn\u00e9 le Bergisches Land. Mais ils constituent l\u2019exception plus que la r\u00e8gle. Car \u00e0 l\u2019heure o\u00f9 les conseillers en mobilit\u00e9 vantent des fiscalit\u00e9s avantageuses et des permis de s\u00e9jour simplifi\u00e9s, l\u2019id\u00e9e de rester \u201ccoinc\u00e9\u201d en Allemagne semble \u00e0 beaucoup moins s\u00e9duisante.<\/p>\n<p>La tentation est telle qu\u2019elle traverse aussi les r\u00e9dactions. L\u2019auteur de l\u2019article, le journaliste Christian Rickens, raconte comment un coll\u00e8gue, s\u00e9duit par les all\u00e8gements fiscaux italiens, a fini par d\u00e9clarer\u00a0: \u201cJe m\u2019en vais\u00a0!\u201d \u00c9tait-ce vrai\u00a0? \u201cJe crois qu\u2019il plaisantait. Mais je n\u2019en suis pas tout \u00e0 fait s\u00fbr.\u201d<\/p>\n<p>L\u2019expatriation allemande s\u2019apparente donc de moins en moins \u00e0 une fuite improvis\u00e9e et de plus en plus \u00e0 une recomposition assum\u00e9e des trajectoires de vie.<\/p>\n","protected":false},"excerpt":{"rendered":"L\u2019envie de partir ne rel\u00e8ve plus d\u2019une fantaisie passag\u00e8re. En Allemagne, l\u2019expatriation est devenue une v\u00e9ritable tendance, rappelle&hellip;\n","protected":false},"author":2,"featured_media":361003,"comment_status":"","ping_status":"","sticky":false,"template":"","format":"standard","meta":{"footnotes":""},"categories":[1587],"tags":[11,672,1804,1856,1805,1803,1777,674,4315,1801,12,1802],"class_list":{"0":"post-361002","1":"post","2":"type-post","3":"status-publish","4":"format-standard","5":"has-post-thumbnail","7":"category-allemagne","8":"tag-actualites","9":"tag-allemagne","10":"tag-bundesrepublik-deutschland","11":"tag-courrier-expat","12":"tag-de","13":"tag-deutschland","14":"tag-eu","15":"tag-europe","16":"tag-expatriation","17":"tag-germany","18":"tag-news","19":"tag-republique-federale-dallemagne"},"share_on_mastodon":{"url":"https:\/\/pubeurope.com\/@fr\/115135297518289967","error":""},"_links":{"self":[{"href":"https:\/\/www.europesays.com\/fr\/wp-json\/wp\/v2\/posts\/361002","targetHints":{"allow":["GET"]}}],"collection":[{"href":"https:\/\/www.europesays.com\/fr\/wp-json\/wp\/v2\/posts"}],"about":[{"href":"https:\/\/www.europesays.com\/fr\/wp-json\/wp\/v2\/types\/post"}],"author":[{"embeddable":true,"href":"https:\/\/www.europesays.com\/fr\/wp-json\/wp\/v2\/users\/2"}],"replies":[{"embeddable":true,"href":"https:\/\/www.europesays.com\/fr\/wp-json\/wp\/v2\/comments?post=361002"}],"version-history":[{"count":0,"href":"https:\/\/www.europesays.com\/fr\/wp-json\/wp\/v2\/posts\/361002\/revisions"}],"wp:featuredmedia":[{"embeddable":true,"href":"https:\/\/www.europesays.com\/fr\/wp-json\/wp\/v2\/media\/361003"}],"wp:attachment":[{"href":"https:\/\/www.europesays.com\/fr\/wp-json\/wp\/v2\/media?parent=361002"}],"wp:term":[{"taxonomy":"category","embeddable":true,"href":"https:\/\/www.europesays.com\/fr\/wp-json\/wp\/v2\/categories?post=361002"},{"taxonomy":"post_tag","embeddable":true,"href":"https:\/\/www.europesays.com\/fr\/wp-json\/wp\/v2\/tags?post=361002"}],"curies":[{"name":"wp","href":"https:\/\/api.w.org\/{rel}","templated":true}]}}