{"id":361004,"date":"2025-09-02T14:59:09","date_gmt":"2025-09-02T14:59:09","guid":{"rendered":"https:\/\/www.europesays.com\/fr\/361004\/"},"modified":"2025-09-02T14:59:09","modified_gmt":"2025-09-02T14:59:09","slug":"leurope-relie-trois-mers-ce-train-geant-rail-baltica-a-4-milliards-transforme-totalement-le-continent-des-2030","status":"publish","type":"post","link":"https:\/\/www.europesays.com\/fr\/361004\/","title":{"rendered":"\u00ab L&rsquo;Europe relie trois mers \u00bb : ce train g\u00e9ant Rail Baltica \u00e0 4 milliards transforme totalement le continent d\u00e8s 2030"},"content":{"rendered":"<tr>\n<td><strong>EN BREF<\/strong><\/td>\n<\/tr>\n<tr>\n<td>\n<ul>\n<li>\ud83d\ude84 Le projet <strong>Rail Baltica<\/strong> vise \u00e0 relier trois mers pour am\u00e9liorer la connectivit\u00e9 en Europe de l\u2019Est.<\/li>\n<li>\ud83d\udcb6 Plus de <strong>4 milliards d\u2019euros<\/strong> ont \u00e9t\u00e9 s\u00e9curis\u00e9s pour financer le d\u00e9veloppement de l\u2019infrastructure.<\/li>\n<li>\ud83c\udfd7\ufe0f Des avanc\u00e9es significatives ont \u00e9t\u00e9 r\u00e9alis\u00e9es en <strong>Estonie<\/strong>, <strong>Lettonie<\/strong> et <strong>Lituanie<\/strong>.<\/li>\n<li>\ud83d\udee1\ufe0f Rail Baltica joue un r\u00f4le strat\u00e9gique pour la <strong>mobilit\u00e9 militaire<\/strong> de l\u2019OTAN, renfor\u00e7ant la s\u00e9curit\u00e9 r\u00e9gionale.<\/li>\n<\/ul>\n<\/td>\n<\/tr>\n<p>Le projet Rail Baltica repr\u00e9sente une avanc\u00e9e ambitieuse pour l\u2019infrastructure de transport en Europe de l\u2019Est. En reliant les mers Baltique, Noire et \u00c9g\u00e9e, ce projet vise \u00e0 transformer la connectivit\u00e9 r\u00e9gionale et s\u2019inscrit dans des corridors de transport europ\u00e9ens strat\u00e9giques. \u00c0 l\u2019horizon 2030, il pourrait jouer un r\u00f4le crucial dans la reconstruction de l\u2019Ukraine. Ce chantier titanesque n\u00e9cessite une compr\u00e9hension approfondie des enjeux et des progr\u00e8s r\u00e9alis\u00e9s \u00e0 ce jour.<\/p>\n<p>Une mise en \u0153uvre en deux phases<\/p>\n<p>Rail Baltica se d\u00e9ploie en deux phases, chacune ayant des objectifs distincts mais compl\u00e9mentaires. La premi\u00e8re phase, pr\u00e9vue pour 2030, se concentre sur la cr\u00e9ation d\u2019un corridor ferroviaire transfrontalier reliant les pays baltes \u00e0 la Pologne. Cela constitue une base solide pour l\u2019int\u00e9gration dans le r\u00e9seau ferroviaire europ\u00e9en. La seconde phase, plus ambitieuse, envisage une extension vers la mer Noire et la mer \u00c9g\u00e9e. Cette \u00e9tape d\u00e9pend de financements futurs et pourrait renforcer les liens avec l\u2019Ukraine et la Moldavie. Une approche par phases permet de r\u00e9pondre progressivement aux besoins \u00e9mergents tout en s\u2019adaptant aux conditions \u00e9conomiques changeantes.<\/p>\n<blockquote class=\"wp-embedded-content\" data-secret=\"xHOCTshHUz\">\n<p><a href=\"https:\/\/www.lejournaleconomique.com\/2025\/07\/11\/la-planete-est-devenue-notre-fournaise-en-2025-la-canicule-mortelle-liee-au-climat-triple-le-nombre-de-deces-humains\/\" rel=\"nofollow noopener\" target=\"_blank\">\u00ab La plan\u00e8te est devenue notre fournaise \u00bb : en 2025, la canicule mortelle li\u00e9e au climat triple le nombre de d\u00e9c\u00e8s humains<\/a><\/p>\n<\/blockquote>\n<p>Jalons financiers et partenariats strat\u00e9giques<\/p>\n<p>Le financement est un pilier essentiel du succ\u00e8s de Rail Baltica. En novembre 2024, 1,4 milliard d\u2019euros suppl\u00e9mentaires ont \u00e9t\u00e9 obtenus via le m\u00e9canisme pour l\u2019interconnexion en Europe. Ce montant vient s\u2019ajouter \u00e0 un total de plus de 4 milliards d\u2019euros. Les \u00c9tats baltes contribuent \u00e9galement financi\u00e8rement. Des partenariats public-priv\u00e9 sont envisag\u00e9s pour diversifier les sources de financement. Cette strat\u00e9gie est vitale pour surmonter les d\u00e9fis \u00e9conomiques. Attirer des fonds suppl\u00e9mentaires et \u00e9tablir des collaborations internationales renforcera la viabilit\u00e9 du projet \u00e0 long terme.<\/p>\n<blockquote class=\"wp-embedded-content\" data-secret=\"YNkG7ruMN0\">\n<p><a href=\"https:\/\/www.lejournaleconomique.com\/2025\/07\/30\/lafrique-et-leurope-enfin-connectees-le-tunnel-sous-marin-maroc-espagne-valide-apres-40-ans-dattente-ravive-tensions-migratoires-et-ambitions-geopolitiques\/\" rel=\"nofollow noopener\" target=\"_blank\">\u00ab L\u2019Afrique et l\u2019Europe enfin connect\u00e9es \u00bb : le tunnel sous-marin Maroc-Espagne valid\u00e9 apr\u00e8s 40 ans d\u2019attente ravive tensions migratoires et ambitions g\u00e9opolitiques<\/a><\/p>\n<\/blockquote>\n<p>Progr\u00e8s notables dans les diff\u00e9rents pays<\/p>\n<p>Des avanc\u00e9es significatives sont observ\u00e9es dans la construction de Rail Baltica. En Estonie, 74 km de sous-structure sont en cours de r\u00e9alisation. En Lettonie, un accord pour 230 km de travaux civils a \u00e9t\u00e9 sign\u00e9. En Lituanie, la construction et la conception avancent \u00e0 un rythme soutenu. Ces d\u00e9veloppements montrent l\u2019engagement des pays participants \u00e0 respecter le calendrier. Les travaux d\u2019\u00e9lectrification et la mise en place du syst\u00e8me de signalisation progressent \u00e9galement, illustrant une coordination efficace entre les parties prenantes.<\/p>\n<blockquote class=\"wp-embedded-content\" data-secret=\"0XLPvkHG5t\">\n<p><a href=\"https:\/\/www.lejournaleconomique.com\/2025\/07\/24\/lafrique-et-leurope-enfin-connectees-le-tunnel-sous-marin-maroc-espagne-valide-apres-40-ans-dattente-et-de-blocages-intenses\/\" rel=\"nofollow noopener\" target=\"_blank\">\u00ab L\u2019Afrique et l\u2019Europe enfin connect\u00e9es \u00bb : le tunnel sous-marin Maroc-Espagne valid\u00e9 apr\u00e8s 40 ans d\u2019attente et de blocages intenses<\/a><\/p>\n<\/blockquote>\n<p>Impact g\u00e9opolitique et importance strat\u00e9gique<\/p>\n<p>Les d\u00e9veloppements g\u00e9opolitiques r\u00e9cents soulignent l\u2019importance strat\u00e9gique de Rail Baltica pour la mobilit\u00e9 militaire de l\u2019OTAN. Marko Kivila, PDG par int\u00e9rim de RB Rail AS, a insist\u00e9 sur la n\u00e9cessit\u00e9 de terminer ce projet d\u2019ici 2025. Rail Baltica est vu comme un pilier pour la s\u00e9curit\u00e9 et la mobilit\u00e9 europ\u00e9enne. Il fournit une infrastructure robuste pour faire face aux d\u00e9fis actuels et futurs. Cette dimension strat\u00e9gique renforce l\u2019urgence de sa r\u00e9alisation dans un contexte o\u00f9 l\u2019Europe souhaite am\u00e9liorer ses capacit\u00e9s de d\u00e9fense et de transport.<\/p>\n<p>Alors que Rail Baltica prend forme, il soul\u00e8ve des questions sur l\u2019avenir des infrastructures de transport en Europe de l\u2019Est. Ce projet transformera-t-il le paysage \u00e9conomique et g\u00e9opolitique de la r\u00e9gion, et quelles seront les prochaines \u00e9tapes pour garantir sa r\u00e9ussite totale d\u2019ici 2030 ?<\/p>\n<p>Cet article s\u2019appuie sur des sources v\u00e9rifi\u00e9es et l\u2019assistance de technologies \u00e9ditoriales.<\/p>\n<p id=\"rating\">\u00c7a vous a plu ?\u00a04.5\/5 (26)<\/p>\n","protected":false},"excerpt":{"rendered":"EN BREF \ud83d\ude84 Le projet Rail Baltica vise \u00e0 relier trois mers pour am\u00e9liorer la connectivit\u00e9 en Europe&hellip;\n","protected":false},"author":2,"featured_media":361005,"comment_status":"","ping_status":"","sticky":false,"template":"","format":"standard","meta":{"footnotes":""},"categories":[1586],"tags":[11,1777,674,1011,27,12,25],"class_list":{"0":"post-361004","1":"post","2":"type-post","3":"status-publish","4":"format-standard","5":"has-post-thumbnail","7":"category-europe","8":"tag-actualites","9":"tag-eu","10":"tag-europe","11":"tag-fr","12":"tag-france","13":"tag-news","14":"tag-republique-francaise"},"share_on_mastodon":{"url":"https:\/\/pubeurope.com\/@fr\/115135300404265349","error":""},"_links":{"self":[{"href":"https:\/\/www.europesays.com\/fr\/wp-json\/wp\/v2\/posts\/361004","targetHints":{"allow":["GET"]}}],"collection":[{"href":"https:\/\/www.europesays.com\/fr\/wp-json\/wp\/v2\/posts"}],"about":[{"href":"https:\/\/www.europesays.com\/fr\/wp-json\/wp\/v2\/types\/post"}],"author":[{"embeddable":true,"href":"https:\/\/www.europesays.com\/fr\/wp-json\/wp\/v2\/users\/2"}],"replies":[{"embeddable":true,"href":"https:\/\/www.europesays.com\/fr\/wp-json\/wp\/v2\/comments?post=361004"}],"version-history":[{"count":0,"href":"https:\/\/www.europesays.com\/fr\/wp-json\/wp\/v2\/posts\/361004\/revisions"}],"wp:featuredmedia":[{"embeddable":true,"href":"https:\/\/www.europesays.com\/fr\/wp-json\/wp\/v2\/media\/361005"}],"wp:attachment":[{"href":"https:\/\/www.europesays.com\/fr\/wp-json\/wp\/v2\/media?parent=361004"}],"wp:term":[{"taxonomy":"category","embeddable":true,"href":"https:\/\/www.europesays.com\/fr\/wp-json\/wp\/v2\/categories?post=361004"},{"taxonomy":"post_tag","embeddable":true,"href":"https:\/\/www.europesays.com\/fr\/wp-json\/wp\/v2\/tags?post=361004"}],"curies":[{"name":"wp","href":"https:\/\/api.w.org\/{rel}","templated":true}]}}