{"id":361006,"date":"2025-09-02T15:00:12","date_gmt":"2025-09-02T15:00:12","guid":{"rendered":"https:\/\/www.europesays.com\/fr\/361006\/"},"modified":"2025-09-02T15:00:12","modified_gmt":"2025-09-02T15:00:12","slug":"un-record-des-depenses-dans-lue-attendu-en-2025","status":"publish","type":"post","link":"https:\/\/www.europesays.com\/fr\/361006\/","title":{"rendered":"un record des d\u00e9penses dans l\u2019UE attendu en 2025"},"content":{"rendered":"<p>Les d\u00e9penses militaires de l\u2019Union europ\u00e9enne devraient atteindre 381 milliards d\u2019euros en 2025, un niveau in\u00e9dit selon l\u2019Agence europ\u00e9enne de d\u00e9fense. Une hausse continue, nourrie par l\u2019invasion de l\u2019Ukraine et les engagements renforc\u00e9s des pays de l\u2019Otan.<\/p>\n<p>Les d\u00e9penses d\u2019armement dans l\u2019Union europ\u00e9enne vont atteindre un nouveau record cette ann\u00e9e, \u00e0 381 milliards d\u2019euros, a annonc\u00e9 mardi l\u2019Agence europ\u00e9enne de d\u00e9fense (EDA). Elles s\u2019\u00e9levaient d\u00e9j\u00e0 \u00e0 343 milliards d\u2019euros en 2024, un niveau historique compar\u00e9 \u00e0 2023, selon les derniers chiffres publi\u00e9s par cette agence de l\u2019UE sp\u00e9cialis\u00e9e dans les questions de d\u00e9fense. \u00ab\u00a0L\u2019Europe consacre des sommes record pour sa d\u00e9fense, pour assurer la s\u00e9curit\u00e9 de nos citoyens, et nous ne nous arr\u00eaterons pas l\u00e0\u00a0\u00bb, a d\u00e9clar\u00e9 la cheffe de la diplomatie de l\u2019Union europ\u00e9enne, Kaja Kallas, qui pr\u00e9side l\u2019EDA.<\/p>\n<p>En 2025, pr\u00e8s de 130 milliards d\u2019euros seront consacr\u00e9s \u00e0 de nouveaux investissements, notamment en armements. Les pays europ\u00e9ens ont fortement accru leurs d\u00e9penses militaires depuis l\u2019annexion de la Crim\u00e9e par la Russie en 2014, et cette tendance s\u2019est encore acc\u00e9l\u00e9r\u00e9e apr\u00e8s l\u2019invasion de l\u2019Ukraine par Moscou en f\u00e9vrier 2022.<\/p>\n<p>Les \u00c9tats membres de l\u2019Otan \u2013 dont 23 appartiennent \u00e0 l\u2019UE \u2013 ont par ailleurs d\u00e9cid\u00e9 de renforcer encore leurs efforts, en consacrant au moins 5% de leur PIB \u00e0 la s\u00e9curit\u00e9 au cours des dix prochaines ann\u00e9es, dont 3,5% pour les seules d\u00e9penses militaires. Pour atteindre ce dernier objectif, \u00ab\u00a0il faudra redoubler d\u2019efforts et d\u00e9penser au total plus de 630 milliards d\u2019euros par an\u00a0\u00bb dans l\u2019UE, a estim\u00e9 Andr\u00e9 Denk, directeur de l\u2019EDA.<\/p>\n<p>Un effort de 3,5 milliards d\u2019euros pour la France <\/p>\n<p>Cette hausse s\u2019inscrit dans un climat international marqu\u00e9 par la persistance de la guerre en Ukraine, l\u2019instabilit\u00e9 au Proche-Orient et la mont\u00e9e en puissance de la Chine, per\u00e7ue comme un rival strat\u00e9gique. L\u2019UE fait \u00e9galement face \u00e0 une d\u00e9pendance accrue vis-\u00e0-vis des \u00c9tats-Unis pour sa s\u00e9curit\u00e9, ce qui alimente les appels \u00e0 une autonomie strat\u00e9gique europ\u00e9enne. \u00c0 cela s\u2019ajoutent la modernisation des arsenaux russes, la multiplication des cyberattaques et la n\u00e9cessit\u00e9 de renforcer les capacit\u00e9s industrielles de d\u00e9fense, autant de facteurs qui poussent les \u00c9tats membres \u00e0 gonfler leurs budgets militaires.<\/p>\n<p>La France, premi\u00e8re puissance militaire de l\u2019UE, joue un r\u00f4le central dans cette dynamique. Emmanuel Macron a annonc\u00e9 en juillet 2025 lors du traditionnel discours du chef de l\u2019Etat devant les arm\u00e9es la veille de la f\u00eate nationale, un effort de 3,5 milliards d\u2019euros en 2026 et de 3 milliards d\u2019euros suppl\u00e9mentaires en 2027. La loi de programmation militaire (LPM) avait d\u00e9j\u00e0 cristallis\u00e9 cet effort avec un budget des arm\u00e9es \u00e0 64 milliards d\u2019euros, contre 32 milliards en 2017. Paris entend renforcer ses capacit\u00e9s dans les domaines a\u00e9rien et spatial, moderniser sa dissuasion nucl\u00e9aire et investir massivement dans les drones et la cybers\u00e9curit\u00e9. La France, qui assure une part importante de l\u2019effort militaire europ\u00e9en, pousse \u00e9galement \u00e0 d\u00e9velopper une industrie de d\u00e9fense commune afin de r\u00e9duire la d\u00e9pendance vis-\u00e0-vis des \u00e9quipements am\u00e9ricains.<\/p>\n<p>Les \u00c9tats membres de l\u2019Otan \u2013 dont 23 appartiennent \u00e0 l\u2019UE \u2013 ont par ailleurs d\u00e9cid\u00e9 de renforcer encore leurs efforts, en consacrant au moins 5% de leur PIB \u00e0 la s\u00e9curit\u00e9 au cours des dix prochaines ann\u00e9es, dont 3,5% pour les seules d\u00e9penses militaires. Pour atteindre ce dernier objectif, \u00ab\u00a0il faudra redoubler d\u2019efforts et d\u00e9penser au total plus de 630 milliards d\u2019euros par an\u00a0\u00bb dans l\u2019UE, a estim\u00e9 Andr\u00e9 Denk, directeur de l\u2019EDA.<\/p>\n<p>De son c\u00f4t\u00e9, le pape L\u00e9on XIV appelle inlassablement \u00e0 la pacification des nations depuis le d\u00e9but de son pontificat <a href=\"https:\/\/fr.aleteia.org\/2025\/05\/08\/reportage-place-saint-pierre-le-peuple-de-dieu-rencontre-son-nouveau-pape\/\" target=\"_blank\" rel=\"noopener nofollow\" title=\"\">le 8 mai 2025<\/a>. \u00ab\u00a0Dans le panorama dramatique d&rsquo;une \u201ctroisi\u00e8me guerre mondiale par morceaux\u00a0\u00bb, comme l&rsquo;a soulign\u00e9 \u00e0 plusieurs reprises le pape Fran\u00e7ois, je m&rsquo;adresse \u00e0 mon tour aux grands de ce monde, en r\u00e9p\u00e9tant cet appel toujours d&rsquo;actualit\u00e9 : \u00ab\u00a0Plus jamais de guerre !\u201d\u00a0\u00bb, <a href=\"https:\/\/fr.aleteia.org\/2025\/05\/16\/plus-jamais-la-guerre-leon-xiv-dans-les-pas-de-paul-vi\/\" target=\"_blank\" rel=\"noopener nofollow\" title=\"\">avait-il dit<\/a> dans son premier Ang\u00e9lus quelques jours plus tard. L\u00e9on XIV avait d\u00e9but\u00e9 son pontificat avec les mots \u00ab\u00a0<a href=\"https:\/\/fr.aleteia.org\/2025\/05\/08\/la-paix-soit-avec-vous-les-premiers-mots-du-pape-leon-xiv\/\" target=\"_blank\" rel=\"noopener nofollow\" title=\"\">La paix soit avec vous tous<\/a>\u00ab\u00a0, repris pour le th\u00e8me de 59e Journ\u00e9e mondiale de la paix, qui sera c\u00e9l\u00e9br\u00e9e par l&rsquo;\u00c9glise catholique le 1er janvier 2026 : \u00ab\u00a0La paix soit avec vous tous : vers une paix \u2018d\u00e9sarm\u00e9e et d\u00e9sarmante\u2019\u00a0\u00bb.<\/p>\n<p><img alt=\"Une paix \u201cd\u00e9sarm\u00e9e et d\u00e9sarmante\u201d, le cap fix\u00e9 par L\u00e9on XIV pour 2026\" loading=\"lazy\" width=\"150\" height=\"75\" decoding=\"async\" data-nimg=\"1\" class=\"ReadAlso_image__4jOEF\" style=\"color:transparent\"   src=\"https:\/\/www.europesays.com\/fr\/wp-content\/uploads\/2025\/09\/VATICAN-RELIGION-Leo-XIV-CONCLAVE-2025-Antoine-Mekary-ALETEIA-AM_8334.jpg\"\/><img alt=\"Dette de la France\u00a0: Fran\u00e7ois Bayrou ne compte rien l\u00e2cher\" loading=\"lazy\" width=\"150\" height=\"75\" decoding=\"async\" data-nimg=\"1\" class=\"ReadAlso_image__4jOEF\" style=\"color:transparent\"   src=\"https:\/\/www.europesays.com\/fr\/wp-content\/uploads\/2025\/09\/francois-bayrou-premier-ministre-afp.jpg\"\/><\/p>\n","protected":false},"excerpt":{"rendered":"Les d\u00e9penses militaires de l\u2019Union europ\u00e9enne devraient atteindre 381 milliards d\u2019euros en 2025, un niveau in\u00e9dit selon l\u2019Agence&hellip;\n","protected":false},"author":2,"featured_media":361007,"comment_status":"","ping_status":"","sticky":false,"template":"","format":"standard","meta":{"footnotes":""},"categories":[1586],"tags":[11,1777,674,1779,1011,27,12,25,1778,364],"class_list":{"0":"post-361006","1":"post","2":"type-post","3":"status-publish","4":"format-standard","5":"has-post-thumbnail","7":"category-europe","8":"tag-actualites","9":"tag-eu","10":"tag-europe","11":"tag-european-union","12":"tag-fr","13":"tag-france","14":"tag-news","15":"tag-republique-francaise","16":"tag-ue","17":"tag-union-europeenne"},"share_on_mastodon":{"url":"","error":""},"_links":{"self":[{"href":"https:\/\/www.europesays.com\/fr\/wp-json\/wp\/v2\/posts\/361006","targetHints":{"allow":["GET"]}}],"collection":[{"href":"https:\/\/www.europesays.com\/fr\/wp-json\/wp\/v2\/posts"}],"about":[{"href":"https:\/\/www.europesays.com\/fr\/wp-json\/wp\/v2\/types\/post"}],"author":[{"embeddable":true,"href":"https:\/\/www.europesays.com\/fr\/wp-json\/wp\/v2\/users\/2"}],"replies":[{"embeddable":true,"href":"https:\/\/www.europesays.com\/fr\/wp-json\/wp\/v2\/comments?post=361006"}],"version-history":[{"count":0,"href":"https:\/\/www.europesays.com\/fr\/wp-json\/wp\/v2\/posts\/361006\/revisions"}],"wp:featuredmedia":[{"embeddable":true,"href":"https:\/\/www.europesays.com\/fr\/wp-json\/wp\/v2\/media\/361007"}],"wp:attachment":[{"href":"https:\/\/www.europesays.com\/fr\/wp-json\/wp\/v2\/media?parent=361006"}],"wp:term":[{"taxonomy":"category","embeddable":true,"href":"https:\/\/www.europesays.com\/fr\/wp-json\/wp\/v2\/categories?post=361006"},{"taxonomy":"post_tag","embeddable":true,"href":"https:\/\/www.europesays.com\/fr\/wp-json\/wp\/v2\/tags?post=361006"}],"curies":[{"name":"wp","href":"https:\/\/api.w.org\/{rel}","templated":true}]}}