{"id":361010,"date":"2025-09-02T15:02:13","date_gmt":"2025-09-02T15:02:13","guid":{"rendered":"https:\/\/www.europesays.com\/fr\/361010\/"},"modified":"2025-09-02T15:02:13","modified_gmt":"2025-09-02T15:02:13","slug":"cest-la-cata-une-tornade-frappe-lourdement-un-village-du-morbihan","status":"publish","type":"post","link":"https:\/\/www.europesays.com\/fr\/361010\/","title":{"rendered":"\u00ab\u00a0C\u2019est la cata\u00a0\u00bb\u00a0: une tornade frappe lourdement un village du Morbihan"},"content":{"rendered":"<p>Croyez-vous \u00e0 l\u2019incroyable\u00a0? Eux, oui, surtout depuis ce mardi 2 septembre 2025, sombre journ\u00e9e qui a vu passer, \u00e0 8\u00a0h\u00a030, la col\u00e8re de Dame nature au-dessus de leur t\u00eate. Les habitants du lieu-dit Kerchevet, petit village situ\u00e9 dans la commune de Gu\u00e9h\u00e9nno, entre Locmin\u00e9 et Josselin (56), ont en effet v\u00e9cu ce qu\u2019ils pensaient alors inimaginable sur leurs terres\u00a0: le passage d\u2019une tornade. \u00ab\u00a0Comme celles que l\u2019on voit dans les films am\u00e9ricains\u00a0!\u00a0\u00bb, tonne Jean, un habitant des environs, qui a les yeux encore troubl\u00e9s par ce ph\u00e9nom\u00e8ne m\u00e9t\u00e9orologique aussi rare qu\u2019impr\u00e9visible et qui emporta tout, ou presque, sur son passage.<\/p>\n<p>\u00ab\u00a0Enti\u00e8rement d\u00e9truit\u00a0\u00bb<\/p>\n<p>Sous le ciel d\u00e9lav\u00e9 mais \u00e0 nouveau calme de Kerchevet, l\u2019heure \u00e9tait d\u2019ailleurs aux sombres constatations, en fin de matin\u00e9e, devant ce paysage de d\u00e9solation o\u00f9 se m\u00ealent des d\u00e9bris ad libitum.<\/p>\n<p><img decoding=\"async\" src=\"https:\/\/www.europesays.com\/fr\/wp-content\/uploads\/2025\/09\/68b6fb2d05c3f2253302a57b.1.jpeg\" width=\"480\" height=\"300\" class=\"web_golden_m\" loading=\"lazy\" alt=\"Une fen\u00eatre de toit tomb\u00e9e \u00e0 terre.\"\/>Une fen\u00eatre de toit tomb\u00e9e \u00e0 terre. (Le T\u00e9l\u00e9gramme\/Pierre Bernard)<\/p>\n<p>Ici, un poteau \u00e9lectrique en ciment couch\u00e9 \u00e0 terre, pli\u00e9 en deux comme un vulgaire crayon \u00e0 papier. L\u00e0, des centaines de morceaux de plaques ondul\u00e9es en fibres ciment, soulev\u00e9s par les vents comme la maison en paille des trois petits cochons apr\u00e8s le souffle du m\u00e9chant loup. Juste \u00e0 c\u00f4t\u00e9, une fen\u00eatre, renvers\u00e9e \u00e0 terre. Et puis il y a aussi ces haies arbustives macul\u00e9es de jaune\u00a0: des lambeaux de laine de verre que l\u2019on trouve habituellement dans les combles des maisons\u00a0! Un peu plus loin, un champ de ma\u00efs enti\u00e8rement couch\u00e9. \u00ab\u00a0Enti\u00e8rement d\u00e9truit, donc\u00a0\u00bb, souffle Charles. \u00ab\u00a0Il ne sera m\u00eame pas bon \u00e0 donner pour les animaux, il est plein de trucs divers et vari\u00e9s dedans\u2026\u00a0\u00bb.<\/p>\n<p>\u00ab\u00a0Mon fils \u00e9tait en pleurs\u00a0\u00bb<\/p>\n<p>Lui, n\u2019a pas vu la tornade. Cariste \u00e0 quelques kilom\u00e8tres de l\u00e0, Charles \u00e9tait au boulot, \u00e0 8\u00a0h\u00a030. Mais son fils, lui, \u00e9tait \u00e0 la maison. Et dormait. Avant d\u2019\u00eatre r\u00e9veill\u00e9 d\u2019un coup d\u2019un seul sous le fracas d\u2019un vent redoutable. \u00ab\u00a0Il m\u2019a appel\u00e9 et \u00e9tait en pleurs. Il me disait\u00a0: \u00ab\u00a0oh putain, il y a tout qui est parti, le toit, la fen\u00eatre\u2026 Mon lit est pass\u00e9 de l\u2019autre c\u00f4t\u00e9 de la chambre\u00a0!\u00a0\u00bb On a d\u2019ailleurs retrouv\u00e9 un chevron pass\u00e9 \u00e0 travers le lit\u00a0\u00bb, raconte le p\u00e8re de famille \u00e0 la mine contrari\u00e9e o\u00f9 l\u2019on remarque qu\u2019une larme peine \u00e0 tomber.<\/p>\n<p><img decoding=\"async\" src=\"https:\/\/www.europesays.com\/fr\/wp-content\/uploads\/2025\/09\/68b6fb2d8ed831f6340b8e55.1.jpeg\" width=\"480\" height=\"300\" class=\"web_golden_m\" loading=\"lazy\" alt=\"Le petit village de Kerchevet, situ\u00e9 dans la commune de Gu\u00e9h\u00e9nno, a subi de gros d\u00e9g\u00e2ts mardi matin, apr\u00e8s le passage d\u2019une tornade.\"\/>Le petit village de Kerchevet, situ\u00e9 dans la commune de Gu\u00e9h\u00e9nno, a subi de gros d\u00e9g\u00e2ts mardi matin, apr\u00e8s le passage d\u2019une tornade. (Le T\u00e9l\u00e9gramme \/ Pierre Bernard)<\/p>\n<p>\u00ab\u00a0Oui, c\u2019est \u00e9mouvant tout \u00e7a\u2026 Moi, quand je suis ensuite arriv\u00e9, j\u2019ai vu, tout ce bazar, \u00e7a fait dr\u00f4le. C\u2019est vraiment la cata\u00a0\u00bb. L\u00e9g\u00e8rement bless\u00e9 au dos, son fils, qui dormait dans la chambre \u00e9ventr\u00e9e, est parti \u00e0 l\u2019h\u00f4pital. Comme beaucoup d\u2019autres, le papa esp\u00e8re maintenant que \u00ab\u00a0l\u2019\u00e9tat de catastrophe naturelle sera d\u00e9clar\u00e9\u00a0\u00bb. Car il ne faut pas \u00eatre grand clerc ni expert en assurance pour savoir que les factures seront colossales, apr\u00e8s ce jour sombre comme l\u2019automne dans lequel on s\u2019enfonce inexorablement. Une journ\u00e9e qui a vu une tornade tout chambouler en \u00ab\u00a0cinq minutes \u00e0 peine\u00a0\u00bb, chiffre Jean, encore stup\u00e9fait de tout ce boucan. Maintenant, \u00e0 Kerchevet comme dans les autres villages touch\u00e9s, il n\u2019y a plus que le silence \u00e0 \u00e9couter.<\/p>\n","protected":false},"excerpt":{"rendered":"Croyez-vous \u00e0 l\u2019incroyable\u00a0? Eux, oui, surtout depuis ce mardi 2 septembre 2025, sombre journ\u00e9e qui a vu passer,&hellip;\n","protected":false},"author":2,"featured_media":361011,"comment_status":"","ping_status":"","sticky":false,"template":"","format":"standard","meta":{"footnotes":""},"categories":[2],"tags":[11,7507,829,765,118,1011,27,49639,3729,12,16048,6099,25,3165],"class_list":{"0":"post-361010","1":"post","2":"type-post","3":"status-publish","4":"format-standard","5":"has-post-thumbnail","7":"category-actualites","8":"tag-actualites","9":"tag-auray","10":"tag-bretagne","11":"tag-en-continu","12":"tag-faits-divers","13":"tag-fr","14":"tag-france","15":"tag-guehenno","16":"tag-morbihan","17":"tag-news","18":"tag-newsletter-aujourdhui-en-bretagne","19":"tag-pontivy","20":"tag-republique-francaise","21":"tag-vannes"},"share_on_mastodon":{"url":"https:\/\/pubeurope.com\/@fr\/115135312693165591","error":""},"_links":{"self":[{"href":"https:\/\/www.europesays.com\/fr\/wp-json\/wp\/v2\/posts\/361010","targetHints":{"allow":["GET"]}}],"collection":[{"href":"https:\/\/www.europesays.com\/fr\/wp-json\/wp\/v2\/posts"}],"about":[{"href":"https:\/\/www.europesays.com\/fr\/wp-json\/wp\/v2\/types\/post"}],"author":[{"embeddable":true,"href":"https:\/\/www.europesays.com\/fr\/wp-json\/wp\/v2\/users\/2"}],"replies":[{"embeddable":true,"href":"https:\/\/www.europesays.com\/fr\/wp-json\/wp\/v2\/comments?post=361010"}],"version-history":[{"count":0,"href":"https:\/\/www.europesays.com\/fr\/wp-json\/wp\/v2\/posts\/361010\/revisions"}],"wp:featuredmedia":[{"embeddable":true,"href":"https:\/\/www.europesays.com\/fr\/wp-json\/wp\/v2\/media\/361011"}],"wp:attachment":[{"href":"https:\/\/www.europesays.com\/fr\/wp-json\/wp\/v2\/media?parent=361010"}],"wp:term":[{"taxonomy":"category","embeddable":true,"href":"https:\/\/www.europesays.com\/fr\/wp-json\/wp\/v2\/categories?post=361010"},{"taxonomy":"post_tag","embeddable":true,"href":"https:\/\/www.europesays.com\/fr\/wp-json\/wp\/v2\/tags?post=361010"}],"curies":[{"name":"wp","href":"https:\/\/api.w.org\/{rel}","templated":true}]}}