{"id":361014,"date":"2025-09-02T15:06:10","date_gmt":"2025-09-02T15:06:10","guid":{"rendered":"https:\/\/www.europesays.com\/fr\/361014\/"},"modified":"2025-09-02T15:06:10","modified_gmt":"2025-09-02T15:06:10","slug":"xv-de-france-uini-atonio-tevita-tatafu-sos-piliers-droits-pour-la-tournee-de-novembre","status":"publish","type":"post","link":"https:\/\/www.europesays.com\/fr\/361014\/","title":{"rendered":"XV de France &#8211; Uini Atonio, Tevita Tatafu&#8230; SOS piliers droits pour la tourn\u00e9e de novembre"},"content":{"rendered":"<p>\n                L&rsquo;un des gros points d&rsquo;interrogation du XV de France, en vue de la prochaine tourn\u00e9e automnale, concerne le poste de pilier droit. Apr\u00e8s Uini Atonio, c&rsquo;est Tevita Tatafu qui devrait \u00eatre indisponible. Ce qui diminue les solutions pour le staff. Explications.\u00a0\n            <\/p>\n<p>Avant le deuxi\u00e8me des trois test-matchs face aux All Blacks lors de la tourn\u00e9e estivale de juillet en Nouvelle-Z\u00e9lande, Fabien Galthi\u00e9 avait l\u00e2ch\u00e9 cette phrase : \u00ab\u00a0On a besoin de profondeur d&rsquo;effectif \u00e0 ce poste.\u00a0\u00bb Le s\u00e9lectionneur du XV de France \u00e9voquait celui de pilier droit. Et force est de constater qu&rsquo;il pourrait \u00eatre de nouveau en souffrance \u00e0 l&rsquo;occasion du prochain \u00e9pisode automnal, qui verra les Bleus affronter respectivement l&rsquo;Afrique du Sud (samedi 8 novembre, 21h10, au stade de France), les Fidji\u00a0(samedi 15 novembre, 21h10, au Matmut Atlantique de Bordeaux) et l&rsquo;Australie\u00a0(samedi 22 novembre, 21h10, au stade de France). D\u00e9j\u00e0, le staff tricolore sait depuis de longs mois qu&rsquo;il devra se passer de son taulier \u00e0 droite de la m\u00eal\u00e9e, \u00e0 savoir le v\u00e9t\u00e9ran Uini Atonio (35 ans ; 68 s\u00e9lections). Apr\u00e8s avoir annonc\u00e9 sa retraite internationale derri\u00e8re la derni\u00e8re Coupe du monde 2023, le Rochelais avait \u00e9t\u00e9 rapidement convaincu par Galthi\u00e9 et ses adjoints de poursuivre l&rsquo;aventure internationale. Depuis, il est rest\u00e9 le choix num\u00e9ro un et l&rsquo;id\u00e9e est \u00e9videmment de l&#8217;emmener jusqu&rsquo;au Mondial 2027, en Australie.<\/p>\n<p>Atonio et Tatafu absents plussieurs mois<\/p>\n<p>Mais, s\u00e9rieusement bless\u00e9 \u00e0 un genou en fin de saison derni\u00e8re, Atonio a d\u00fb subir une intervention chirurgicale au d\u00e9but de l&rsquo;\u00e9t\u00e9. Une op\u00e9ration qui l&rsquo;oblige \u00e0 rater l&rsquo;entame de l&rsquo;exercice qui d\u00e9bute ce week-end avec la premi\u00e8re journ\u00e9e de Top 14, m\u00eame si l&rsquo;int\u00e9ress\u00e9 a aussi bascul\u00e9 dans un nouveau r\u00f4le d&rsquo;entra\u00eeneur de la m\u00eal\u00e9e au sein de son club. Pour autant, il entend bien poursuivre sa carri\u00e8re sur le terrain. Quand faut-il esp\u00e9rer son retour \u00e0 la comp\u00e9tition ? Atonio a r\u00e9pondu r\u00e9cemment sur RMC Sport : \u00ab\u00a0Comme joueur, je vais reprendre \u00e0 partir de la fin du mois de novembre. La derni\u00e8re semaine de novembre, je pense.\u00a0\u00bb Voil\u00e0 qui, de fait, va le priver de la tourn\u00e9e avec l&rsquo;\u00e9quipe de France.\u00a0<\/p>\n<p>L&rsquo;autre hic ? C&rsquo;est que l&rsquo;encadrement des Bleus (et particuili\u00e8rement William Servat en charge de la m\u00eal\u00e9e)\u00a0a identifi\u00e9 depuis longtemps l&rsquo;immense potentiel du Bayonnais Tevita Tatafu (22 ans ; 2 s\u00e9lections) qui, d\u00e8s lors qu&rsquo;il est devenu s\u00e9lectionnable (il est n\u00e9 au Tonga, NDLR), a c\u00e9l\u00e9br\u00e9 ses deux premi\u00e8res capes en novembre 2024. En l&rsquo;absence d&rsquo;Atonio, il \u00e9tait ainsi titulaire contre le Japon puis la Nouvelle-Z\u00e9lande. Sur le papier, il poss\u00e8de toutes les qualit\u00e9s pour s&rsquo;imposer comme le successeur d\u00e9sign\u00e9 du Maritime. Mais, face aux Kiwis, Tatafu avait d\u00fb c\u00e9der sa place sur blessure d\u00e8s la 10e minute. Et, depuis, il encha\u00eene les p\u00e9pins physiques, notamment au niveau d&rsquo;une cheville. Celle \u00e0 laquelle il a encore \u00e9t\u00e9 touch\u00e9 lors du match amical contre Toulouse la semaine pass\u00e9e. \u00ab\u00a0Je ne suis pas m\u00e9decin, mais on s\u2019oriente vers une op\u00e9ration et une indisponibilit\u00e9 de quatre \u00e0 cinq mois\u00a0\u00bb,\u00a0indiquait lundi soir son pr\u00e9sident Philippe Tayeb, confirmant\u00a0les craintes du staff. Et d&rsquo;ajouter : \u00ab\u00a0Il va y avoir un protocole m\u00e9dical avec, aussi, le m\u00e9decin de l\u2019\u00e9quipe de France.\u00a0C\u2019est une blessure qui touche l\u2019Aviron et la s\u00e9lection aussi, car Tevita rentrait dans la liste premium du XV de France.\u00a0\u00bb<\/p>\n<p>Montagne, satisfaction de la tourn\u00e9e estivale<\/p>\n<p>En clair, ce sont s\u00fbrement les deux options privil\u00e9gi\u00e9es qui seront absentes en novembre. Du coup, quelles solutions, alors que Galthi\u00e9 s&rsquo;inqui\u00e9tait d\u00e9j\u00e0 des recours au poste ? Le staff avait d\u00e9cid\u00e9 d&#8217;emmener quatre hommes en Nouvelle-Z\u00e9lande cet \u00e9t\u00e9 : George-Henri Colombe, Demba Bamba, R\u00e9gis Montagne et Rabah Slimani. Les deux premiers nomm\u00e9s ont d\u00e9\u00e7u sur place. Titulaire lors deuxi\u00e8me test \u00e0 Wellington, Colombe a \u00e9t\u00e9 remplac\u00e9 d\u00e8s la mi-temps, apr\u00e8s une premi\u00e8re p\u00e9riode rat\u00e9e. Dans la lign\u00e9e d&rsquo;une deuxi\u00e8me partie de saison noire \u00e0 La Rochelle o\u00f9 il ne faisait plus partie des plans (apr\u00e8s avoir sign\u00e9 \u00e0 Toulouse), l&rsquo;ancien Racingman n&rsquo;\u00e9tait pas jug\u00e9 au meilleur de sa forme. Et\u00a0il a forc\u00e9ment perdu du cr\u00e9dit. M\u00eame s&rsquo;il ne disputera pas la premi\u00e8re journ\u00e9e de Top 14 en raison d&rsquo;un probl\u00e8me musculaire sans gravit\u00e9, il a tout int\u00e9r\u00eat \u00e0 se relancer \u00e0 Ernest-Wallon pour revenir dans la danse.<\/p>\n<p>Le cas de Bamba est sensiblement similaire. Il n&rsquo;a jou\u00e9 que les trente-cinq derni\u00e8res minutes du dernier match \u00e0 Hamilton, mais son entr\u00e9e n&rsquo;a pas satisfait le staff (il a \u00e9t\u00e9 pris en d\u00e9faut en m\u00eal\u00e9e ou sur les rucks). Lui aussi doit se montrer \u00e0 son avantage dans les prochaines semaines avec le Racing 92. En revanche, R\u00e9gis Montagne\u00a0fut un des grands gagnants de la tourn\u00e9e. Auteur de deux entr\u00e9es remarqu\u00e9es \u00e0 Dunedin et Wellington (jusqu&rsquo;\u00e0 \u00eatre \u00e9lu homme du match par l&rsquo;encadrement lors du deuxi\u00e8me test), notamment gr\u00e2ce \u00e0 son activit\u00e9, il avait malheureusement d\u00fb renoncer lors du dernier rendez-vous estival. Mais les performances du Clermontois devraient lui assurer, sauf blessure, une place dans le groupe en novembre.\u00a0\u00a0\u00a0<\/p>\n<p>Aldegheri, Falatea, Slimani&#8230;<\/p>\n<p>Pour le reste ? Apr\u00e8s avoir \u00e9t\u00e9 rappel\u00e9 \u00e0 Marcoussis lors du Tournoi des 6 Nations 2025, Rabah Slimani a d\u00e9but\u00e9 deux rencontres en Nouvelle-Z\u00e9lande, six ans apr\u00e8s sa derni\u00e8re apparition internationale. Il a ainsi rendu de fiers services. Mais, s&rsquo;il a pleinement appr\u00e9ci\u00e9 l&rsquo;exp\u00e9rience et si sa signature au Leinster est une r\u00e9ussite depuis un an, le joueur est s\u00fbrement conscient qu&rsquo;\u00e0\u00a0bient\u00f4t 36 ans, il ne repr\u00e9sente pas une alternative d&rsquo;avenir. Les situations d&rsquo;Atonio et Tatafu pourraient-elles toutefois inciter Galthi\u00e9 \u00e0 le faire revenir cet automne ? Difficile d&rsquo;\u00eatre cat\u00e9gorique sur le sujet. Sinon, Dorian Aldegheri demeure une valeur s\u00fbre. Rempla\u00e7ant d&rsquo;Atonio sur la deuxi\u00e8me partie du Tournoi 2025, le Toulousain de 32 ans est toujours une r\u00e9f\u00e9rence dans l&rsquo;\u00e9preuve de force, comme il l&rsquo;a prouv\u00e9 lors de la derni\u00e8re du Top 14, quand il a permis \u00e0 la m\u00eal\u00e9e toulousaine de prendre le dessus sur celle\u00a0de l&rsquo;Union Bordeaux-B\u00e8gles. Tout porte \u00e0 croire qu&rsquo;il sera encore l\u00e0 en novembre.<\/p>\n<p>A l&rsquo;UBB justement, un autre joueur sera \u00e9videmment suivi de pr\u00e8s. Il s&rsquo;agit de Sipili Falatea (28 ans). R\u00e9guli\u00e8rement s\u00e9lectionn\u00e9 lors du premier mandat de Fabien Galthi\u00e9, le Girondin s&rsquo;\u00e9tait impos\u00e9 un \u00e9l\u00e9ment fort en premi\u00e8re ligne, jusqu&rsquo;\u00e0 \u00eatre retenu pour la Coupe du monde 2023. Mais il n&rsquo;a plus port\u00e9 le maillot bleu depuis, la faute essentiellement \u00e0 un encha\u00eenement de blessures.\u00a0Alors que Ben Tameifuna est en s\u00e9lection pour le d\u00e9but de saison, Falatea va avoir du temps de jeu avec son club. Et, s&rsquo;il r\u00e9pond aux attentes, il pourrait tr\u00e8s vite r\u00e9appara\u00eetre dans les radars du XV de France. Idem pour Thomas Laclayat qui, apr\u00e8s une exp\u00e9rience globalement d\u00e9cevante au Racing 92, a choisi de rebondir \u00e0 Pau. Il faudra \u00e9galement regarder avec attention les prestations de Paul Mallez \u00e0 Toulouse, apr\u00e8s son retour de pr\u00eat de Provence Rugby. Mais, s&rsquo;il est d&rsquo;abord consid\u00e9r\u00e9 comme un droitier chez le champion de France, c&rsquo;est \u00e0 gauche qu&rsquo;il a impressionn\u00e9 en Nouvelle-Z\u00e9lande. Et Galthi\u00e9 avait affirm\u00e9 : \u00ab\u00a0Son avenir international est \u00e0 gauche.\u00a0\u00bb A voir&#8230;\u00a0\u00a0\u00a0\u00a0<\/p>\n","protected":false},"excerpt":{"rendered":"L&rsquo;un des gros points d&rsquo;interrogation du XV de France, en vue de la prochaine tourn\u00e9e automnale, concerne le&hellip;\n","protected":false},"author":2,"featured_media":361015,"comment_status":"","ping_status":"","sticky":false,"template":"","format":"standard","meta":{"footnotes":""},"categories":[1416],"tags":[1011,27,479,1468,60],"class_list":{"0":"post-361014","1":"post","2":"type-post","3":"status-publish","4":"format-standard","5":"has-post-thumbnail","7":"category-rugby","8":"tag-fr","9":"tag-france","10":"tag-rugby","11":"tag-rugby-football","12":"tag-sports"},"share_on_mastodon":{"url":"https:\/\/pubeurope.com\/@fr\/115135328001931269","error":""},"_links":{"self":[{"href":"https:\/\/www.europesays.com\/fr\/wp-json\/wp\/v2\/posts\/361014","targetHints":{"allow":["GET"]}}],"collection":[{"href":"https:\/\/www.europesays.com\/fr\/wp-json\/wp\/v2\/posts"}],"about":[{"href":"https:\/\/www.europesays.com\/fr\/wp-json\/wp\/v2\/types\/post"}],"author":[{"embeddable":true,"href":"https:\/\/www.europesays.com\/fr\/wp-json\/wp\/v2\/users\/2"}],"replies":[{"embeddable":true,"href":"https:\/\/www.europesays.com\/fr\/wp-json\/wp\/v2\/comments?post=361014"}],"version-history":[{"count":0,"href":"https:\/\/www.europesays.com\/fr\/wp-json\/wp\/v2\/posts\/361014\/revisions"}],"wp:featuredmedia":[{"embeddable":true,"href":"https:\/\/www.europesays.com\/fr\/wp-json\/wp\/v2\/media\/361015"}],"wp:attachment":[{"href":"https:\/\/www.europesays.com\/fr\/wp-json\/wp\/v2\/media?parent=361014"}],"wp:term":[{"taxonomy":"category","embeddable":true,"href":"https:\/\/www.europesays.com\/fr\/wp-json\/wp\/v2\/categories?post=361014"},{"taxonomy":"post_tag","embeddable":true,"href":"https:\/\/www.europesays.com\/fr\/wp-json\/wp\/v2\/tags?post=361014"}],"curies":[{"name":"wp","href":"https:\/\/api.w.org\/{rel}","templated":true}]}}