{"id":361018,"date":"2025-09-02T15:09:13","date_gmt":"2025-09-02T15:09:13","guid":{"rendered":"https:\/\/www.europesays.com\/fr\/361018\/"},"modified":"2025-09-02T15:09:13","modified_gmt":"2025-09-02T15:09:13","slug":"vr46-confirme-franco-morbidelli-pour-la-saison-2026","status":"publish","type":"post","link":"https:\/\/www.europesays.com\/fr\/361018\/","title":{"rendered":"VR46 confirme Franco Morbidelli pour la saison 2026"},"content":{"rendered":"<p>Une pi\u00e8ce suppl\u00e9mentaire prend place sur le puzzle du plateau 2026. VR46 a confirm\u00e9 la pr\u00e9sence de <a href=\"https:\/\/fr.motorsport.com\/driver\/franco-morbidelli\/109417\/\" target=\"_blank\" rel=\"noopener nofollow\">Franco Morbidelli<\/a> dans son \u00e9quipe la saison prochaine, aux c\u00f4t\u00e9s de <a href=\"https:\/\/fr.motorsport.com\/driver\/fabio-di-giannantonio\/289538\/\" target=\"_blank\" rel=\"noopener nofollow\">Fabio Di Giannantonio<\/a>, d\u00e9j\u00e0 assur\u00e9 de rester. Une annonce qui n&rsquo;a rien d&rsquo;une surprise puisqu&rsquo;au Balaton Park, le pilote comme VR46 avaient <a href=\"https:\/\/fr.motorsport.com\/motogp\/news\/morbidelli-vr46-prolongation-prochains-jours\/10754021\/\" rel=\"nofollow noopener\" target=\"_blank\">confirm\u00e9 avoir trouv\u00e9 un accord<\/a> pour lequel seule la signature manquait.<\/p>\n<p>\u00a0<\/p>\n<p>Il y a quelques semaines, la formation italienne a <a href=\"https:\/\/fr.motorsport.com\/motogp\/news\/vr46-discussions-acosta-conserver-morbidelli\/10744535\/\" rel=\"nofollow noopener\" target=\"_blank\">bri\u00e8vement explor\u00e9<\/a> la piste <a href=\"https:\/\/fr.motorsport.com\/driver\/pedro-acosta\/840236\/\" target=\"_blank\" rel=\"noopener nofollow\">Pedro Acosta<\/a>, alors m\u00e9content des performances de sa KTM, mais les discussions ne sont pas all\u00e9es bien loin. VR46 a vite fait \u00e9tat de sa volont\u00e9 de prolonger l&rsquo;aventure avec Morbidelli, arriv\u00e9 dans le garage cette ann\u00e9e sur une GP24 qu&rsquo;il pilotait d\u00e9j\u00e0 la saison derni\u00e8re chez Pramac.<\/p>\n<p>\u00ab\u00a0Mon amour pour cette \u00e9quipe est tr\u00e8s profond\u00a0\u00bb, a r\u00e9agi Morbidelli. \u00ab\u00a0Je me sens bien ici et j&rsquo;ai une relation incroyable avec chaque membre de l&rsquo;\u00e9quipe. Ce sera un plaisir de rouler de nouveau pour Pertamina Enduro VR46 Racing Team l&rsquo;an prochain. C&rsquo;est fantastique de faire une annonce si particuli\u00e8re. [&#8230;] Je tiens \u00e0 remercier toute l&rsquo;\u00e9quipe, avec Vale, Uccio [Salucci] et Pablo [Nieto]\u00a0\u2013 les dirigeants\u00a0\u2013 les partenaires, la VR46 Riders Academy, et mon entourage.\u00a0\u00bb<\/p>\n<p>Franco Morbidelli est un membre de longue date de la VR46 Riders Academy mais il n&rsquo;a rejoint l&rsquo;\u00e9quipe d\u00e9tenue par <a href=\"https:\/\/fr.motorsport.com\/driver\/valentino-rossi\/76374\/\" target=\"_blank\" rel=\"noopener nofollow\">Valentino Rossi<\/a> que cette ann\u00e9e.\u00a0\u00ab\u00a0Il s&rsquo;est int\u00e9gr\u00e9 dans l&rsquo;\u00e9quipe d\u00e8s le d\u00e9but, en mettant en place une excellente relation personnelle et professionnelle qui a men\u00e9 \u00e0 des r\u00e9sultats importants\u00a0\u00bb, a soulign\u00e9 Alessio Salucci, directeur de l&rsquo;\u00e9quipe, qui estime que l&rsquo;Italien a \u00ab\u00a0boucl\u00e9 la boucle\u00a0\u00bb en portant enfin les couleurs de VR46 cette ann\u00e9e\u00a0: \u00ab\u00a0Cette ann\u00e9e, avec deux podiums en course principale et deux de plus lors des sprints, nous avons mont\u00e9 ce que nous pouvons accomplir.\u00a0\u00bb<\/p>\n<p>   <img decoding=\"async\" draggable=\"false\" src=\"https:\/\/www.europesays.com\/fr\/wp-content\/uploads\/2025\/09\/alessio-salucci-team-director-.jpg\" alt=\"Franco Morbidelli avec les dirigeants de l'\u00e9quipe VR46 Racing Team\" width=\"1200\" height=\"800\" loading=\"lazy\"\/> <\/p>\n<p class=\"title\">Franco Morbidelli avec les dirigeants de l&rsquo;\u00e9quipe VR46 Racing Team<\/p>\n<p class=\"photographer\">Photo de: Media VR46<\/p>\n<p>\u00ab\u00a0Le but est de faire encore mieux dans la derni\u00e8re partie de la saison et l&rsquo;an prochain. Son exp\u00e9rience nous a apport\u00e9 quelque chose en plus, en l&rsquo;associant \u00e0 l&rsquo;expertise de l&rsquo;\u00e9quipe et au soutien de Ducati, et nous sommes impatients de poursuivre cette aventure ensemble en 2026.\u00a0\u00bb<\/p>\n<p>\u00c2g\u00e9 de 30 ans, Franco Morbidelli a fait ses d\u00e9buts en MotoGP en 2018, sur une Honda du team Marc VDS, avec qui il avait \u00e9t\u00e9 sacr\u00e9 en Moto2 l&rsquo;ann\u00e9e pr\u00e9c\u00e9dente. En 2019, il a fait son arriv\u00e9e chez SRT, qui devenait le nouveau team satellite de Yamaha, et il a r\u00e9alis\u00e9 sa meilleure saison l&rsquo;ann\u00e9e suivante, en prenant la deuxi\u00e8me place du championnat et en remportant trois courses dans une campagne perturb\u00e9e par le Covid.<\/p>\n<p>Son ann\u00e9e 2021 a \u00e9t\u00e9 marqu\u00e9e par une promotion dans l&rsquo;\u00e9quipe Yamaha officielle en cours d&rsquo;ann\u00e9e, dans la foul\u00e9e de l&rsquo;\u00e9viction de <a href=\"https:\/\/fr.motorsport.com\/driver\/maverick-vinales\/96553\/\" target=\"_blank\" rel=\"noopener nofollow\">Maverick Vi\u00f1ales<\/a>, mais aussi par une grave blessure au genou. Morbidelli a encha\u00een\u00e9 les d\u00e9convenues dans cette formation avant de partir dans le giron de Ducati l&rsquo;an pass\u00e9, d&rsquo;abord avec Pramac puis avec VR46 cette ann\u00e9e. Il a d\u00e9croch\u00e9 deux podiums depuis le d\u00e9but de la saison, en Argentine et au Qatar, et deux m\u00e9dailles lors des sprints, au Qatar et en Hongrie. Il est actuellement sixi\u00e8me du <a href=\"https:\/\/fr.motorsport.com\/motogp\/standings\/2025\/\" rel=\"nofollow noopener\" target=\"_blank\">championnat<\/a>, juste devant Di Giannantonio.<\/p>\n<p>\u00ab\u00a0J&rsquo;esp\u00e8re revivre beaucoup de belles journ\u00e9es comme celles de cette ann\u00e9e, parce que nous le m\u00e9ritons vraiment\u00a0\u00bb, a pr\u00e9cis\u00e9 le pilote italien. \u00ab\u00a0Nous avons pr\u00e8s d&rsquo;un an et demi devant nous pour montrer notre gros potentiel.\u00a0\u00bb<\/p>\n<p>Apr\u00e8s cette annonce et celles, lundi, de <a href=\"https:\/\/fr.motorsport.com\/driver\/luca-marini\/201098\/\" target=\"_blank\" rel=\"noopener nofollow\">Luca Marini<\/a> au HRC et de <a href=\"https:\/\/fr.motorsport.com\/driver\/johann-zarco\/96107\/\" target=\"_blank\" rel=\"noopener nofollow\">Johann Zarco<\/a> chez LCR, la grille MotoGP est d\u00e9sormais presque au complet pour la saison \u00e0 venir. D&rsquo;apr\u00e8s nos informations, il ne manque plus que l&rsquo;officialisation de <a href=\"https:\/\/fr.motorsport.com\/driver\/jack-miller\/96423\/\" target=\"_blank\" rel=\"noopener nofollow\">Jack Miller<\/a>\u00a0chez Pramac et de\u00a0<a href=\"https:\/\/fr.motorsport.com\/driver\/diogo-moreira\/945141\/\" rel=\"nofollow noopener\" target=\"_blank\">Diogo Moreira<\/a> chez LCR.<\/p>\n<p>Lire aussi :<\/p>\n<p>Dans cet article<\/p>\n<p>Soyez le premier inform\u00e9 et souscrivez aux alertes mails pour recevoir les infos en temps r\u00e9el<\/p>\n<p>    S&rsquo;abonner aux alertes de news<\/p>\n","protected":false},"excerpt":{"rendered":"Une pi\u00e8ce suppl\u00e9mentaire prend place sur le puzzle du plateau 2026. VR46 a confirm\u00e9 la pr\u00e9sence de Franco&hellip;\n","protected":false},"author":2,"featured_media":361019,"comment_status":"","ping_status":"","sticky":false,"template":"","format":"standard","meta":{"footnotes":""},"categories":[1413],"tags":[1011,27,7985,1457,1456,1458,60,7276,49640],"class_list":{"0":"post-361018","1":"post","2":"type-post","3":"status-publish","4":"format-standard","5":"has-post-thumbnail","7":"category-moto","8":"tag-fr","9":"tag-france","10":"tag-franco-morbidelli","11":"tag-moto","12":"tag-motocycle","13":"tag-motogp","14":"tag-sports","15":"tag-team-vr46","16":"tag-vr46-confirme-franco-morbidelli-pour-la-saison-2026"},"share_on_mastodon":{"url":"https:\/\/pubeurope.com\/@fr\/115135339815019892","error":""},"_links":{"self":[{"href":"https:\/\/www.europesays.com\/fr\/wp-json\/wp\/v2\/posts\/361018","targetHints":{"allow":["GET"]}}],"collection":[{"href":"https:\/\/www.europesays.com\/fr\/wp-json\/wp\/v2\/posts"}],"about":[{"href":"https:\/\/www.europesays.com\/fr\/wp-json\/wp\/v2\/types\/post"}],"author":[{"embeddable":true,"href":"https:\/\/www.europesays.com\/fr\/wp-json\/wp\/v2\/users\/2"}],"replies":[{"embeddable":true,"href":"https:\/\/www.europesays.com\/fr\/wp-json\/wp\/v2\/comments?post=361018"}],"version-history":[{"count":0,"href":"https:\/\/www.europesays.com\/fr\/wp-json\/wp\/v2\/posts\/361018\/revisions"}],"wp:featuredmedia":[{"embeddable":true,"href":"https:\/\/www.europesays.com\/fr\/wp-json\/wp\/v2\/media\/361019"}],"wp:attachment":[{"href":"https:\/\/www.europesays.com\/fr\/wp-json\/wp\/v2\/media?parent=361018"}],"wp:term":[{"taxonomy":"category","embeddable":true,"href":"https:\/\/www.europesays.com\/fr\/wp-json\/wp\/v2\/categories?post=361018"},{"taxonomy":"post_tag","embeddable":true,"href":"https:\/\/www.europesays.com\/fr\/wp-json\/wp\/v2\/tags?post=361018"}],"curies":[{"name":"wp","href":"https:\/\/api.w.org\/{rel}","templated":true}]}}