{"id":361020,"date":"2025-09-02T15:10:14","date_gmt":"2025-09-02T15:10:14","guid":{"rendered":"https:\/\/www.europesays.com\/fr\/361020\/"},"modified":"2025-09-02T15:10:14","modified_gmt":"2025-09-02T15:10:14","slug":"avec-un-demi-milliard-deuros-depense-comment-liverpool-a-fait-sauter-la-banque-cet-ete","status":"publish","type":"post","link":"https:\/\/www.europesays.com\/fr\/361020\/","title":{"rendered":"avec un demi-milliard d\u2019euros d\u00e9pens\u00e9, comment Liverpool a fait sauter la banque cet \u00e9t\u00e9"},"content":{"rendered":"<p><strong>D\u00c9CRYPTAGE \u2013<\/strong> Alors que les Reds entretenaient depuis plusieurs saisons une r\u00e9putation de fourmi plut\u00f4t que de cigale, le mercato qui vient de s\u2019achever a boulevers\u00e9 la donne. Pour diff\u00e9rentes raisons parfaitement assum\u00e9es.<\/p>\n<p class=\"fig-paragraph\"><a href=\"http:\/\/www.lefigaro.fr\/sports\/football\/transferts\/mercato-alexander-isak-a-liverpool-un-transfert-juge-record-en-angleterre-20250901\" data-fig-type=\"NewsFlash\" data-gtm-custom-categorie=\"navigation\" data-gtm-custom-action=\"crossclick\" data-gtm-custom-label=\"Contextuel\" data-gtm-event=\"customEventSPE\" data-fig-domain=\"LEFIGARO\" target=\"_blank\" rel=\"noopener\">Alexander Isak<\/a>,\u00a0<a href=\"http:\/\/www.lefigaro.fr\/sports\/football\/angleterre\/mercato-liverpool-recrute-florian-wirtz-a-prix-d-or-20250620\" data-fig-type=\"NewsFlash\" data-gtm-custom-categorie=\"navigation\" data-gtm-custom-action=\"crossclick\" data-gtm-custom-label=\"Contextuel\" data-gtm-event=\"customEventSPE\" data-fig-domain=\"LEFIGARO\" target=\"_blank\" rel=\"noopener\">Florian Wirtz<\/a>\u00a0et\u00a0<a href=\"http:\/\/www.lefigaro.fr\/sports\/football\/angleterre\/premier-league-en-video-ekitike-ne-s-arrete-plus-et-inscrit-son-troisieme-but-avec-liverpool-20250825\" data-fig-type=\"NewsFlash\" data-gtm-custom-categorie=\"navigation\" data-gtm-custom-action=\"crossclick\" data-gtm-custom-label=\"Contextuel\" data-gtm-event=\"customEventSPE\" data-fig-domain=\"LEFIGARO\" target=\"_blank\" rel=\"noopener\">Hugo Ekitike<\/a>. Pour respectivement 144, 125 et 95 millions d\u2019euros, voici le top 3 des joueurs les plus chers du mercato estival qui s\u2019est achev\u00e9 lundi soir en ce qui concerne les quatre plus grands championnats europ\u00e9ens. D\u00e9nominateur commun de ces trois joueurs, au-del\u00e0 du fait d\u2019\u00e9voluer dans le secteur offensif\u00a0? Ils ont tous \u00e9t\u00e9 achet\u00e9s par Liverpool. Ainsi, au total, m\u00eame si les chiffres peuvent varier selon les diff\u00e9rents bonus inclus dans certaines transactions, c\u2019est un peu plus de 510 millions d\u2019euros qu\u2019a investis le club de la Mersey dans ce march\u00e9 estival. Soit autant que lors de ses cinq pr\u00e9c\u00e9dents mercatos d\u2019\u00e9t\u00e9 r\u00e9unis. Et encore, lundi, il s\u2019en est fallu de peu que le d\u00e9fenseur Marc Gu\u00e9hi ne quitte Crystal Palace pour rejoindre les Reds contre la somme de 40 millions d\u2019euros, ce qui signifie que Liverpool avait encore un peu de marge et de fonds dans le tiroir-caisse\u2026<\/p>\n<p class=\"fig-paragraph\">Maintenant, \u00e0 l\u2019\u00e8re du fair-play financier mais \u00e9galement du PSR (\u00abProfit\u2026<\/p>\n<p class=\"fig-premium-paywall__infos\">\n        Cet article est r\u00e9serv\u00e9 aux abonn\u00e9s.        Il vous reste 81% \u00e0 d\u00e9couvrir.\n    <\/p>\n<p>                <img  data- alt=\"Le Figaro\" class=\"fig-img--complete fig-img\"\/><\/p>\n<p class=\"fig-premium-paywall__title\">Vente Flash<\/p>\n<p class=\"fig-premium-paywall__subtitle\">4,99\u20ac par mois pendant 12 mois. Sans engagement<\/p>\n<p class=\"fig-premium-paywall__connect\">\n                D\u00e9j\u00e0 abonn\u00e9\u00a0?                <a class=\"fig-premium-paywall__connect-link\" href=\"https:\/\/connect.lefigaro.fr\/login?client=horizon_web&amp;type=main&amp;redirect_uri=https%3A%2F%2Fwww.lefigaro.fr%2Fsports%2Ffootball%2Ftransferts%2Fmercato-avec-un-demi-milliard-d-euros-depense-comment-liverpool-a-fait-sauter-la-banque-cet-ete-20250902\" data-js-gtm=\"{&quot;customCategorie&quot;: &quot;conversion&quot;, &quot;customAction&quot;: &quot;before_Landing_Connexion_paywall_auto&quot;, &quot;customLabel&quot;: &quot;bGVmaWdhcm8uZnJfXzFmMDg3ZmU0LTJiMzItNjViMi04MThmLTdmZjIwNjA4NjhmZV9fTmV3c0ZsYXNo_Mercato\u00a0: avec un demi-milliard d\u2019euros d\u00e9pens\u00e9, comment Liverpool a fait sauter la banque cet \u00e9t\u00e9_68&quot;, &quot;customIDSPE&quot;: &quot;bGVmaWdhcm8uZnJfXzFmMDg3ZmU0LTJiMzItNjViMi04MThmLTdmZjIwNjA4NjhmZV9fTmV3c0ZsYXNo&quot;, &quot;event&quot;: &quot;customEventSPE&quot;}\" target=\"_blank\" rel=\"noopener\"><br \/>\n                    Connectez-vous<br \/>\n                <\/a>\n            <\/p>\n","protected":false},"excerpt":{"rendered":"D\u00c9CRYPTAGE \u2013 Alors que les Reds entretenaient depuis plusieurs saisons une r\u00e9putation de fourmi plut\u00f4t que de cigale,&hellip;\n","protected":false},"author":2,"featured_media":361021,"comment_status":"","ping_status":"","sticky":false,"template":"","format":"standard","meta":{"footnotes":""},"categories":[1412],"tags":[1451,1452,1453,1454,1455,1011,27,15383,60],"class_list":{"0":"post-361020","1":"post","2":"type-post","3":"status-publish","4":"format-standard","5":"has-post-thumbnail","7":"category-f1","8":"tag-f1","9":"tag-formula-1","10":"tag-formula1","11":"tag-formule-1","12":"tag-formule1","13":"tag-fr","14":"tag-france","15":"tag-liverpool-fc","16":"tag-sports"},"share_on_mastodon":{"url":"https:\/\/pubeurope.com\/@fr\/115135343783849933","error":""},"_links":{"self":[{"href":"https:\/\/www.europesays.com\/fr\/wp-json\/wp\/v2\/posts\/361020","targetHints":{"allow":["GET"]}}],"collection":[{"href":"https:\/\/www.europesays.com\/fr\/wp-json\/wp\/v2\/posts"}],"about":[{"href":"https:\/\/www.europesays.com\/fr\/wp-json\/wp\/v2\/types\/post"}],"author":[{"embeddable":true,"href":"https:\/\/www.europesays.com\/fr\/wp-json\/wp\/v2\/users\/2"}],"replies":[{"embeddable":true,"href":"https:\/\/www.europesays.com\/fr\/wp-json\/wp\/v2\/comments?post=361020"}],"version-history":[{"count":0,"href":"https:\/\/www.europesays.com\/fr\/wp-json\/wp\/v2\/posts\/361020\/revisions"}],"wp:featuredmedia":[{"embeddable":true,"href":"https:\/\/www.europesays.com\/fr\/wp-json\/wp\/v2\/media\/361021"}],"wp:attachment":[{"href":"https:\/\/www.europesays.com\/fr\/wp-json\/wp\/v2\/media?parent=361020"}],"wp:term":[{"taxonomy":"category","embeddable":true,"href":"https:\/\/www.europesays.com\/fr\/wp-json\/wp\/v2\/categories?post=361020"},{"taxonomy":"post_tag","embeddable":true,"href":"https:\/\/www.europesays.com\/fr\/wp-json\/wp\/v2\/tags?post=361020"}],"curies":[{"name":"wp","href":"https:\/\/api.w.org\/{rel}","templated":true}]}}