{"id":361022,"date":"2025-09-02T15:11:09","date_gmt":"2025-09-02T15:11:09","guid":{"rendered":"https:\/\/www.europesays.com\/fr\/361022\/"},"modified":"2025-09-02T15:11:09","modified_gmt":"2025-09-02T15:11:09","slug":"tadej-pogacar-wout-van-aert-julian-alaphilippe-les-tetes-daffiche-des-gp-de-quebec-et-de-montreal-lequipe","status":"publish","type":"post","link":"https:\/\/www.europesays.com\/fr\/361022\/","title":{"rendered":"Tadej Pogacar, Wout Van Aert, Julian Alaphilippe : les t\u00eates d&#039;affiche des GP de Qu\u00e9bec et de Montr\u00e9al &#8211; L&#039;\u00c9quipe"},"content":{"rendered":"<ol>\n<li><a href=\"https:\/\/news.google.com\/rss\/articles\/CBMi8AFBVV95cUxQSzhSbWpVejBuN1hjVUdoeXRHRGxTRUNJLVMwT1ZJSlMtNjFlSWlfUUwtQjBfYUFFUTlfV1FZSEMwcm91NFhJZmlEZ3NOdWU0Rmxjek40OTlKNzlnZGJyc2dzblQ2NjFqem83UEtGanlKbUw3Q3E2NDE4aGJRclJkNmt6cU9wemRzLVdiazMwcS1xQVFLRENpMUM4SVJ2MHA4bGpoV0V2Vm9aWGJ0eS11RkhBRkJ3TkxMdTI3QUF6UFZ6LU5IWTktUU5lcjNTY0lSZ0xCTmEteENzcjNMdlA3R2I1TjVjOHRuZ2lENjRtek4?oc=5\" target=\"_blank\" rel=\"nofollow noopener\">Tadej Pogacar, Wout Van Aert, Julian Alaphilippe : les t\u00eates d&rsquo;affiche des GP de Qu\u00e9bec et de Montr\u00e9al<\/a>&nbsp;&nbsp;L&rsquo;\u00c9quipe<\/li>\n<li><a href=\"https:\/\/news.google.com\/rss\/articles\/CBMiwAFBVV95cUxPZ2Z1SXRJd2RicEVRbjVCU3Y4MXZ1T2ljeGxCcTE4OWYta3dWNXVUR21oaDgzQ2UxMzBwSEpaMVpmS24yTjZ0cGpLTkhUdWRnUzZtVW9ZXy0tcjF0S2dUYUdzQ2ZoMUtCMVE2UWpmNnI1QWx0SWY4dnZzVEUzUUNaTHFvclBZNzhSeGNqTUhjOUlMMVJsTHdncUpFVVpJV2wyY3ZtN2tjY0FWRXlYc2VtemRKR2RFSEs1Q0c4dy1vMHo?oc=5\" target=\"_blank\" rel=\"nofollow noopener\">Route &#8211; Pogacar, Van Aert&#8230; un plateau XXL pour les GP de Qu\u00e9bec et de Montr\u00e9al<\/a>&nbsp;&nbsp;Cyclism&rsquo;Actu<\/li>\n<li><a href=\"https:\/\/news.google.com\/rss\/articles\/CBMikAFBVV95cUxPQUJfamt3QlJkUk9kaTZGcV9Qa1RxdTBLWXRaS1JMUmZzQm0wbk5XMzZhTEtiemppajBXVEd6ZGNBQTlzR01Xa2hVU0RrQkVNM2gtMEQ0dG9uZ0x1bkl3RjI0dTNMb25sdXBkYUhNVmstbEJINlZMM1QxaXpjaUlxVlZpRDV3Z3FMSEV5blIzMUg?oc=5\" target=\"_blank\" rel=\"nofollow noopener\">Rendez-vous au Grand Prix Cycliste de Qu\u00e9bec<\/a>&nbsp;&nbsp;Le Journal de Qu\u00e9bec<\/li>\n<li><a href=\"https:\/\/news.google.com\/rss\/articles\/CBMieEFVX3lxTE5uYTFBMlpIZU5nZ2ZhcWlXM1BxTV82UGxJdmZFYl94V3oxRndoYU84ZVdINHlxMmw5XzcweWVEMTU2WV81NDZfdXZoQ1NSU1hxVWx0dTBUQVBSWGdEMzYwS3MzYU9YSFBaZUZ3N1NCZVFkalR3MDBSUA?oc=5\" target=\"_blank\" rel=\"nofollow noopener\">Grand Prix de Qu\u00e9bec 2025 &#8211; Parcours, engag\u00e9s, diffusion TV<\/a>&nbsp;&nbsp;TotalVelo<\/li>\n<li><a href=\"https:\/\/news.google.com\/rss\/articles\/CBMiiAFBVV95cUxOYXlBLV9EeGdnUGxHT0xTVTJSZlRnd21HX0pPdTBqbG5OLXl5NUs3NUNTY1JYeXctdHk5Rk9NTHZ2M204dlBpcWdUdndBRjJ0ei1oN1haREJ1VFRoaFJxOXFlN2JrbGxBNWFxX1R5R1VQT3N6c05rbGQzUEppd21JVWZKS1BUb05V?oc=5\" target=\"_blank\" rel=\"nofollow noopener\">Les Grands Prix cyclistes confirment la pr\u00e9sence de t\u00eates d\u2019affiche, dont van Aert<\/a>&nbsp;&nbsp;Radio-Canada<\/li>\n<\/ol>\n","protected":false},"excerpt":{"rendered":"Tadej Pogacar, Wout Van Aert, Julian Alaphilippe : les t\u00eates d&rsquo;affiche des GP de Qu\u00e9bec et de Montr\u00e9al&nbsp;&nbsp;L&rsquo;\u00c9quipe&hellip;\n","protected":false},"author":2,"featured_media":361023,"comment_status":"","ping_status":"","sticky":false,"template":"","format":"standard","meta":{"footnotes":""},"categories":[1411],"tags":[1154,207,1011,27,60],"class_list":{"0":"post-361022","1":"post","2":"type-post","3":"status-publish","4":"format-standard","5":"has-post-thumbnail","7":"category-cyclisme","8":"tag-cycling","9":"tag-cyclisme","10":"tag-fr","11":"tag-france","12":"tag-sports"},"share_on_mastodon":{"url":"https:\/\/pubeurope.com\/@fr\/115135347772944201","error":""},"_links":{"self":[{"href":"https:\/\/www.europesays.com\/fr\/wp-json\/wp\/v2\/posts\/361022","targetHints":{"allow":["GET"]}}],"collection":[{"href":"https:\/\/www.europesays.com\/fr\/wp-json\/wp\/v2\/posts"}],"about":[{"href":"https:\/\/www.europesays.com\/fr\/wp-json\/wp\/v2\/types\/post"}],"author":[{"embeddable":true,"href":"https:\/\/www.europesays.com\/fr\/wp-json\/wp\/v2\/users\/2"}],"replies":[{"embeddable":true,"href":"https:\/\/www.europesays.com\/fr\/wp-json\/wp\/v2\/comments?post=361022"}],"version-history":[{"count":0,"href":"https:\/\/www.europesays.com\/fr\/wp-json\/wp\/v2\/posts\/361022\/revisions"}],"wp:featuredmedia":[{"embeddable":true,"href":"https:\/\/www.europesays.com\/fr\/wp-json\/wp\/v2\/media\/361023"}],"wp:attachment":[{"href":"https:\/\/www.europesays.com\/fr\/wp-json\/wp\/v2\/media?parent=361022"}],"wp:term":[{"taxonomy":"category","embeddable":true,"href":"https:\/\/www.europesays.com\/fr\/wp-json\/wp\/v2\/categories?post=361022"},{"taxonomy":"post_tag","embeddable":true,"href":"https:\/\/www.europesays.com\/fr\/wp-json\/wp\/v2\/tags?post=361022"}],"curies":[{"name":"wp","href":"https:\/\/api.w.org\/{rel}","templated":true}]}}