{"id":361025,"date":"2025-09-02T15:13:12","date_gmt":"2025-09-02T15:13:12","guid":{"rendered":"https:\/\/www.europesays.com\/fr\/361025\/"},"modified":"2025-09-02T15:13:12","modified_gmt":"2025-09-02T15:13:12","slug":"les-photos-de-leonor-despagne-en-mode-top-gun-pour-poursuivre-sa-formation-militaire","status":"publish","type":"post","link":"https:\/\/www.europesays.com\/fr\/361025\/","title":{"rendered":"Les photos de Leonor d\u2019Espagne en mode Top Gun pour poursuivre sa formation militaire"},"content":{"rendered":"<p>                                    <img decoding=\"async\" src=\"https:\/\/www.europesays.com\/fr\/wp-content\/uploads\/2025\/09\/f69cc9d3686b0f16383ac2287c74e2f545ffbbe398f40e15bc840521a0ee6699.jpg\" alt=\"Quand la princesse Leonor d'Espagne est ignor\u00e9e par ses invit\u00e9s au palais royal\" class=\"a11y-hidden\" fetchpriority=\"high\"\/><\/p>\n<p>Lundi 1er septembre, la princesse des Asturies a repris sa formation militaire. Apr\u00e8s plusieurs mois en mer, la fille a\u00een\u00e9e du roi Felipe VI et de la reine Letizia d\u2019Espagne vient d\u2019int\u00e9grer l\u2019Acad\u00e9mie g\u00e9n\u00e9rale de l\u2019air et de l\u2019espace de San Javier.<\/p>\n<p class=\"fig-paragraph\">Apr\u00e8s avoir profit\u00e9 du soleil de Majorque et de la Gr\u00e8ce, Leonor d\u2019Espagne entame la derni\u00e8re \u00e9tape de\u00a0<a href=\"http:\/\/madame.lefigaro.fr\/celebrites\/actu-people\/en-images-les-adieux-emouvants-de-letizia-d-espagne-et-du-roi-felipe-vi-a-leur-fille-leonor-20250112\" data-fig-type=\"Article\" data-gtm-custom-categorie=\"navigation\" data-gtm-custom-action=\"crossclick\" data-gtm-custom-label=\"Contextuel\" data-gtm-event=\"customEventSPE\" data-fig-domain=\"MADAME\" target=\"_blank\" rel=\"noopener\">sa formation militaire<\/a>. En 2023, elle a d\u2019abord suivi un cycle \u00e0 l\u2019Acad\u00e9mie g\u00e9n\u00e9rale militaire de Saragosse, puis a int\u00e9gr\u00e9 l\u2019\u00c9cole navale de Mar\u00edn, en 2024, suivi d\u2019un p\u00e9riple de\u00a0<a href=\"http:\/\/madame.lefigaro.fr\/celebrites\/actu-people\/les-retrouvailles-emouvantes-de-la-reine-letizia-d-espagne-et-sa-fille-leonor-en-escale-au-panama-20250505\" data-fig-type=\"Article\" data-gtm-custom-categorie=\"navigation\" data-gtm-custom-action=\"crossclick\" data-gtm-custom-label=\"Contextuel\" data-gtm-event=\"customEventSPE\" data-fig-domain=\"MADAME\" target=\"_blank\" rel=\"noopener\">plusieurs mois \u00e0 bord du navire-\u00e9cole Juan Sebasti\u00e1n de Elcano<\/a> . Ce lundi 1er septembre, elle a int\u00e9gr\u00e9 l\u2019Acad\u00e9mie g\u00e9n\u00e9rale de l\u2019air et de l\u2019espace de San Javier, en Murcie. La princesse des Asturies s\u2019est donc pr\u00e9sent\u00e9e dans un nouvel uniforme pour son premier jour. Elle a ensuite rev\u00eatu la combinaison de vol, fa\u00e7on<a href=\"http:\/\/madame.lefigaro.fr\/celebrites\/merci-val-tom-cruise-rend-un-vibrant-hommage-a-son-tres-cher-ami-et-rival-dans-top-gun-val-kilmer-20250404\" data-fig-type=\"Article\" data-gtm-custom-categorie=\"navigation\" data-gtm-custom-action=\"crossclick\" data-gtm-custom-label=\"Contextuel\" data-gtm-event=\"customEventSPE\" data-fig-domain=\"MADAME\" target=\"_blank\" rel=\"noopener\">\u00a0Tom Cruise dans Top Gun<\/a>, pour d\u00e9couvrir les simulateurs et le cockpit des avions d\u2019instruction Pilatus PC-21, sur lesquels elle sera form\u00e9e avant de pouvoir r\u00e9aliser son premier vol en solo.<\/p>\n<p class=\"fig-body-link&#10;    \">\n            \u00c0 lire aussi<br \/>\n        <a class=\"fig-body-link__link\" href=\"http:\/\/madame.lefigaro.fr\/celebrites\/actu-people\/leonor-d-espagne-de-nouvelles-photos-volees-de-la-princesse-en-bikini-20250411\" data-fig-type=\"Article\" data-gtm-custom-categorie=\"navigation\" data-gtm-custom-action=\"crossclick\" data-gtm-custom-label=\"Contextuel\" data-gtm-event=\"customEventSPE\" data-fig-domain=\"MADAME\" target=\"_blank\" rel=\"noopener\">Leonor d\u2019Espagne\u00a0: de nouvelles photos vol\u00e9es de la princesse en bikini<\/a>\n<\/p>\n<p>    Leonor d\u2019Espagne \u00e0 bord d\u2019un avion d\u2019instruction. (San Javier, le 1er septembre 2025.)<br \/>\n                Europa Press\/ABACA<\/p>\n<p>\u00abJ\u2019attends avec impatience de suivre ce cursus\u00bb<\/p>\n<p class=\"fig-paragraph\">Pour son premier jour au sein de l\u2019Acad\u00e9mie, la fille a\u00een\u00e9e du roi Felipe VI et de la reine Letizia d\u2019Espagne a \u00e9t\u00e9 accueillie par le colonel Luis Felipe Gonz\u00e1lez Asenjo. \u00abJ\u2019entame aujourd\u2019hui la troisi\u00e8me \u00e9tape de ma formation militaire au sein de l\u2019Acad\u00e9mie g\u00e9n\u00e9rale de l\u2019air et de l\u2019espace. J\u2019attends avec impatience de suivre ce cursus, qui me permettra de d\u00e9buter ma formation a\u00e9ronautique et, aux c\u00f4t\u00e9s de mes camarades, d\u2019apprendre les aspects pratiques et th\u00e9oriques de l\u2019aviation militaire\u00bb, a \u00e9crit la princesse Leonor dans le livre d\u2019honneur de l\u2019\u00e9cole selon\u00a0<a href=\"https:\/\/www.pointdevue.fr\/royal\/espagne\/leonor-despagne-debute-sa-formation-dans-larmee-de-lair\" target=\"_blank\" rel=\"sponsored noopener\" data-gtm-custom-categorie=\"navigation\" data-gtm-custom-action=\"crossclick\" data-gtm-custom-label=\"Contextuel\" data-gtm-event=\"customEventSPE\">Point de Vue<\/a> .<\/p>\n<p>    Leonor d\u2019Espagne avec le colonel Luis Felipe Gonz\u00e1lez Asenjo. (San Javier, le 1er septembre 2025.)<br \/>\n                Europa Press\/ABACA<\/p>\n<p>                                    <a class=\"fig-a11y-skip a11y-hidden\" href=\"#fig-a11y-skip-main-inarticle\"><br \/>\n        Passer la publicit\u00e9<br \/>\n    <\/a><\/p>\n<p class=\"fig-paragraph\">La princesse int\u00e8gre la quatri\u00e8me ann\u00e9e de la promotion LXXVIII avec le grade de lieutenant \u00e9tudiant. Elle sera aux c\u00f4t\u00e9s d\u2019une soixantaine d\u2019\u00e9tudiants et devra suivre un quotidien en internat, un emploi du temps militaire strict, ainsi que plusieurs exercices physiques et une formation th\u00e9orique. Une ann\u00e9e charg\u00e9e attend l\u2019h\u00e9riti\u00e8re au tr\u00f4ne d\u2019Espagne.<\/p>\n","protected":false},"excerpt":{"rendered":"Lundi 1er septembre, la princesse des Asturies a repris sa formation militaire. Apr\u00e8s plusieurs mois en mer, la&hellip;\n","protected":false},"author":2,"featured_media":361026,"comment_status":"","ping_status":"","sticky":false,"template":"","format":"standard","meta":{"footnotes":""},"categories":[1359],"tags":[970,58,59,123,1011,27,973,971],"class_list":{"0":"post-361025","1":"post","2":"type-post","3":"status-publish","4":"format-standard","5":"has-post-thumbnail","7":"category-people","8":"tag-aristo-co","9":"tag-divertissement","10":"tag-entertainment","11":"tag-espagne","12":"tag-fr","13":"tag-france","14":"tag-people","15":"tag-royaute"},"share_on_mastodon":{"url":"https:\/\/pubeurope.com\/@fr\/115135355677605372","error":""},"_links":{"self":[{"href":"https:\/\/www.europesays.com\/fr\/wp-json\/wp\/v2\/posts\/361025","targetHints":{"allow":["GET"]}}],"collection":[{"href":"https:\/\/www.europesays.com\/fr\/wp-json\/wp\/v2\/posts"}],"about":[{"href":"https:\/\/www.europesays.com\/fr\/wp-json\/wp\/v2\/types\/post"}],"author":[{"embeddable":true,"href":"https:\/\/www.europesays.com\/fr\/wp-json\/wp\/v2\/users\/2"}],"replies":[{"embeddable":true,"href":"https:\/\/www.europesays.com\/fr\/wp-json\/wp\/v2\/comments?post=361025"}],"version-history":[{"count":0,"href":"https:\/\/www.europesays.com\/fr\/wp-json\/wp\/v2\/posts\/361025\/revisions"}],"wp:featuredmedia":[{"embeddable":true,"href":"https:\/\/www.europesays.com\/fr\/wp-json\/wp\/v2\/media\/361026"}],"wp:attachment":[{"href":"https:\/\/www.europesays.com\/fr\/wp-json\/wp\/v2\/media?parent=361025"}],"wp:term":[{"taxonomy":"category","embeddable":true,"href":"https:\/\/www.europesays.com\/fr\/wp-json\/wp\/v2\/categories?post=361025"},{"taxonomy":"post_tag","embeddable":true,"href":"https:\/\/www.europesays.com\/fr\/wp-json\/wp\/v2\/tags?post=361025"}],"curies":[{"name":"wp","href":"https:\/\/api.w.org\/{rel}","templated":true}]}}