{"id":361029,"date":"2025-09-02T15:15:17","date_gmt":"2025-09-02T15:15:17","guid":{"rendered":"https:\/\/www.europesays.com\/fr\/361029\/"},"modified":"2025-09-02T15:15:17","modified_gmt":"2025-09-02T15:15:17","slug":"natacha-de-la-simone-latelier-la-librairie-de-demain-sera-portee-par-le-desir-des-jeunes-libraires","status":"publish","type":"post","link":"https:\/\/www.europesays.com\/fr\/361029\/","title":{"rendered":"Natacha de la Simone (L\u2019Atelier) : \u00ab La librairie de demain sera port\u00e9e par le d\u00e9sir des jeunes libraires \u00bb"},"content":{"rendered":"<p>Alors que Livres Hebdo c\u00e9l\u00e8bre en septembre les cinq ans de sa nouvelle formule, la r\u00e9daction a interrog\u00e9 plusieurs acteurs du monde du livre pour leur demander o\u00f9 ils se voyaient dans cinq ans.\u00a0\u00c0 en croire quelques-unes des personnes interrog\u00e9es, nous voil\u00e0 \u00e0 l\u2019aube d\u2019un grand basculement.<\/p>\n<p>Acc\u00e9l\u00e9ration de l\u2019histoire ? Il y a cinq ans nous aurions peut-\u00eatre demand\u00e9 \u00e0 ces professionnels comment ils s\u2019imaginaient dans vingt. Toujours est-il que ces quelques r\u00e9ponses apporteront des esquisses de solution et des raisons d\u2019esp\u00e9rer, au moins autant que de s\u2019inqui\u00e9ter. Aujourd\u2019hui retour vers 2030 avec <strong>Natacha de la Simone<\/strong>, responsable de la librairie L&rsquo;Atelier, dans le XXe arrondissement de Paris\u00a0:<\/p>\n<p><strong>\u00ab\u00a0Je ne sais pas si le mod\u00e8le de librairie qui est le mien sera toujours d\u00e9sirable dans cinq-dix ans\u00a0\u00bb<\/strong><\/p>\n<p>\u00ab Pour la premi\u00e8re fois de ma vie professionnelle, depuis 25 ans, je ne suis plus tout \u00e0 fait s\u00fbre que perdurera d\u2019ici dix ans la forme de librairie \u00e0 laquelle je participe. Les \u00e9volutions des pratiques en amont et en aval se multiplient et s\u2019acc\u00e9l\u00e8rent, se font plus insistantes, plus manifestes. <\/p>\n<p>L\u2019usage des tablettes se g\u00e9n\u00e9ralise m\u00eame si cela reste un usage ponctuel, pour les vacances par exemple. Les livres audio aussi font flor\u00e8s, dans la foul\u00e9e des podcasts. Ce ne sont pas des gestes devenus principaux ou exclusifs mais \u00e7a grignote de l\u2019espace. Comme les livres d\u2019occasion. Sans compter les contingences \u00e9conomiques plus triviales, comme les loyers, les frais de port. <\/p>\n<p><strong>\u00ab\u00a0<\/strong>La librairie suivra n\u00e9cessairement le chemin que prendront les maisons d\u2019\u00e9dition et on sait combien ce paysage est bouscul\u00e9 ces derniers temps<strong>\u00a0\u00bb<\/strong><\/p>\n<p>Et puis la conception du m\u00e9tier plus g\u00e9n\u00e9ralement. D\u2019aucuns parlent aujourd\u2019hui de librairie \u201ccurat\u00e9e\u201d. Dr\u00f4le d\u2019id\u00e9e. En dehors des points Relay, o\u00f9 les \u00e9talages de presse comme de livres sont con\u00e7us par d\u2019autres, toutes les librairies refl\u00e8tent le choix de celles et ceux qui les tiennent. On oublie parfois que c\u2019est ce qui fait une librairie. M\u00eame si ces choix n\u2019apparaissent pas forc\u00e9ment radicaux ou explicites.<\/p>\n<p>Je ne sais pas si le mod\u00e8le de librairie qui est le mien, une librairie de quartier, qui fait le liant entre les \u00e2ges, les classes, les gens de passage et les habitu\u00e9s aux opinions vari\u00e9es, sera toujours d\u00e9sirable dans cinq-dix ans. Quoi qu\u2019il en soit la librairie suivra n\u00e9cessairement le chemin que prendront les maisons d\u2019\u00e9dition et on sait combien ce paysage est bouscul\u00e9 ces derniers temps. De toute fa\u00e7on, ce n\u2019est plus mon r\u00f4le d\u2019inventer la librairie de demain. Elle sera port\u00e9e par le d\u00e9sir des jeunes libraires, des jeunes \u00e9diteurs et \u00e9ditrices, de celles et ceux qui n\u2019ont pas aujourd\u2019hui 35 ans. Ils et elles sauront accommoder les pratiques de leur g\u00e9n\u00e9ration \u00e0 la n\u00e9cessit\u00e9 de maintenir des lieux o\u00f9 faire vivre et lire le papier. \u00bb<\/p>\n","protected":false},"excerpt":{"rendered":"Alors que Livres Hebdo c\u00e9l\u00e8bre en septembre les cinq ans de sa nouvelle formule, la r\u00e9daction a interrog\u00e9&hellip;\n","protected":false},"author":2,"featured_media":361030,"comment_status":"","ping_status":"","sticky":false,"template":"","format":"standard","meta":{"footnotes":""},"categories":[1357],"tags":[1379,58,59,1011,27,1380],"class_list":{"0":"post-361029","1":"post","2":"type-post","3":"status-publish","4":"format-standard","5":"has-post-thumbnail","7":"category-livres","8":"tag-books","9":"tag-divertissement","10":"tag-entertainment","11":"tag-fr","12":"tag-france","13":"tag-livres"},"share_on_mastodon":{"url":"https:\/\/pubeurope.com\/@fr\/115135363380254630","error":""},"_links":{"self":[{"href":"https:\/\/www.europesays.com\/fr\/wp-json\/wp\/v2\/posts\/361029","targetHints":{"allow":["GET"]}}],"collection":[{"href":"https:\/\/www.europesays.com\/fr\/wp-json\/wp\/v2\/posts"}],"about":[{"href":"https:\/\/www.europesays.com\/fr\/wp-json\/wp\/v2\/types\/post"}],"author":[{"embeddable":true,"href":"https:\/\/www.europesays.com\/fr\/wp-json\/wp\/v2\/users\/2"}],"replies":[{"embeddable":true,"href":"https:\/\/www.europesays.com\/fr\/wp-json\/wp\/v2\/comments?post=361029"}],"version-history":[{"count":0,"href":"https:\/\/www.europesays.com\/fr\/wp-json\/wp\/v2\/posts\/361029\/revisions"}],"wp:featuredmedia":[{"embeddable":true,"href":"https:\/\/www.europesays.com\/fr\/wp-json\/wp\/v2\/media\/361030"}],"wp:attachment":[{"href":"https:\/\/www.europesays.com\/fr\/wp-json\/wp\/v2\/media?parent=361029"}],"wp:term":[{"taxonomy":"category","embeddable":true,"href":"https:\/\/www.europesays.com\/fr\/wp-json\/wp\/v2\/categories?post=361029"},{"taxonomy":"post_tag","embeddable":true,"href":"https:\/\/www.europesays.com\/fr\/wp-json\/wp\/v2\/tags?post=361029"}],"curies":[{"name":"wp","href":"https:\/\/api.w.org\/{rel}","templated":true}]}}