{"id":361031,"date":"2025-09-02T15:16:09","date_gmt":"2025-09-02T15:16:09","guid":{"rendered":"https:\/\/www.europesays.com\/fr\/361031\/"},"modified":"2025-09-02T15:16:09","modified_gmt":"2025-09-02T15:16:09","slug":"pour-la-premiere-de-magali-berdah-sur-sud-radio-julien-odoul-revele-avoir-passe-le-casting-de-lile-de-la-tentation-pour-etre-tentateur-puremedias","status":"publish","type":"post","link":"https:\/\/www.europesays.com\/fr\/361031\/","title":{"rendered":"Pour la premi\u00e8re de Magali Berdah sur Sud Radio, Julien Odoul r\u00e9v\u00e8le avoir &quot;pass\u00e9 le casting&quot; de &quot;L&#039;\u00cele de la tentation&quot; pour \u00eatre &quot;tentateur&quot; &#8211; puremedias"},"content":{"rendered":"<ol>\n<li><a href=\"https:\/\/news.google.com\/rss\/articles\/CBMi_AFBVV95cUxNVVlGeV9NWjlwQ3J0enpoTThreV9hRjBZTmZfa1RmSVNIaGZhYlBtd3lzUzRwSDJ2LXdiRzM2S0U4Q2cxNGRycTl0VVFOWWF3U0poSHpXcHU3RTBHZGpDQWFYd1JKT0ZTV1ZxS2RMRVhRTVNRWWNjZ2xCaFFfTk5nbVJ1cFJMaVhwM1dKWlRiZDJmVl9mMkZHa2NDRUV6NTRrZmp2Y3lsTUVlTFF1NUFVRW4tS1JLcHM3UWFfbDdwQzNFMl9zRHktWnlaTFllUGoxRDFaNnRoajk2TG5HcTVXLTNVX2Y0Rk83QUhWS2Z0QWJIRmItQVVhV09Sdjk?oc=5\" target=\"_blank\" rel=\"nofollow noopener\">Pour la premi\u00e8re de Magali Berdah sur Sud Radio, Julien Odoul r\u00e9v\u00e8le avoir \u00ab\u00a0pass\u00e9 le casting\u00a0\u00bb de \u00ab\u00a0L&rsquo;\u00cele de la tentation\u00a0\u00bb pour \u00eatre \u00ab\u00a0tentateur\u00a0\u00bb<\/a>&nbsp;&nbsp;puremedias<\/li>\n<li><a href=\"https:\/\/news.google.com\/rss\/articles\/CBMifEFVX3lxTE9wQWwydVVEdzhOeDkydjBwNkl2cmpqbk5KNWQtemZvSWVYZXp1bUYtUFZmTUpWOFRWVmZVM2tQby1uS1pHYUdnYjFaOU1kV1l0MTYyRDh5VTV2N1p5VXMwbzlXTDNiZ2twVmVkRXJnbExjWm1wLUZNVWtFQ0w?oc=5\" target=\"_blank\" rel=\"nofollow noopener\">Sud Radio d\u00e9voile sa grille de rentr\u00e9e &#8211;<\/a>&nbsp;&nbsp;Sud Radio<\/li>\n<li><a href=\"https:\/\/news.google.com\/rss\/articles\/CBMi-AFBVV95cUxNcUdVbU9UWkYwbklMTHVGcFdzSXg4Q1BuSk1rY2pnWkN0a3JnY3hfb1lpUHdzSDZiWGhvaTIxQW90QjNidVRoc3Z2cDNUeS1QV3cxWklIS1RySXMxY0M1LWtaUEZnNmN4bHBhbHFYcDlBbVVOVDFtVjJLSkYwTzFlSjhqVDhRUTgwV29SZVdnVXNfVjdONkRxNlVNS3dYSjR5SUFGX2dYOG5vNmxlRy1IOTlFeWZTVmhIWlFud2xHUEVUV1JUY2hoemZkT0YzdjhqUmZnblozZl9lc2JGcGYtSmp6dVZHUUIyS0NhUU1hNnZhSVdHeHFiMQ?oc=5\" target=\"_blank\" rel=\"nofollow noopener\">Magali Berdah rejoint Sud Radio pour faire d\u00e9battre influenceurs et politiques<\/a>&nbsp;&nbsp;Le Parisien<\/li>\n<li><a href=\"https:\/\/news.google.com\/rss\/articles\/CBMiggNBVV95cUxQT18xUWdWT3BUQncwYkhYd3pEcnBDc2dFbGsxZDVoQzV3cl9kdHdkWUZaVW1ZV3N0WGJXV3ZwNG85bXNkcFpXSUVKcVF4TnpUdUxlNllDb2duNklqZmZWamZWSFY2TktZakJ5VC10Q0lBMXU2aU4yZnpLeUpBOEN0bC1TOGVuR3VxN2Z6VDkzdUdWUlJsdGpfcGZLSFoxQm5MbXF5YmFhTDQ2bTF5b2R4TEJwMTFCQ0plX2JyMnBuYnI5eTBDemxUTjc0a0RYazFoRm83aEtTc0hZVHhMVG1YaTZHdUYtRnZzcWoxSkdVQ0pNTlpVSGwxVFZVcl96UzlhOEMxWXVZYnlBd0RYZUtqbTdmQnJfSnZwUkZLVVpBQXBqNmNzd09wRVRoeXM1RDBFNkppWFllVkVOWjlmelo0MlJFLVlza3hVNjJsc3k2LVU1MVBSbWxlS3lRVWdWNmxLVkxvVVgxZlEwaF9tdzRWellWVzFtalJzUHdyWW1MelZ6QQ?oc=5\" target=\"_blank\" rel=\"nofollow noopener\">Magali Berdah &#8211; \u00ab\u00a0La honte\u00a0\u00bb, \u00ab\u00a0Une promotion pour quelqu&rsquo;un qui devrait \u00eatre en taule\u00a0\u00bb, \u00ab\u00a0L&rsquo;escroquerie donne des carri\u00e8res\u00a0\u00bb, \u00ab\u00a0Si on a un casier vierge, on a aussi le droit de travailler ?\u00a0\u00bb : les internautes scandalis\u00e9s par son arriv\u00e9e sur Sud Radio<\/a>&nbsp;&nbsp;Yahoo Life France<\/li>\n<li><a href=\"https:\/\/news.google.com\/rss\/articles\/CBMiggFBVV95cUxNcHUydWZCWkpoVXl1QVVESzRBcFE3R3Z4RGR5QmdxMmhTOWJMbHBOSkFZUDFKNkY2V2piNDZQYW1FeUlsSHhJWkhxX1hjZW9HVGkxaXVZeG1kVFhSZmhQSS1uRnpaUjhsMnZ3SFhER3ZQWERHWE4tMzAzeUJDUnhjQnh3?oc=5\" target=\"_blank\" rel=\"nofollow noopener\">Les nouveaut\u00e9s de la grille 2025-2026 de Sud Radio<\/a>&nbsp;&nbsp;CB News<\/li>\n<\/ol>\n","protected":false},"excerpt":{"rendered":"Pour la premi\u00e8re de Magali Berdah sur Sud Radio, Julien Odoul r\u00e9v\u00e8le avoir \u00ab\u00a0pass\u00e9 le casting\u00a0\u00bb de \u00ab\u00a0L&rsquo;\u00cele&hellip;\n","protected":false},"author":2,"featured_media":1445,"comment_status":"","ping_status":"","sticky":false,"template":"","format":"standard","meta":{"footnotes":""},"categories":[1356],"tags":[58,59,1011,27,252,1364],"class_list":{"0":"post-361031","1":"post","2":"type-post","3":"status-publish","4":"format-standard","5":"has-post-thumbnail","7":"category-television","8":"tag-divertissement","9":"tag-entertainment","10":"tag-fr","11":"tag-france","12":"tag-television","13":"tag-tv"},"share_on_mastodon":{"url":"https:\/\/pubeurope.com\/@fr\/115135367468112045","error":""},"_links":{"self":[{"href":"https:\/\/www.europesays.com\/fr\/wp-json\/wp\/v2\/posts\/361031","targetHints":{"allow":["GET"]}}],"collection":[{"href":"https:\/\/www.europesays.com\/fr\/wp-json\/wp\/v2\/posts"}],"about":[{"href":"https:\/\/www.europesays.com\/fr\/wp-json\/wp\/v2\/types\/post"}],"author":[{"embeddable":true,"href":"https:\/\/www.europesays.com\/fr\/wp-json\/wp\/v2\/users\/2"}],"replies":[{"embeddable":true,"href":"https:\/\/www.europesays.com\/fr\/wp-json\/wp\/v2\/comments?post=361031"}],"version-history":[{"count":0,"href":"https:\/\/www.europesays.com\/fr\/wp-json\/wp\/v2\/posts\/361031\/revisions"}],"wp:featuredmedia":[{"embeddable":true,"href":"https:\/\/www.europesays.com\/fr\/wp-json\/wp\/v2\/media\/1445"}],"wp:attachment":[{"href":"https:\/\/www.europesays.com\/fr\/wp-json\/wp\/v2\/media?parent=361031"}],"wp:term":[{"taxonomy":"category","embeddable":true,"href":"https:\/\/www.europesays.com\/fr\/wp-json\/wp\/v2\/categories?post=361031"},{"taxonomy":"post_tag","embeddable":true,"href":"https:\/\/www.europesays.com\/fr\/wp-json\/wp\/v2\/tags?post=361031"}],"curies":[{"name":"wp","href":"https:\/\/api.w.org\/{rel}","templated":true}]}}