{"id":361032,"date":"2025-09-02T15:17:09","date_gmt":"2025-09-02T15:17:09","guid":{"rendered":"https:\/\/www.europesays.com\/fr\/361032\/"},"modified":"2025-09-02T15:17:09","modified_gmt":"2025-09-02T15:17:09","slug":"cette-aventure-humaine-ma-completement-chamboulee","status":"publish","type":"post","link":"https:\/\/www.europesays.com\/fr\/361032\/","title":{"rendered":"\u201cCette aventure humaine m\u2019a compl\u00e8tement chamboul\u00e9e\u201d"},"content":{"rendered":"<p>      VID\u00c9O \u2014 Festival de Cannes, JO de Paris, tourn\u00e9e des Zenith, ouverture \u00e0 l\u2019international\u2026\u00a0Et maintenant une tourn\u00e9e symphonique\u00a0! L\u2019artiste nazairienne refait le film de l\u2019ann\u00e9e \u00e9coul\u00e9e, durant laquelle sa carri\u00e8re a bascul\u00e9.                                 <\/p>\n<p class=\"author author--simple\">Par  <a class=\"author author--link\" href=\"https:\/\/www.telerama.fr\/recherche\/articles?q=Odile+de+Plas%2C\" rel=\"nofollow noopener\" target=\"_blank\"> Odile de Plas, <\/a>        <a class=\"author author--link\" href=\"https:\/\/www.telerama.fr\/recherche\/articles?q=Marine+Le+Goh%C3%A9bel\" rel=\"nofollow noopener\" target=\"_blank\"> Marine Le Goh\u00e9bel <\/a>    <\/p>\n<p class=\"publication__date\">Publi\u00e9 le 02 septembre 2025 \u00e0 14h00<\/p>\n<p>   Partager   <\/p>\n<ul class=\"sharing-popin--results\">\n<li class=\"sharing-popin--item sharing-popin--item-container\"> Partage  <\/li>\n<li data-share=\"linkedin\" class=\"sharing-popin--item\">  LinkedIn <\/li>\n<li data-share=\"facebook\" class=\"sharing-popin--item\">  Facebook <\/li>\n<li data-share=\"mail\" data-social=\"mail\" class=\"sharing-popin--item\">  Envoyer par email <\/li>\n<li data-share=\"copy\" class=\"sharing-popin--item\">  Copier le lien <\/li>\n<\/ul>\n<p>        Favoris       <\/p>\n<p>                <a class=\"openapp__link\" data-event=\"click-open-app\" data-deep-link=\"tlrm:\/\/element?id=\/musique\/la-folle-annee-de-zaho-de-sagazan-cette-aventure-humaine-m-a-completement-chamboulee-7027165.php&amp;source=deeplink_site\">  Lire dans l&rsquo;application<br \/>\n  <\/a>                               <\/p>\n<p class=\"paragraph\">C\u2018est devenu un rendez-vous entre Zaho de Sagazan et T\u00e9l\u00e9rama. Une rencontre, chaque ann\u00e9e, pour faire le point sur l\u2019ann\u00e9e \u00e9coul\u00e9e. Parce que tout est all\u00e9 tr\u00e8s vite pour la chanteuse nazairienne, encore plus loin qu\u2019imagin\u00e9 de part et d\u2019autre \u00e0 <a target=\"_blank\" href=\"https:\/\/www.telerama.fr\/musique\/zaho-de-sagazan-une-voix-qui-s-elance-7014920.php\" rel=\"nofollow noopener\">la sortie de la Symphonie des \u00e9clairs<\/a>, en mars 2023.<\/p>\n<p class=\"paragraph\">Nous avions donc revu la chanteuse en mai 2024. L\u2019Europe, nous avait-elle confi\u00e9 \u00e0 la fin de l\u2019entretien, s\u2019ouvrait \u00e0 sa musique, l\u2019international lui tendait les bras. Mais qui aurait imagin\u00e9, alors, qu\u2019elle jouerait \u00e0 Berlin, Londres, Montr\u00e9al, New York et Los Angeles\u00a0? Qui aurait imagin\u00e9, alors, qu\u2019elle danserait devant Greta Gerwig au Festival de Cannes\u00a0? Qui aurait imagin\u00e9 qu\u2019elle chanterait devant la vasque olympique\u00a0? Qui aurait imagin\u00e9 qu\u2019elle lancerait une tourn\u00e9e symphonique apr\u00e8s des Z\u00e9nith combles\u00a0?<\/p>\n<p class=\"edito__prefixe\">   \u00c0 lire aussi :   <\/p>\n<p class=\"edito__text-container\">   <a alt=\"Lire aussi\" href=\"https:\/\/www.telerama.fr\/musique\/je-dirais-a-la-zaho-de-sagazan-d-il-y-a-un-an-fais-un-gros-dodo-ma-cocotte-et-n-aie-pas-peur-7020148.php\" class=\"article__title--edito\" rel=\"nofollow noopener\" target=\"_blank\">\u201cJe dirais \u00e0 la Zaho de Sagazan d\u2019il y a un an\u00a0: \u2018Fais un gros dodo, ma cocotte, et n\u2019aie pas peur\u2019\u201d<\/a>  <\/p>\n<p class=\"paragraph\">Personne, et c\u2019est pour cette raison qu\u2019il \u00e9tait temps de faire notre bilan d\u2019\u00e9tape. Avec un peu de retard il est vrai (qui aurait imagin\u00e9 la t\u00eate de son emploi du temps en\u00a0 2025\u00a0?) mais aussi, comme toujours, beaucoup de sinc\u00e9rit\u00e9. Rencontre \u00ab\u00a0un an apr\u00e8s\u00a0\u00bb avec Zaho de Sagazan, o\u00f9 il est question d\u2019amour et de duolingo.<\/p>\n<p>Zaho de Sagazan sera en concert \u00e0 l\u2019Olympia \u00e0 partir du 3\u00a0septembre<\/p>\n","protected":false},"excerpt":{"rendered":"VID\u00c9O \u2014 Festival de Cannes, JO de Paris, tourn\u00e9e des Zenith, ouverture \u00e0 l\u2019international\u2026\u00a0Et maintenant une tourn\u00e9e symphonique\u00a0!&hellip;\n","protected":false},"author":2,"featured_media":361033,"comment_status":"","ping_status":"","sticky":false,"template":"","format":"standard","meta":{"footnotes":""},"categories":[1355],"tags":[58,59,1011,27,1361,873],"class_list":{"0":"post-361032","1":"post","2":"type-post","3":"status-publish","4":"format-standard","5":"has-post-thumbnail","7":"category-musique","8":"tag-divertissement","9":"tag-entertainment","10":"tag-fr","11":"tag-france","12":"tag-music","13":"tag-musique"},"share_on_mastodon":{"url":"https:\/\/pubeurope.com\/@fr\/115135371268704854","error":""},"_links":{"self":[{"href":"https:\/\/www.europesays.com\/fr\/wp-json\/wp\/v2\/posts\/361032","targetHints":{"allow":["GET"]}}],"collection":[{"href":"https:\/\/www.europesays.com\/fr\/wp-json\/wp\/v2\/posts"}],"about":[{"href":"https:\/\/www.europesays.com\/fr\/wp-json\/wp\/v2\/types\/post"}],"author":[{"embeddable":true,"href":"https:\/\/www.europesays.com\/fr\/wp-json\/wp\/v2\/users\/2"}],"replies":[{"embeddable":true,"href":"https:\/\/www.europesays.com\/fr\/wp-json\/wp\/v2\/comments?post=361032"}],"version-history":[{"count":0,"href":"https:\/\/www.europesays.com\/fr\/wp-json\/wp\/v2\/posts\/361032\/revisions"}],"wp:featuredmedia":[{"embeddable":true,"href":"https:\/\/www.europesays.com\/fr\/wp-json\/wp\/v2\/media\/361033"}],"wp:attachment":[{"href":"https:\/\/www.europesays.com\/fr\/wp-json\/wp\/v2\/media?parent=361032"}],"wp:term":[{"taxonomy":"category","embeddable":true,"href":"https:\/\/www.europesays.com\/fr\/wp-json\/wp\/v2\/categories?post=361032"},{"taxonomy":"post_tag","embeddable":true,"href":"https:\/\/www.europesays.com\/fr\/wp-json\/wp\/v2\/tags?post=361032"}],"curies":[{"name":"wp","href":"https:\/\/api.w.org\/{rel}","templated":true}]}}