{"id":361036,"date":"2025-09-02T15:19:10","date_gmt":"2025-09-02T15:19:10","guid":{"rendered":"https:\/\/www.europesays.com\/fr\/361036\/"},"modified":"2025-09-02T15:19:10","modified_gmt":"2025-09-02T15:19:10","slug":"faire-la-sociologie-dune-ville-moyenne-lexemple-de-grenoble","status":"publish","type":"post","link":"https:\/\/www.europesays.com\/fr\/361036\/","title":{"rendered":"Faire la sociologie d&rsquo;une ville moyenne\u00a0: l&rsquo;exemple de Grenoble"},"content":{"rendered":"<p class=\"PopSlotParagraph qg-tx2 qg-xtra-lh svelte-1r0pyek\">La plupart des villes sont associ\u00e9es \u00e0 des images st\u00e9r\u00e9otyp\u00e9es, et Grenoble n&rsquo;y \u00e9chappe pas\u00a0: qualifi\u00e9e parfois de Silicon Valley fran\u00e7aise, \u00e9picentre de l&rsquo;innovation, tant\u00f4t d\u00e9crite comme un lieu marqu\u00e9 par une violence end\u00e9mique, quelle est la r\u00e9alit\u00e9 de Grenoble derri\u00e8re ces st\u00e9r\u00e9otypes\u00a0? Un collectif de 17 sociologues ont co-\u00e9crit un ouvrage aux \u00e9ditions de la D\u00e9couverte pour r\u00e9pondre \u00e0 cette question. Pour nous en parler, Guillaume Erner re\u00e7oit <strong>Sofia Aouani,<\/strong> chercheuse postdoctorale au Centre de sociologie des organisations de Sciences Po Paris et docteure en sociologie \u00e0 l\u2019Universit\u00e9 de Grenoble-Alpes.<\/p>\n<p> Grenoble face \u00e0 des st\u00e9r\u00e9otypes ancr\u00e9s<\/p>\n<p class=\"PopSlotParagraph qg-tx2 qg-xtra-lh svelte-1r0pyek\">Sofia Aouani nous explique que la ville de Grenoble fait face \u00e0 deux pr\u00e9jug\u00e9s majeurs. Elle b\u00e9n\u00e9ficie d\u2019une part d\u2019une image positive puisqu\u2019elle est d\u00e9crite comme une ville d\u2019innovation, motrice de transformations \u00e0 la fois sur le plan politique et technologique.<\/p>\n<p class=\"PopSlotParagraph qg-tx2 qg-xtra-lh svelte-1r0pyek\">D\u2019un autre c\u00f4t\u00e9, la ville est aussi per\u00e7ue comme oppressante du fait de la pollution, mais aussi de la violence qui semble s\u2019y exercer.<\/p>\n<p> Des pr\u00e9jug\u00e9s nuanc\u00e9s par un portrait sociologique de la ville<\/p>\n<p class=\"PopSlotParagraph qg-tx2 qg-xtra-lh svelte-1r0pyek\">Le collectif de sociologues ayant \u00e9tudi\u00e9 la ville apporte un regard scientifique sur ces pr\u00e9jug\u00e9s en identifiant et en donnant un contexte \u00e0 ces repr\u00e9sentations. L\u2019\u00e9tude montre alors que les clich\u00e9s au sujet de la ville de Grenoble r\u00e9sultent d\u2019une dramatisation des faits et d\u2019une construction politique, notamment v\u00e9hicul\u00e9e par des discours liants violence et immigration.<\/p>\n","protected":false},"excerpt":{"rendered":"La plupart des villes sont associ\u00e9es \u00e0 des images st\u00e9r\u00e9otyp\u00e9es, et Grenoble n&rsquo;y \u00e9chappe pas\u00a0: qualifi\u00e9e parfois de&hellip;\n","protected":false},"author":2,"featured_media":361037,"comment_status":"","ping_status":"","sticky":false,"template":"","format":"standard","meta":{"footnotes":""},"categories":[10],"tags":[1011,27,72,71],"class_list":{"0":"post-361036","1":"post","2":"type-post","3":"status-publish","4":"format-standard","5":"has-post-thumbnail","7":"category-sante","8":"tag-fr","9":"tag-france","10":"tag-health","11":"tag-sante"},"share_on_mastodon":{"url":"https:\/\/pubeurope.com\/@fr\/115135379207836726","error":""},"_links":{"self":[{"href":"https:\/\/www.europesays.com\/fr\/wp-json\/wp\/v2\/posts\/361036","targetHints":{"allow":["GET"]}}],"collection":[{"href":"https:\/\/www.europesays.com\/fr\/wp-json\/wp\/v2\/posts"}],"about":[{"href":"https:\/\/www.europesays.com\/fr\/wp-json\/wp\/v2\/types\/post"}],"author":[{"embeddable":true,"href":"https:\/\/www.europesays.com\/fr\/wp-json\/wp\/v2\/users\/2"}],"replies":[{"embeddable":true,"href":"https:\/\/www.europesays.com\/fr\/wp-json\/wp\/v2\/comments?post=361036"}],"version-history":[{"count":0,"href":"https:\/\/www.europesays.com\/fr\/wp-json\/wp\/v2\/posts\/361036\/revisions"}],"wp:featuredmedia":[{"embeddable":true,"href":"https:\/\/www.europesays.com\/fr\/wp-json\/wp\/v2\/media\/361037"}],"wp:attachment":[{"href":"https:\/\/www.europesays.com\/fr\/wp-json\/wp\/v2\/media?parent=361036"}],"wp:term":[{"taxonomy":"category","embeddable":true,"href":"https:\/\/www.europesays.com\/fr\/wp-json\/wp\/v2\/categories?post=361036"},{"taxonomy":"post_tag","embeddable":true,"href":"https:\/\/www.europesays.com\/fr\/wp-json\/wp\/v2\/tags?post=361036"}],"curies":[{"name":"wp","href":"https:\/\/api.w.org\/{rel}","templated":true}]}}