{"id":361039,"date":"2025-09-02T15:21:11","date_gmt":"2025-09-02T15:21:11","guid":{"rendered":"https:\/\/www.europesays.com\/fr\/361039\/"},"modified":"2025-09-02T15:21:11","modified_gmt":"2025-09-02T15:21:11","slug":"cest-quoi-cette-polemique-avec-will-smith-et-lia","status":"publish","type":"post","link":"https:\/\/www.europesays.com\/fr\/361039\/","title":{"rendered":"C&rsquo;est quoi cette pol\u00e9mique avec Will Smith et l&rsquo;IA ?"},"content":{"rendered":"<p>La s\u00e9quence, diffus\u00e9e sur les r\u00e9seaux sociaux et YouTube Shorts a rapidement fait le tour de la toile. Alors que Will Smith \u2014 remont\u00e9 sur sc\u00e8ne cet \u00e9t\u00e9 partageait des vid\u00e9os de sa tourn\u00e9e europ\u00e9enne, notamment en France et en Suisse, plusieurs d\u00e9tails ont alert\u00e9 les internautes. En cause, des <strong>visages d\u00e9form\u00e9s, des mains aux doigts surnum\u00e9raires<\/strong>, et des corps aux proportions incoh\u00e9rentes, signes g\u00e9n\u00e9ralement assez clairs d\u2019une intervention de l\u2019IA. Il n\u2019en fallait pas plus pour que certains s\u2019indignent, suspectant Will Smith d\u2019avoir g\u00e9n\u00e9r\u00e9 de faux spectateurs pour gonfler artificiellement le succ\u00e8s de ses concerts.<\/p>\n<p>    <a href=\"https:\/\/www.youtube.com\/user\/JournalduGeek?sub_confirmation=1\" target=\"_blank\" rel=\"nofollow noopener\"><br \/>\n        S&rsquo;abonner \u00e0 Journal du Geek<br \/>\n    <\/a> Will Smith a-t-il trich\u00e9 sur le nombre de spectateurs\u00a0? <\/p>\n<p>Une enqu\u00eate men\u00e9e par le blogueur Andy Baio sur son site <a href=\"https:\/\/waxy.org\/2025\/08\/will-smiths-concert-crowds-were-real-but-ai-is-blurring-the-lines\/\" target=\"_blank\" rel=\"noopener\">Waxy.org<\/a>, et corrobor\u00e9e par les journalistes de TF1 prouve pourtant que les spectateurs et les spectatrices pr\u00e9sents dans cette vid\u00e9o \u00e9taient bel et bien r\u00e9els.\u00a0Une analyse croisant les images d\u00e9form\u00e9es avec des photos prises lors des m\u00eames concerts, publi\u00e9es sur le compte Instagram de Will Smith et celles du public, r\u00e9v\u00e8le en effet que les personnes sont identifiables. On ne peut donc pas accuser le chanteur d\u2019avoir artificiellement grossi les foules de son concert. <strong>Mais du coup, que s\u2019est-il pass\u00e9\u00a0?<\/strong><\/p>\n<p> De l\u2019IA, oui, mais <\/p>\n<p>L\u2019origine du malaise provient de l\u2019utilisation de <a href=\"https:\/\/www.journaldugeek.com\/2025\/08\/01\/creer-sa-propre-serie-animee-grace-a-lia-amazon-y-croit-avec-showrunner\/\" target=\"_blank\" rel=\"noopener\">logiciels d\u2019animation bas\u00e9s sur l\u2019IA<\/a>, comme Runway ou Veo 3, par les \u00e9quipes de Will Smith. Au lieu d\u2019utiliser de v\u00e9ritables vid\u00e9o, les organisateurs ont anim\u00e9 des photos officielles de la tourn\u00e9e pour g\u00e9n\u00e9rer des s\u00e9quences anim\u00e9es. Sauf que si ce type d\u2019outils est de plus en plus efficace, ils se r\u00e9v\u00e8lent particuli\u00e8rement m\u00e9diocres dans des contextes complexes comme une foule dense.<\/p>\n<p> <img loading=\"lazy\" decoding=\"async\" class=\"size-full wp-image-50569039\" src=\"https:\/\/www.europesays.com\/fr\/wp-content\/uploads\/2025\/09\/will-smith-concert.jpg\" alt=\"Will Smith Concert\" width=\"1920\" height=\"1280\"  \/>\u00a9 Will Smith <\/p>\n<p>La version publi\u00e9e sur YouTube Shorts pr\u00e9sentait des distorsions encore plus marqu\u00e9es, amplifi\u00e9es par l\u2019application automatique de filtres d\u2019am\u00e9lioration bas\u00e9s sur l\u2019IA, test\u00e9s r\u00e9cemment par YouTube. Ce traitement num\u00e9rique, destin\u00e9 \u00e0 accentuer le contraste et la nettet\u00e9, d\u00e9nature parfois les visages et les corps, <strong>alimentant la perception d\u2019un contenu truqu\u00e9<\/strong>. Will Smith et son \u00e9quipe n\u2019ont, \u00e0 ce jour, pas souhait\u00e9 commenter publiquement la pol\u00e9mique.<\/p>\n<p>La controverse autour de Will Smith cristallise une probl\u00e9matique majeure li\u00e9e \u00e0 l\u2019intelligence artificielle. De plus en plus de contenu produit en ligne utilise des <strong>outils de g\u00e9n\u00e9ration pour embellir, am\u00e9liorer<\/strong> ou (dans ce cas pr\u00e9cis) transformer des visuels existants en vid\u00e9os. Sauf que tout le monde n\u2019a pas le talent et les capacit\u00e9s techniques pour produire un rendu de qualit\u00e9.\u00a0C\u2019est moins la technologie qui est en cause que sa mauvaise application, ou son exc\u00e8s. En cherchant \u00e0 dynamiser un contenu promotionnel, l\u2019\u00e9quipe de Smith a involontairement brouill\u00e9 la ligne entre le vrai et le faux, et provoqu\u00e9 la suspicion des internautes.<\/p>\n<blockquote>\n<p class=\"text-base text-neutral-700 dark:text-neutral-300\">\ud83d\udfe3 Pour ne manquer aucune news sur le Journal du Geek, abonnez-vous sur <a href=\"https:\/\/news.google.com\/publications\/CAAqBwgKMNr_hAswwYyCAw?hl=fr&amp;gl=FR&amp;ceid=FR%3Afr\" target=\"_blank\" rel=\"noopener\">Google Actualit\u00e9s<\/a> et sur <a href=\"https:\/\/whatsapp.com\/channel\/0029VaClM5y4tRry12tb7D2h\" target=\"_blank\" rel=\"noopener\">notre WhatsApp<\/a>. Et si vous nous adorez, on a <a href=\"https:\/\/www.journaldugeek.com\/newsletter\/\" target=\"_blank\" rel=\"noopener\">une newsletter tous les matins<\/a>.<\/p>\n<\/blockquote>\n","protected":false},"excerpt":{"rendered":"La s\u00e9quence, diffus\u00e9e sur les r\u00e9seaux sociaux et YouTube Shorts a rapidement fait le tour de la toile.&hellip;\n","protected":false},"author":2,"featured_media":361040,"comment_status":"","ping_status":"","sticky":false,"template":"","format":"standard","meta":{"footnotes":""},"categories":[8],"tags":[58,59,1011,27,861,223,33623],"class_list":{"0":"post-361039","1":"post","2":"type-post","3":"status-publish","4":"format-standard","5":"has-post-thumbnail","7":"category-divertissement","8":"tag-divertissement","9":"tag-entertainment","10":"tag-fr","11":"tag-france","12":"tag-ia","13":"tag-intelligence-artificielle","14":"tag-will-smith"},"share_on_mastodon":{"url":"https:\/\/pubeurope.com\/@fr\/115135387522713264","error":""},"_links":{"self":[{"href":"https:\/\/www.europesays.com\/fr\/wp-json\/wp\/v2\/posts\/361039","targetHints":{"allow":["GET"]}}],"collection":[{"href":"https:\/\/www.europesays.com\/fr\/wp-json\/wp\/v2\/posts"}],"about":[{"href":"https:\/\/www.europesays.com\/fr\/wp-json\/wp\/v2\/types\/post"}],"author":[{"embeddable":true,"href":"https:\/\/www.europesays.com\/fr\/wp-json\/wp\/v2\/users\/2"}],"replies":[{"embeddable":true,"href":"https:\/\/www.europesays.com\/fr\/wp-json\/wp\/v2\/comments?post=361039"}],"version-history":[{"count":0,"href":"https:\/\/www.europesays.com\/fr\/wp-json\/wp\/v2\/posts\/361039\/revisions"}],"wp:featuredmedia":[{"embeddable":true,"href":"https:\/\/www.europesays.com\/fr\/wp-json\/wp\/v2\/media\/361040"}],"wp:attachment":[{"href":"https:\/\/www.europesays.com\/fr\/wp-json\/wp\/v2\/media?parent=361039"}],"wp:term":[{"taxonomy":"category","embeddable":true,"href":"https:\/\/www.europesays.com\/fr\/wp-json\/wp\/v2\/categories?post=361039"},{"taxonomy":"post_tag","embeddable":true,"href":"https:\/\/www.europesays.com\/fr\/wp-json\/wp\/v2\/tags?post=361039"}],"curies":[{"name":"wp","href":"https:\/\/api.w.org\/{rel}","templated":true}]}}