{"id":361043,"date":"2025-09-02T15:23:11","date_gmt":"2025-09-02T15:23:11","guid":{"rendered":"https:\/\/www.europesays.com\/fr\/361043\/"},"modified":"2025-09-02T15:23:11","modified_gmt":"2025-09-02T15:23:11","slug":"dette-francaise-le-taux-dinteret-a-30-ans-depasse-45-pour-la-premiere-fois-depuis-2011-02-09-2025-a-1440","status":"publish","type":"post","link":"https:\/\/www.europesays.com\/fr\/361043\/","title":{"rendered":"Dette fran\u00e7aise : le taux d&rsquo;int\u00e9r\u00eat \u00e0 30 ans d\u00e9passe 4,5% pour la premi\u00e8re fois depuis 2011 &#8211; 02\/09\/2025 \u00e0 14:40"},"content":{"rendered":"<p> Cette hausse est \u00ab\u00a0un signe tr\u00e8s n\u00e9gatif de d\u00e9fiance\u00a0\u00bb des investisseurs envers la France, selon un expert.<\/p>\n<p>        <img fetchpriority=\"high\" decoding=\"async\" src=\"https:\/\/www.europesays.com\/fr\/wp-content\/uploads\/2025\/09\/c20dd300e79d166e1a1e634e4a6e8bb7-760x507.jpg\" alt=\"( AFP \/ - )\" loading=\"eager\" width=\"760\" height=\"507\" style=\"max-width: 100%!important; height: auto;\"\/><\/p>\n<p class=\"c-image-news__legend\">( AFP \/ &#8211; )<\/p>\n<p>\n Le taux de la dette fran\u00e7aise \u00e0 30 ans a d\u00e9pass\u00e9 mardi 2 septembre 4,50% pour la premi\u00e8re fois depuis 2011, alors que les incertitudes budg\u00e9taires et politiques s&rsquo;accroissent, notamment dans l&rsquo;attente du<br \/>\n <a href=\"https:\/\/www.boursorama.com\/actualite-economique\/actualites\/l-apres-bayrou-dans-toutes-les-tetes-macron-reunit-les-chefs-du-camp-gouvernemental-8108fc237b1022ddfb40ceb227254e4b\" title=\"L apr\u00e8s-Bayrou dans toutes les t\u00eates, Macron r\u00e9unit les chefs du camp gouvernemental\" rel=\"nofollow noopener\" target=\"_blank\"><br \/>\n  vote de confiance du Premier ministre Fran\u00e7ois Bayrou<br \/>\n <\/a><br \/>\n le 8 septembre \u00e0 l&rsquo;Assembl\u00e9e nationale.\n<\/p>\n<p>\n Vers 10h10, ce taux, consid\u00e9r\u00e9 comme<br \/>\n <strong><br \/>\n  le barom\u00e8tre de la confiance des investisseurs \u00e0 long terme<br \/>\n <\/strong><br \/>\n , atteignait 4,50%, contre 4,45% la veille en cl\u00f4ture. Il avait d\u00e9pass\u00e9 ce seuil en s\u00e9ance pour la derni\u00e8re fois en novembre 2011, en pleine crise des dettes souveraines en zone euro.\n<\/p>\n<p>\n Le taux grimpe depuis lundi, o\u00f9 il s&rsquo;\u00e9tablissait \u00e0 4,42%, alors qu&rsquo;il appara\u00eet de plus en plus probable que le gouvernement de Fran\u00e7ois Bayrou n&rsquo;obtiendra pas de majorit\u00e9 le 8 septembre, lors du vote des d\u00e9put\u00e9s qu&rsquo;il a sollicit\u00e9.\n<\/p>\n<p>\n Le taux d&#8217;emprunt \u00e0 \u00e9ch\u00e9ance dix ans, qui fait r\u00e9f\u00e9rence, atteignait 3,57%. Il grimpe aussi depuis plusieurs jours,<br \/>\n <strong><br \/>\n  se rapprochant de celui de l&rsquo;Italie<br \/>\n <\/strong><br \/>\n , longtemps consid\u00e9r\u00e9e comme mauvais \u00e9l\u00e8ve budg\u00e9taire de l&rsquo;Europe.\n<\/p>\n<p> La crainte d&rsquo;une \u00ab\u00a0paralysie budg\u00e9taire\u00a0\u00bb<\/p>\n<p>\n Cette hausse est \u00ab\u00a0un signe tr\u00e8s n\u00e9gatif de d\u00e9fiance\u00a0\u00bb des investisseurs envers la France, explique Aur\u00e9lien Buffault, g\u00e9rant obligataire de Delubac AM interrog\u00e9 par l&rsquo;<\/p>\n<p>  AFP<\/p>\n<p> .\n<\/p>\n<p>\n Ces derniers \u00ab\u00a0craignent qu&rsquo;une nouvelle paralysie politique ne rende une rigueur budg\u00e9taire plus difficile, ce qui est inqui\u00e9tant compte tenu du niveau actuel du d\u00e9ficit fran\u00e7ais\u00a0\u00bb, note Jim Reid, \u00e9conomiste chez Deutsche Bank.\n<\/p>\n<p>\n Fran\u00e7ois Bayrou a entam\u00e9 lundi une s\u00e9rie de consultations politiques, a priori vaines, \u00e0 une semaine du vote de confiance \u00e0 l&rsquo;Assembl\u00e9e nationale qui devrait sceller le sort de son gouvernement, tout en continuant \u00e0 d\u00e9fendre sa m\u00e9thode, critiqu\u00e9e jusque dans sa coalition. Le Premier ministre a re\u00e7u lundi les dirigeants du Parti communiste, et continuera mardi et mercredi avec notamment ceux des partis soutenant la coalition pr\u00e9sidentielle et ceux du Rassemblement national.\n<\/p>\n<p>\n Les incertitudes en France entra\u00eenent \u00e9galement des effets sur les dettes \u00e0 long terme en Europe. En Allemagne, le rendement des emprunts obligataires \u00e0 30 ans se situe autour de son plus haut niveau depuis la crise de la zone euro en 2011. Au Royaume-Uni, le taux d&#8217;emprunt \u00e0 30 ans \u00e9voluait quant \u00e0 lui \u00e0 son plus haut niveau depuis 1998, \u00e0 5,69%.<\/p>\n","protected":false},"excerpt":{"rendered":"Cette hausse est \u00ab\u00a0un signe tr\u00e8s n\u00e9gatif de d\u00e9fiance\u00a0\u00bb des investisseurs envers la France, selon un expert. (&hellip;\n","protected":false},"author":2,"featured_media":361044,"comment_status":"","ping_status":"","sticky":false,"template":"","format":"standard","meta":{"footnotes":""},"categories":[6],"tags":[400,398,408,35,405,33,34,1011,27,403,402,399,404,401,406,407],"class_list":{"0":"post-361043","1":"post","2":"type-post","3":"status-publish","4":"format-standard","5":"has-post-thumbnail","7":"category-economie","8":"tag-action-cac-40","9":"tag-bourse-de-paris","10":"tag-boursorama","11":"tag-business","12":"tag-cotations","13":"tag-economie","14":"tag-economy","15":"tag-fr","16":"tag-france","17":"tag-indices-devises","18":"tag-investir","19":"tag-investissement","20":"tag-marche-boursier","21":"tag-sicav","22":"tag-trackers","23":"tag-warrants"},"share_on_mastodon":{"url":"https:\/\/pubeurope.com\/@fr\/115135394871628139","error":""},"_links":{"self":[{"href":"https:\/\/www.europesays.com\/fr\/wp-json\/wp\/v2\/posts\/361043","targetHints":{"allow":["GET"]}}],"collection":[{"href":"https:\/\/www.europesays.com\/fr\/wp-json\/wp\/v2\/posts"}],"about":[{"href":"https:\/\/www.europesays.com\/fr\/wp-json\/wp\/v2\/types\/post"}],"author":[{"embeddable":true,"href":"https:\/\/www.europesays.com\/fr\/wp-json\/wp\/v2\/users\/2"}],"replies":[{"embeddable":true,"href":"https:\/\/www.europesays.com\/fr\/wp-json\/wp\/v2\/comments?post=361043"}],"version-history":[{"count":0,"href":"https:\/\/www.europesays.com\/fr\/wp-json\/wp\/v2\/posts\/361043\/revisions"}],"wp:featuredmedia":[{"embeddable":true,"href":"https:\/\/www.europesays.com\/fr\/wp-json\/wp\/v2\/media\/361044"}],"wp:attachment":[{"href":"https:\/\/www.europesays.com\/fr\/wp-json\/wp\/v2\/media?parent=361043"}],"wp:term":[{"taxonomy":"category","embeddable":true,"href":"https:\/\/www.europesays.com\/fr\/wp-json\/wp\/v2\/categories?post=361043"},{"taxonomy":"post_tag","embeddable":true,"href":"https:\/\/www.europesays.com\/fr\/wp-json\/wp\/v2\/tags?post=361043"}],"curies":[{"name":"wp","href":"https:\/\/api.w.org\/{rel}","templated":true}]}}