{"id":361045,"date":"2025-09-02T15:24:16","date_gmt":"2025-09-02T15:24:16","guid":{"rendered":"https:\/\/www.europesays.com\/fr\/361045\/"},"modified":"2025-09-02T15:24:16","modified_gmt":"2025-09-02T15:24:16","slug":"or-levy-ex-otage-du-hamas-en-mission-en-afrique-du-sud-actualites","status":"publish","type":"post","link":"https:\/\/www.europesays.com\/fr\/361045\/","title":{"rendered":"Or Levy, ex-otage du Hamas en \u00ab\u00a0mission\u00a0\u00bb en Afrique du Sud : Actualit\u00e9s"},"content":{"rendered":"<p class=\"lead \">Les larmes baignent d\u00e9sormais les 500 visages r\u00e9unis dans une synagogue du quartier juif de Glenhazel, \u00e0 Johannesburg. Or Levy, l&rsquo;un des nombreux survivants du 7-Octobre \u00e0 visiter l&rsquo;Afrique du Sud, relate la fin de ses 491 jours de captivit\u00e9 aux mains du Hamas.<\/p>\n<p class=\"lead \">L&rsquo;ex-otage a achev\u00e9 lundi une visite d&rsquo;une semaine dans ce pays dirig\u00e9 par l&rsquo;ANC &#8211; alli\u00e9 historique de la cause palestinienne &#8211; et qui a d\u00e9pos\u00e9 une plainte pour g\u00e9nocide visant Isra\u00ebl devant la Cour internationale de justice.<\/p>\n<p class=\"lead \">En Afrique du Sud, o\u00f9 le d\u00e9bat sur la guerre \u00e0 Gaza agite la communaut\u00e9 juive locale, des organisations, dont la branche sud-africaine du Fonds national juif (JNF), li\u00e9e au gouvernement isra\u00e9lien, ont organis\u00e9 depuis mai 2024 au moins 16 visites d&rsquo;anciens otages, rescap\u00e9s ou proches de victimes.<\/p>\n<p class=\"lead \">Couvrant les reniflements qui se multiplient, Or Levy, lib\u00e9r\u00e9 en f\u00e9vrier et qui revient de quatre semaines de tourn\u00e9e aux Etats-Unis, notamment sur la c\u00f4te Est, raconte au terme d&rsquo;une heure de r\u00e9cit sa lib\u00e9ration comme le \u00ab\u00a0meilleur jour de (sa) vie mais aussi le pire\u00a0\u00bb.<\/p>\n<p class=\"lead \">Celui o\u00f9 ce festivalier du festival de musique Tribe of Nova &#8211; plus de 370 personnes y ont \u00e9t\u00e9 tu\u00e9es et 44 prises en otages &#8211; a \u00ab\u00a0eu confirmation que (sa) femme avait \u00e9t\u00e9 assassin\u00e9e\u00a0\u00bb dans l&rsquo;abri antibombes o\u00f9 ils avaient trouv\u00e9 refuge et o\u00f9 il a \u00e9t\u00e9 enlev\u00e9.<\/p>\n<p class=\"lead \">Celui aussi o\u00f9 il a retrouv\u00e9 son fils de maintenant quatre ans, qui a l\u00e2ch\u00e9 les \u00ab\u00a0pires mots qu&rsquo;on puisse entendre d&rsquo;un enfant\u00a0\u00bb: \u00ab\u00a0Maman est morte\u00a0\u00bb.<\/p>\n<p class=\"lead \">Ces prises de paroles sont \u00ab\u00a0un peu th\u00e9rapeutiques\u00a0\u00bb, explique \u00e0 l&rsquo;AFP Or Levy. \u00ab\u00a0C&rsquo;est dur, mais \u00e7a aide\u00a0\u00bb, assure le trentenaire au visage encore h\u00e2ve six mois apr\u00e8s sa lib\u00e9ration et \u00ab\u00a0au moins 20 kg perdus\u00a0\u00bb pendant sa captivit\u00e9.<\/p>\n<p class=\"lead \">&#8211; Faire \u00ab\u00a0entendre\u00a0\u00bb &#8211;<\/p>\n<p class=\"lead \">\u00ab\u00a0Tout le monde doit entendre ce que j&rsquo;ai travers\u00e9 et ce que d&rsquo;autres continuent d&rsquo;endurer\u00a0\u00bb, affirme-t-il disant avoir \u00e9t\u00e9 \u00ab\u00a0trait\u00e9 comme un chien\u00a0\u00bb.<\/p>\n<p class=\"lead \">Retenu dans des souterrains, il t\u00e9moigne n&rsquo;avoir vu \u00ab\u00a0la lumi\u00e8re du soleil qu&rsquo;une seule fois\u00a0\u00bb en 2024, quand il a \u00e9t\u00e9 d\u00e9plac\u00e9 du tunnel o\u00f9 il \u00e9tait d\u00e9tenu.<\/p>\n<p class=\"lead \">\u00ab\u00a0Except\u00e9 pour prendre une douche\u00a0\u00bb &#8211; \u00ab\u00a0environ tous les deux mois\u00a0\u00bb-, Or Levy raconte avoir \u00e9t\u00e9 encha\u00een\u00e9 en permanence, avec \u00ab\u00a0la plupart du temps\u00a0\u00bb, un \u00ab\u00a0seul repas par jour\u00a0\u00bb: \u00ab\u00a0un (pain) pita et deux bo\u00eetes de conserve \u00e0 se partager \u00e0 quatre\u00a0\u00bb.<\/p>\n<p class=\"lead \">D\u00e9sormais sa \u00ab\u00a0mission\u00a0\u00bb consiste \u00e0 ce que \u00ab\u00a0tout le monde puisse rentrer \u00e0 la maison\u00a0\u00bb.<\/p>\n<p class=\"lead \">Sur les 251 personnes enlev\u00e9es le 7 octobre 2023, 47 restent retenues \u00e0 Gaza dont 25 d\u00e9clar\u00e9es mortes par l&rsquo;arm\u00e9e isra\u00e9lienne. L&rsquo;attaque a entra\u00een\u00e9 la mort de 1.219 personnes c\u00f4t\u00e9 isra\u00e9lien. La campagne de repr\u00e9sailles isra\u00e9liennes a fait 63.557 morts \u00e0 Gaza, en majorit\u00e9 des civils, selon le minist\u00e8re de la Sant\u00e9 du Hamas.<\/p>\n<p class=\"lead \">Le public de la synagogue, plut\u00f4t \u00e2g\u00e9, est issue de la communaut\u00e9 juive locale: la communication se fait en vase clos, l&rsquo;adresse ne figure pas sur les invitations. Un homme suspicieux brouille les pistes \u00e0 l&rsquo;entr\u00e9e: \u00ab\u00a0Un \u00e9v\u00e9nement ici? Quel \u00e9v\u00e9nement?\u00a0\u00bb<\/p>\n<p class=\"lead \">Pour Diane, assise au premier rang, le r\u00e9cit d&rsquo;Or Levy est \u00ab\u00a0le plus \u00e9mouvant\u00a0\u00bb qu&rsquo;elle ait entendu. \u00ab\u00a0Plus \u00e7a va, plus c&rsquo;est difficile \u00e0 entendre\u00a0\u00bb, livre cette femme venue de Pretoria, \u00e0 une cinquantaine de kilom\u00e8tre.<\/p>\n<p class=\"lead \">La communaut\u00e9 juive d&rsquo;Afrique du Sud, la plus importante du continent, compte environ 50.000 personnes, selon l&rsquo;organisation repr\u00e9sentative locale, le SAJBD. En sont issues des figures de la lutte contre l&rsquo;apartheid comme le compagnon de route de Nelson Mandela Joe Slovo ou encore Albie Sachs, opposant devenu un grand magistrat de la nouvelle Afrique du Sud.<\/p>\n<p class=\"lead \">Les organisateurs \u00ab\u00a0tentent d\u00e9sesp\u00e9r\u00e9ment de stopper l&rsquo;\u00e9puisement du soutien au g\u00e9nocide (palestinien) parmi la communaut\u00e9 juive\u00a0\u00bb, estime aupr\u00e8s de l&rsquo;AFP Rina King membre des Juifs sud-africains pour une Palestine libre (SAJFP).<\/p>\n<p class=\"lead \">\u00ab\u00a0Ils essaient de contrer le discours dominant en insistant sur une seule journ\u00e9e\u00a0\u00bb, le 7 octobre 2023, accuse la militante, assurant que \u00ab\u00a0de plus en plus de gens rejoignent\u00a0\u00bb son organisation.<\/p>\n<p class=\"lead \">&#8211; \u00ab\u00a0Diaboliser\u00a0\u00bb &#8211;<\/p>\n<p class=\"lead \">\u00ab\u00a0Ils demandent \u00e0 une personne traumatis\u00e9e de revivre son traumatisme\u00a0\u00bb, critique Steven Friedman, professeur de sciences politiques \u00e0 l&rsquo;universit\u00e9 de Johannesburg.<\/p>\n<p class=\"lead \">\u00ab\u00a0L&rsquo;initiative pr\u00e9tend soutenir les victimes, mais en r\u00e9alit\u00e9, il s&rsquo;agit de diaboliser l&rsquo;autre camp\u00a0\u00bb, juge cet auteur de \u00ab\u00a0Good Jew, Bad Jew\u00a0\u00bb, essai questionnant une forme d&rsquo;injonction pour les Juifs \u00e0 soutenir Isra\u00ebl.<\/p>\n<p class=\"lead \">\u00ab\u00a0Ce dont on a besoin, c&rsquo;est d&rsquo;unit\u00e9\u00a0\u00bb, a exhort\u00e9 dimanche en ouverture de l&rsquo;\u00e9v\u00e9nement le nouveau chef de mission adjoint de l&rsquo;ambassade isra\u00e9lienne en Afrique du Sud, Ariel Seidman, \u00ab\u00a0ambassadeur de fait\u00a0\u00bb depuis le rappel du repr\u00e9sentant isra\u00e9lien en novembre 2023, lors de l&rsquo;escalade diplomatique entre les deux pays.<\/p>\n<p class=\"lead \">\u00ab\u00a0Venir ici est plus important que d&rsquo;autres endroits\u00a0\u00bb, t\u00e9moigne Or Levy qui pr\u00e9f\u00e8re s&rsquo;exprimer en Afrique du Sud que de \u00ab\u00a0pr\u00eacher \u00e0 des convertis\u00a0\u00bb.<\/p>\n<p class=\"small font-weight-bold text-gray3 \"> publi\u00e9 le 2 septembre \u00e0 13h42, AFP<\/p>\n<p>                             Partager<\/p>\n","protected":false},"excerpt":{"rendered":"Les larmes baignent d\u00e9sormais les 500 visages r\u00e9unis dans une synagogue du quartier juif de Glenhazel, \u00e0 Johannesburg.&hellip;\n","protected":false},"author":2,"featured_media":361046,"comment_status":"","ping_status":"","sticky":false,"template":"","format":"standard","meta":{"footnotes":""},"categories":[5],"tags":[11,23867,2120,19279,1011,27,14,3819,12,7621,28],"class_list":{"0":"post-361045","1":"post","2":"type-post","3":"status-publish","4":"format-standard","5":"has-post-thumbnail","7":"category-international","8":"tag-actualites","9":"tag-afsud","10":"tag-conflit","11":"tag-droitshumains","12":"tag-fr","13":"tag-france","14":"tag-international","15":"tag-isral","16":"tag-news","17":"tag-palestiniens","18":"tag-world"},"share_on_mastodon":{"url":"https:\/\/pubeurope.com\/@fr\/115135398789172428","error":""},"_links":{"self":[{"href":"https:\/\/www.europesays.com\/fr\/wp-json\/wp\/v2\/posts\/361045","targetHints":{"allow":["GET"]}}],"collection":[{"href":"https:\/\/www.europesays.com\/fr\/wp-json\/wp\/v2\/posts"}],"about":[{"href":"https:\/\/www.europesays.com\/fr\/wp-json\/wp\/v2\/types\/post"}],"author":[{"embeddable":true,"href":"https:\/\/www.europesays.com\/fr\/wp-json\/wp\/v2\/users\/2"}],"replies":[{"embeddable":true,"href":"https:\/\/www.europesays.com\/fr\/wp-json\/wp\/v2\/comments?post=361045"}],"version-history":[{"count":0,"href":"https:\/\/www.europesays.com\/fr\/wp-json\/wp\/v2\/posts\/361045\/revisions"}],"wp:featuredmedia":[{"embeddable":true,"href":"https:\/\/www.europesays.com\/fr\/wp-json\/wp\/v2\/media\/361046"}],"wp:attachment":[{"href":"https:\/\/www.europesays.com\/fr\/wp-json\/wp\/v2\/media?parent=361045"}],"wp:term":[{"taxonomy":"category","embeddable":true,"href":"https:\/\/www.europesays.com\/fr\/wp-json\/wp\/v2\/categories?post=361045"},{"taxonomy":"post_tag","embeddable":true,"href":"https:\/\/www.europesays.com\/fr\/wp-json\/wp\/v2\/tags?post=361045"}],"curies":[{"name":"wp","href":"https:\/\/api.w.org\/{rel}","templated":true}]}}