{"id":361047,"date":"2025-09-02T15:25:10","date_gmt":"2025-09-02T15:25:10","guid":{"rendered":"https:\/\/www.europesays.com\/fr\/361047\/"},"modified":"2025-09-02T15:25:10","modified_gmt":"2025-09-02T15:25:10","slug":"un-homme-abattu-par-la-police-apres-avoir-fait-5-victimes-dans-le-centre-ville","status":"publish","type":"post","link":"https:\/\/www.europesays.com\/fr\/361047\/","title":{"rendered":"un homme abattu par la police apr\u00e8s avoir fait 5 victimes dans le centre-ville"},"content":{"rendered":"<p>La terrasse de l&rsquo;Istanbul City, un \u00e9tablissement de restauration install\u00e9 \u00e0 l&rsquo;angle du <a href=\"https:\/\/www.laprovence.com\/article\/region\/1270714435138215\/marseille-a-belsunce-malgre-une-presence-policiere-renforcee-les-habitants-vivent-un-ete-sous-crack\" target=\"_blank\" rel=\"noopener\">cours Belsunce<\/a> et de la rue Thubaneau, dans le 1er arrondissement de Marseille, s&rsquo;est transform\u00e9e en sc\u00e8ne de crime ce mardi 2 septembre en d\u00e9but d&rsquo;apr\u00e8s-midi. Un homme, que certains d\u00e9crivent comme un forcen\u00e9, aurait fait 5 victimes \u00e0 l&rsquo;arme blanche, avant que la police n&rsquo;ouvre le feu sur l&rsquo;assaillant.\u00a0<\/p>\n<p>L&rsquo;auteur pr\u00e9sum\u00e9 des coups de couteau aurait ignor\u00e9 les sommations des policiers et les injonctions \u00e0 l\u00e2cher son arme blanche, avant qu&rsquo;un fonctionnaire ne fasse usage de son arme.<\/p>\n<p>Des parasols pour cacher les corps<\/p>\n<p>De nombreux policiers, mais aussi les marins-pompiers de Marseille se sont d\u00e9ploy\u00e9s sur place et ont \u00e9tabli un p\u00e9rim\u00e8tre de s\u00e9curit\u00e9 sur le cours Belsunce, dans ce quartier tr\u00e8s fr\u00e9quent\u00e9 du centre-ville, \u00e0 deux pas de la Canebi\u00e8re et du Vieux-Port, o\u00f9 se sont tr\u00e8s vite rassembl\u00e9s de nombreux badauds et riverains.<\/p>\n<p>Les parasols de l&rsquo;Instanbul City ont \u00e9t\u00e9 d\u00e9ploy\u00e9s \u00e0 la h\u00e2te et pos\u00e9s sur le bitume pour cacher le ou les corps, tandis que les enqu\u00eateurs, mais aussi les agents de police technique et scientifique proc\u00e9daient aux constations.<\/p>\n<p>Selon des informations qui demeurent confuses \u00e0 cette heure, l&rsquo;une des victimes des coups de couteau serait le patron de l&rsquo;h\u00f4tel Amira, situ\u00e9 rue des Petites Maries, \u00e0 quelques encablures de l&rsquo;Istanbul City. La victime semblait conna\u00eetre son agresseur avec lequel elle aurait eu un diff\u00e9rend peu avant les faits.<\/p>\n<p>Selon nos informations l&rsquo;auteur des coups de couteau serait d\u00e9c\u00e9d\u00e9 peu apr\u00e8s son transfert \u00e0 l&rsquo;h\u00f4pital.\u00a0<\/p>\n","protected":false},"excerpt":{"rendered":"La terrasse de l&rsquo;Istanbul City, un \u00e9tablissement de restauration install\u00e9 \u00e0 l&rsquo;angle du cours Belsunce et de la&hellip;\n","protected":false},"author":2,"featured_media":361048,"comment_status":"","ping_status":"","sticky":false,"template":"","format":"standard","meta":{"footnotes":""},"categories":[4],"tags":[17,5943,11,834,5264,274,1011,27,4933,884,12,5912,1072,25],"class_list":{"0":"post-361047","1":"post","2":"type-post","3":"status-publish","4":"format-standard","5":"has-post-thumbnail","7":"category-france","8":"tag-17","9":"tag-abattu","10":"tag-actualites","11":"tag-attaque","12":"tag-couteau","13":"tag-faits-divers-justice","14":"tag-fr","15":"tag-france","16":"tag-homme","17":"tag-marseille","18":"tag-news","19":"tag-par","20":"tag-police","21":"tag-republique-francaise"},"share_on_mastodon":{"url":"https:\/\/pubeurope.com\/@fr\/115135402751560322","error":""},"_links":{"self":[{"href":"https:\/\/www.europesays.com\/fr\/wp-json\/wp\/v2\/posts\/361047","targetHints":{"allow":["GET"]}}],"collection":[{"href":"https:\/\/www.europesays.com\/fr\/wp-json\/wp\/v2\/posts"}],"about":[{"href":"https:\/\/www.europesays.com\/fr\/wp-json\/wp\/v2\/types\/post"}],"author":[{"embeddable":true,"href":"https:\/\/www.europesays.com\/fr\/wp-json\/wp\/v2\/users\/2"}],"replies":[{"embeddable":true,"href":"https:\/\/www.europesays.com\/fr\/wp-json\/wp\/v2\/comments?post=361047"}],"version-history":[{"count":0,"href":"https:\/\/www.europesays.com\/fr\/wp-json\/wp\/v2\/posts\/361047\/revisions"}],"wp:featuredmedia":[{"embeddable":true,"href":"https:\/\/www.europesays.com\/fr\/wp-json\/wp\/v2\/media\/361048"}],"wp:attachment":[{"href":"https:\/\/www.europesays.com\/fr\/wp-json\/wp\/v2\/media?parent=361047"}],"wp:term":[{"taxonomy":"category","embeddable":true,"href":"https:\/\/www.europesays.com\/fr\/wp-json\/wp\/v2\/categories?post=361047"},{"taxonomy":"post_tag","embeddable":true,"href":"https:\/\/www.europesays.com\/fr\/wp-json\/wp\/v2\/tags?post=361047"}],"curies":[{"name":"wp","href":"https:\/\/api.w.org\/{rel}","templated":true}]}}