{"id":361052,"date":"2025-09-02T15:28:13","date_gmt":"2025-09-02T15:28:13","guid":{"rendered":"https:\/\/www.europesays.com\/fr\/361052\/"},"modified":"2025-09-02T15:28:13","modified_gmt":"2025-09-02T15:28:13","slug":"la-piscine-grouchy-rouvre-apres-une-renovation-complete","status":"publish","type":"post","link":"https:\/\/www.europesays.com\/fr\/361052\/","title":{"rendered":"LA PISCINE GROUCHY ROUVRE APR\u00c8S UNE R\u00c9NOVATION COMPL\u00c8TE"},"content":{"rendered":"<p>                <a href=\"https:\/\/cadenceradio.fr\" target=\"_blank\" aria-label=\"Banni\u00e8re Cadence 2025\" rel=\"noopener\"><img loading=\"lazy\" decoding=\"async\" src=\"https:\/\/www.europesays.com\/fr\/wp-content\/uploads\/2025\/07\/Banniere-Cadence-2025-scaled.jpg\" alt=\"\"   width=\"2560\" height=\"738\"\/><\/a><\/p>\n<p>\u00c9difi\u00e9e en 1970 \u00e0 La Terrasse, la piscine Grouchy, accueille de nouveau les nageurs ce mercredi 3 septembre. Le grand bassin a \u00e9t\u00e9 int\u00e9gralement remplac\u00e9 par une nouvelle installation en inox, prot\u00e9g\u00e9e par une membrane PVC. Cette modernisation s\u2019accompagne de la r\u00e9novation partielle de la charpente m\u00e9tallique et de la r\u00e9fection compl\u00e8te de l\u2019\u00e9tanch\u00e9it\u00e9 de la toiture.<\/p>\n<p>Modernisation des espaces d\u2019accueil<\/p>\n<p>Les espaces r\u00e9serv\u00e9s au public ont \u00e9galement b\u00e9n\u00e9fici\u00e9 de cette campagne de r\u00e9novation. Le hall d\u2019entr\u00e9e et les vestiaires arborent un nouveau visage, tandis que l\u2019\u00e9clairage traditionnel c\u00e8de la place \u00e0 la technologie LED. Cette nouvelle installation technique pr\u00e9sente l\u2019avantage d\u2019une adaptabilit\u00e9 future, permettant d\u2019envisager des am\u00e9liorations suppl\u00e9mentaires selon l\u2019\u00e9volution des technologies disponibles. Les prochaines vacances de la Toussaint verront s\u2019achever cette r\u00e9habilitation avec la r\u00e9novation des gradins, derni\u00e8re \u00e9tape de ce chantier d\u2019envergure.<\/p>\n<p>L\u2019op\u00e9ration a mobilis\u00e9 un budget total de 3,3 millions d\u2019euros, l\u2019\u00c9tat contribuant \u00e0 hauteur de 10% de ce montant. Cet investissement municipal cons\u00e9quent t\u00e9moigne de la volont\u00e9 de pr\u00e9server et moderniser les \u00e9quipements publics existants. Parall\u00e8lement \u00e0 cette r\u00e9habilitation, la municipalit\u00e9 annonce le lancement d\u2019\u00e9tudes de faisabilit\u00e9 pour la cr\u00e9ation d\u2019un bassin ext\u00e9rieur de 25 m\u00e8tres \u00e0 la piscine Raymond Sommet.<\/p>\n","protected":false},"excerpt":{"rendered":"\u00c9difi\u00e9e en 1970 \u00e0 La Terrasse, la piscine Grouchy, accueille de nouveau les nageurs ce mercredi 3 septembre.&hellip;\n","protected":false},"author":2,"featured_media":361053,"comment_status":"","ping_status":"","sticky":false,"template":"","format":"standard","meta":{"footnotes":""},"categories":[9653],"tags":[1111,11,2430,1777,674,1011,27,3367,12,5922,25,4001],"class_list":{"0":"post-361052","1":"post","2":"type-post","3":"status-publish","4":"format-standard","5":"has-post-thumbnail","7":"category-saint-etienne","8":"tag-actu","9":"tag-actualites","10":"tag-auvergne-rhone-alpes","11":"tag-eu","12":"tag-europe","13":"tag-fr","14":"tag-france","15":"tag-loire","16":"tag-news","17":"tag-piscine","18":"tag-republique-francaise","19":"tag-saint-etienne"},"share_on_mastodon":{"url":"https:\/\/pubeurope.com\/@fr\/115135415079174468","error":""},"_links":{"self":[{"href":"https:\/\/www.europesays.com\/fr\/wp-json\/wp\/v2\/posts\/361052","targetHints":{"allow":["GET"]}}],"collection":[{"href":"https:\/\/www.europesays.com\/fr\/wp-json\/wp\/v2\/posts"}],"about":[{"href":"https:\/\/www.europesays.com\/fr\/wp-json\/wp\/v2\/types\/post"}],"author":[{"embeddable":true,"href":"https:\/\/www.europesays.com\/fr\/wp-json\/wp\/v2\/users\/2"}],"replies":[{"embeddable":true,"href":"https:\/\/www.europesays.com\/fr\/wp-json\/wp\/v2\/comments?post=361052"}],"version-history":[{"count":0,"href":"https:\/\/www.europesays.com\/fr\/wp-json\/wp\/v2\/posts\/361052\/revisions"}],"wp:featuredmedia":[{"embeddable":true,"href":"https:\/\/www.europesays.com\/fr\/wp-json\/wp\/v2\/media\/361053"}],"wp:attachment":[{"href":"https:\/\/www.europesays.com\/fr\/wp-json\/wp\/v2\/media?parent=361052"}],"wp:term":[{"taxonomy":"category","embeddable":true,"href":"https:\/\/www.europesays.com\/fr\/wp-json\/wp\/v2\/categories?post=361052"},{"taxonomy":"post_tag","embeddable":true,"href":"https:\/\/www.europesays.com\/fr\/wp-json\/wp\/v2\/tags?post=361052"}],"curies":[{"name":"wp","href":"https:\/\/api.w.org\/{rel}","templated":true}]}}