{"id":361054,"date":"2025-09-02T15:29:11","date_gmt":"2025-09-02T15:29:11","guid":{"rendered":"https:\/\/www.europesays.com\/fr\/361054\/"},"modified":"2025-09-02T15:29:11","modified_gmt":"2025-09-02T15:29:11","slug":"commerce-nancy-en-lice-pour-etre-elu-le-plus-beau-centre-ville-commercant","status":"publish","type":"post","link":"https:\/\/www.europesays.com\/fr\/361054\/","title":{"rendered":"Commerce. Nancy en lice pour \u00eatre \u00e9lu \u00ab\u00a0le plus beau centre-ville commer\u00e7ant\u00a0\u00bb"},"content":{"rendered":"<p>La ville de Nancy, repr\u00e9sent\u00e9e par l\u2019association des commer\u00e7ants Les Vitrines de Nancy et l\u2019office de tourisme Destination Nancy, participe \u00e0 la cinqui\u00e8me \u00e9dition du concours photos national \u00ab\u00a0Les plus beaux centres-villes commer\u00e7ants, \u00e9dition patrimoine\u00a0\u00bb.<\/p>\n<p>Cet \u00e9v\u00e8nement est organis\u00e9 par la F\u00e9d\u00e9ration nationale des centres-villes (FNCV)-Les Vitrines de France, dont le si\u00e8ge est \u00e0 Nancy, dans le but de promouvoir la vie commerciale et le patrimoine des villes. Cette ann\u00e9e, plus de 160 villes sont candidates, avec l\u2019espoir de mobiliser des centaines de milliers d\u2019internautes.<\/p>\n<p>\u00ab\u00a0Pour nous, c\u2019est sans nul doute le jeu-concours le plus valorisant et attrayant pour promouvoir notre ville, se r\u00e9jouit Laurine Bernard, d\u00e9l\u00e9gu\u00e9e g\u00e9n\u00e9rale des Vitrines de Nancy. La particularit\u00e9 de cette \u00e9dition est de mettre en avant le patrimoine de notre centre-ville en faisant le lien avec le commerce. Pour ce concours, nous avons pr\u00e9sent\u00e9 trois photos dont deux prises sur la <a href=\"https:\/\/www.estrepublicain.fr\/p\/place-stanislas\" target=\"_blank\" rel=\"noopener\">place Stanislas<\/a> et une autre montrant la Maison des s\u0153urs Macarons, rue Gambetta, pour mettre en avant le patrimoine gastronomique.\u00a0\u00bb<\/p>\n<p>Dans la cat\u00e9gorie \u00ab\u00a0Vote du public\u00a0\u00bb, les Nanc\u00e9iens sont invit\u00e9s \u00e0 voter en ligne, jusqu\u2019au 15\u00a0septembre, en faveur d\u2019une photographie montrant la place Stanislas de nuit, en se rendant sur les pages <a href=\"https:\/\/www.facebook.com\/lesvitrinesdefrance\" target=\"_blank\" rel=\"noopener\"> Facebook et Instagram de la FNCV-Les Vitrines de France<\/a>.<\/p>\n<p>  Grand d\u00e9ballage ce vendredi et samedi<\/p>\n<p>Une publication dans trois \u00e9ditions du magazine Grand-Angle sur les villes fait partie des lots destin\u00e9s au gagnant. \u00ab\u00a0Pour les commer\u00e7ants comme pour les Nanc\u00e9iens fiers de leur ville, il s\u2019agit d\u2019un \u00e9v\u00e8nement tr\u00e8s f\u00e9d\u00e9rateur\u00a0\u00bb, insiste Laurine Bernard.<\/p>\n<p>La remise des prix aura lieu le 13\u00a0octobre, \u00e0 l\u2019h\u00f4tel de ville de Nancy. En attendant, les commer\u00e7ants du centre-ville vont exprimer leur dynamisme ce vendredi 5\u00a0septembre et samedi 6\u00a0septembre, de 10\u00a0h \u00e0 19\u00a0h, en participant au <a href=\"https:\/\/www.estrepublicain.fr\/economie\/2025\/08\/21\/le-grand-deballage-des-commercants-revient-les-5-et-6-septembre-avec-de-nombreuses-animations\" target=\"_blank\" rel=\"noopener\">grand d\u00e9ballage organis\u00e9 par Les Vitrines de Nancy.<\/a><\/p>\n","protected":false},"excerpt":{"rendered":"La ville de Nancy, repr\u00e9sent\u00e9e par l\u2019association des commer\u00e7ants Les Vitrines de Nancy et l\u2019office de tourisme Destination&hellip;\n","protected":false},"author":2,"featured_media":361055,"comment_status":"","ping_status":"","sticky":false,"template":"","format":"standard","meta":{"footnotes":""},"categories":[9635],"tags":[1111,11,4406,33,1704,1777,674,1011,27,775,1702,1703,12,25],"class_list":{"0":"post-361054","1":"post","2":"type-post","3":"status-publish","4":"format-standard","5":"has-post-thumbnail","7":"category-nancy","8":"tag-actu","9":"tag-actualites","10":"tag-commerce-et-services","11":"tag-economie","12":"tag-edition-nancy-et-agglomeration","13":"tag-eu","14":"tag-europe","15":"tag-fr","16":"tag-france","17":"tag-grand-est","18":"tag-nancy","19":"tag-nancy-ville-54b","20":"tag-news","21":"tag-republique-francaise"},"share_on_mastodon":{"url":"https:\/\/pubeurope.com\/@fr\/115135418407403267","error":""},"_links":{"self":[{"href":"https:\/\/www.europesays.com\/fr\/wp-json\/wp\/v2\/posts\/361054","targetHints":{"allow":["GET"]}}],"collection":[{"href":"https:\/\/www.europesays.com\/fr\/wp-json\/wp\/v2\/posts"}],"about":[{"href":"https:\/\/www.europesays.com\/fr\/wp-json\/wp\/v2\/types\/post"}],"author":[{"embeddable":true,"href":"https:\/\/www.europesays.com\/fr\/wp-json\/wp\/v2\/users\/2"}],"replies":[{"embeddable":true,"href":"https:\/\/www.europesays.com\/fr\/wp-json\/wp\/v2\/comments?post=361054"}],"version-history":[{"count":0,"href":"https:\/\/www.europesays.com\/fr\/wp-json\/wp\/v2\/posts\/361054\/revisions"}],"wp:featuredmedia":[{"embeddable":true,"href":"https:\/\/www.europesays.com\/fr\/wp-json\/wp\/v2\/media\/361055"}],"wp:attachment":[{"href":"https:\/\/www.europesays.com\/fr\/wp-json\/wp\/v2\/media?parent=361054"}],"wp:term":[{"taxonomy":"category","embeddable":true,"href":"https:\/\/www.europesays.com\/fr\/wp-json\/wp\/v2\/categories?post=361054"},{"taxonomy":"post_tag","embeddable":true,"href":"https:\/\/www.europesays.com\/fr\/wp-json\/wp\/v2\/tags?post=361054"}],"curies":[{"name":"wp","href":"https:\/\/api.w.org\/{rel}","templated":true}]}}