{"id":361062,"date":"2025-09-02T15:33:10","date_gmt":"2025-09-02T15:33:10","guid":{"rendered":"https:\/\/www.europesays.com\/fr\/361062\/"},"modified":"2025-09-02T15:33:10","modified_gmt":"2025-09-02T15:33:10","slug":"municipales-a-montpellier-les-ecologistes-innovent-et-mettent-lintelligence-artificielle-au-service-de-la-democratie-participative","status":"publish","type":"post","link":"https:\/\/www.europesays.com\/fr\/361062\/","title":{"rendered":"Municipales \u00e0 Montpellier\u00a0: les \u00e9cologistes innovent et mettent l\u2019intelligence artificielle au service de la d\u00e9mocratie participative"},"content":{"rendered":"<p>\n                                                                Le groupe \u00c9cologistes pour Montpellier a mis au point une application mobile pour fluidifier la remont\u00e9e des id\u00e9es des Montpelli\u00e9rains, en vue de l\u2019\u00e9laboration d\u2019un programme pour les prochaines \u00e9lections municipales.\n                            <\/p>\n<p>120 jours pour aller \u00e0 la rencontre des Montpelli\u00e9rains et faire \u00e9merger id\u00e9es et probl\u00e9matiques. C\u2019est le d\u00e9fi que se sont lanc\u00e9s militants et \u00e9lus du <a href=\"https:\/\/www.midilibre.fr\/2025\/04\/11\/quand-on-est-dans-lopposition-on-ne-compte-pas-les-ecologistes-de-la-majorite-de-montpellier-defendent-leur-bilan-12631257.php\" target=\"_blank\" rel=\"nofollow noopener\">groupe majoritaire \u00ab\u00a0\u00c9cologistes pour Montpellier\u00a0\u00bb<\/a>, men\u00e9s par Manu Reynaud. Ils pourront pour cela compter sur un nouvel outil innovant, d\u00e9velopp\u00e9 depuis plusieurs semaines pour \u00ab\u00a0faciliter le contact entre les habitants et les militants, et servir la d\u00e9mocratie participative\u00a0\u00bb, se r\u00e9jouit le second adjoint au maire de Montpellier.<\/p>\n<p>\u00ab\u00a0Que changeriez-vous \u00e0 Montpellier\u00a0?\u00a0\u00bb<\/p>\n<p>En l\u2019esp\u00e8ce, une application mobile baptis\u00e9e \u00ab\u00a0L\u2019appli citoyenne, 5 minutes pour Montpellier\u00a0\u00bb. Bas\u00e9e sur la technologie d\u2019intelligence artificielle de la start-up fran\u00e7aise Mistral, elle permet de retranscrire et synth\u00e9tiser les r\u00e9ponses que les Montpelli\u00e9rains donneront \u00e0 la question \u00ab\u00a0que changeriez-vous \u00e0 Montpellier si vous \u00e9tiez maire\u00a0\u00bb, afin de permettre leur exploitation m\u00e9thodique et efficace.<\/p>\n<p>\u00ab\u00a0Avec cet outil, on a une promesse d\u2019un \u00e9change de 5 minutes qui n\u2019est pas interrompu par une prise de notes. C\u2019est une vraie discussion, et la technologie s\u2019occupe du reste, en toute transparence et avec la possibilit\u00e9 pour la personne interrog\u00e9e de recevoir ensuite la transcription et la synth\u00e8se des \u00e9changes\u00a0\u00bb, pr\u00e9cise l\u2019\u00e9lu municipal en charge notamment des questions num\u00e9riques.<\/p>\n<p>Nourrir un programme en vue des Municipales<\/p>\n<p>Un outil, mais pour quelle application\u00a0? \u00c0 terme, Manu Reynaud esp\u00e8re que les collectivit\u00e9s locales s\u2019en saisiront pour fluidifier la remont\u00e9e d\u2019information entre les \u00e9lus et leurs administr\u00e9s. Mais dans un premier temps, les militants de \u00c9cologistes pour Montpellier vont arpenter l\u2019espace public et sonder les habitants des diff\u00e9rents quartiers.\u00a0\u00ab\u00a0L\u2019objectif, c\u2019est de pr\u00e9senter les id\u00e9es qui seront ressorties de cette consultation lors d\u2019une convention, en d\u00e9cembre prochain, pour ensuite nourrir un programme en vue des Municipales.\u00a0\u00bb<\/p>\n","protected":false},"excerpt":{"rendered":"Le groupe \u00c9cologistes pour Montpellier a mis au point une application mobile pour fluidifier la remont\u00e9e des id\u00e9es&hellip;\n","protected":false},"author":2,"featured_media":361063,"comment_status":"","ping_status":"","sticky":false,"template":"","format":"standard","meta":{"footnotes":""},"categories":[9599],"tags":[1111,11,1777,674,1011,27,2208,12,2680,25],"class_list":{"0":"post-361062","1":"post","2":"type-post","3":"status-publish","4":"format-standard","5":"has-post-thumbnail","7":"category-montpellier","8":"tag-actu","9":"tag-actualites","10":"tag-eu","11":"tag-europe","12":"tag-fr","13":"tag-france","14":"tag-montpellier","15":"tag-news","16":"tag-occitanie","17":"tag-republique-francaise"},"share_on_mastodon":{"url":"https:\/\/pubeurope.com\/@fr\/115135434262813297","error":""},"_links":{"self":[{"href":"https:\/\/www.europesays.com\/fr\/wp-json\/wp\/v2\/posts\/361062","targetHints":{"allow":["GET"]}}],"collection":[{"href":"https:\/\/www.europesays.com\/fr\/wp-json\/wp\/v2\/posts"}],"about":[{"href":"https:\/\/www.europesays.com\/fr\/wp-json\/wp\/v2\/types\/post"}],"author":[{"embeddable":true,"href":"https:\/\/www.europesays.com\/fr\/wp-json\/wp\/v2\/users\/2"}],"replies":[{"embeddable":true,"href":"https:\/\/www.europesays.com\/fr\/wp-json\/wp\/v2\/comments?post=361062"}],"version-history":[{"count":0,"href":"https:\/\/www.europesays.com\/fr\/wp-json\/wp\/v2\/posts\/361062\/revisions"}],"wp:featuredmedia":[{"embeddable":true,"href":"https:\/\/www.europesays.com\/fr\/wp-json\/wp\/v2\/media\/361063"}],"wp:attachment":[{"href":"https:\/\/www.europesays.com\/fr\/wp-json\/wp\/v2\/media?parent=361062"}],"wp:term":[{"taxonomy":"category","embeddable":true,"href":"https:\/\/www.europesays.com\/fr\/wp-json\/wp\/v2\/categories?post=361062"},{"taxonomy":"post_tag","embeddable":true,"href":"https:\/\/www.europesays.com\/fr\/wp-json\/wp\/v2\/tags?post=361062"}],"curies":[{"name":"wp","href":"https:\/\/api.w.org\/{rel}","templated":true}]}}