{"id":361064,"date":"2025-09-02T15:34:13","date_gmt":"2025-09-02T15:34:13","guid":{"rendered":"https:\/\/www.europesays.com\/fr\/361064\/"},"modified":"2025-09-02T15:34:13","modified_gmt":"2025-09-02T15:34:13","slug":"attention-radars-decouvrez-les-cinq-nouveaux-endroits-ou-vous-risquez-de-vous-faire-flasher-a-montpellier","status":"publish","type":"post","link":"https:\/\/www.europesays.com\/fr\/361064\/","title":{"rendered":"Attention radars\u00a0: d\u00e9couvrez les cinq nouveaux endroits o\u00f9 vous risquez de vous faire flasher \u00e0 Montpellier"},"content":{"rendered":"<p>\n                                                                Franchissement de feu rouge et exc\u00e8s de vitesse\u00a0: de nouveaux radars arrivent courant septembre en ville sur des avenues embl\u00e9matiques de la ville et viennent grossir la vingtaine d\u2019appareils d\u00e9j\u00e0 existants. Voici la liste des emplacements \u00e0 conna\u00eetre pour \u00e9viter les mauvaises surprises.\n                            <\/p>\n<p>La pr\u00e9fecture entend hausser le ton sur le plan de la s\u00e9curit\u00e9 routi\u00e8re\u00a0: \u00e0 Montpellier\u00a0cinq nouveaux radars automatiques viendront s\u2019ajouter au paysage urbain montpelli\u00e9rain. Une r\u00e9ponse directe \u00e0 la hausse brutale de la mortalit\u00e9 routi\u00e8re dans l\u2019H\u00e9rault\u00a0: 50 morts d\u00e9j\u00e0 recens\u00e9s au 1er\u00a0septembre, soit une hausse de 43\u00a0% par rapport \u00e0 2024. En ligne de mire\u00a0: la vitesse et les franchissements dangereux.<\/p>\n<p>Trois radars aux feux rouges, deux pour la vitesse<\/p>\n<p>Ces dispositifs automatis\u00e9s seront r\u00e9partis dans plusieurs secteurs de la ville et de sa p\u00e9riph\u00e9rie imm\u00e9diate. Trois radars \u00ab\u00a0feu rouge\u00a0\u00bb\u00a0seront install\u00e9s sur\u00a0: l\u2019avenue Fran\u00e7ois-Delmas, l\u2019avenue du Colonel-Pavelet, la rue Paul-Rimbaud et deux\u00a0autres, d\u00e9di\u00e9s au contr\u00f4le de la vitesse, viendront compl\u00e9ter le dispositif\u00a0: avenue de la Justice \u00e0 Castelnau-le-Lez et la rue Becquerel (RD21).<\/p>\n<p>        <img decoding=\"async\" class=\"std-img__img responsive-img\" src=\"https:\/\/www.europesays.com\/fr\/wp-content\/uploads\/2025\/09\/1756827253_384_image.png\" alt=\".\"\/><\/p>\n<p>Positionn\u00e9s sur des cand\u00e9labres, ces appareils surveilleront les automobilistes dans les deux sens de circulation, sans flash visible. Lorsqu\u2019une infraction est d\u00e9tect\u00e9e, un clich\u00e9 infrarouge est automatiquement transmis pour verbalisation. Le syst\u00e8me s\u2019applique \u00e0 tous les types de v\u00e9hicules, sans exception.<\/p>\n<p>Cinq voitures-radar banalis\u00e9e sur les routes h\u00e9raultaises<\/p>\n<p>Ces radars rejoignent un r\u00e9seau d\u00e9j\u00e0 dense d\u2019une vingtaine de radars recens\u00e9s \u00e0 Montpellier. \u00c0 cela s\u2019ajoutent d\u00e9sormais 5 voitures-radar banalis\u00e9es \u00e0 conduite externalis\u00e9e, qui verbaliseront \u00e0 partir du 15\u00a0septembre sur les routes \u00e0 70\u00a0km\/h et plus.<\/p>\n<p>L\u2019\u00c9tat assume une politique de dissuasion assum\u00e9e\u00a0: les trajets de ces voitures-radar sont d\u00e9finis en fonction du trafic, de l\u2019accidentalit\u00e9 et des exc\u00e8s constat\u00e9s.\u00a0La Pr\u00e9fecture l\u2019affirme\u00a0: \u00ab\u00a0La vitesse est un facteur aggravant dans un accident mortel sur quatre\u00a0\u00bb. Le message est d\u00e9sormais clair\u00a0: lever le pied ou risquer l\u2019amende.<\/p>\n","protected":false},"excerpt":{"rendered":"Franchissement de feu rouge et exc\u00e8s de vitesse\u00a0: de nouveaux radars arrivent courant septembre en ville sur des&hellip;\n","protected":false},"author":2,"featured_media":361065,"comment_status":"","ping_status":"","sticky":false,"template":"","format":"standard","meta":{"footnotes":""},"categories":[9599],"tags":[1111,11,1777,674,1011,27,2208,12,2680,25],"class_list":{"0":"post-361064","1":"post","2":"type-post","3":"status-publish","4":"format-standard","5":"has-post-thumbnail","7":"category-montpellier","8":"tag-actu","9":"tag-actualites","10":"tag-eu","11":"tag-europe","12":"tag-fr","13":"tag-france","14":"tag-montpellier","15":"tag-news","16":"tag-occitanie","17":"tag-republique-francaise"},"share_on_mastodon":{"url":"https:\/\/pubeurope.com\/@fr\/115135438537643546","error":""},"_links":{"self":[{"href":"https:\/\/www.europesays.com\/fr\/wp-json\/wp\/v2\/posts\/361064","targetHints":{"allow":["GET"]}}],"collection":[{"href":"https:\/\/www.europesays.com\/fr\/wp-json\/wp\/v2\/posts"}],"about":[{"href":"https:\/\/www.europesays.com\/fr\/wp-json\/wp\/v2\/types\/post"}],"author":[{"embeddable":true,"href":"https:\/\/www.europesays.com\/fr\/wp-json\/wp\/v2\/users\/2"}],"replies":[{"embeddable":true,"href":"https:\/\/www.europesays.com\/fr\/wp-json\/wp\/v2\/comments?post=361064"}],"version-history":[{"count":0,"href":"https:\/\/www.europesays.com\/fr\/wp-json\/wp\/v2\/posts\/361064\/revisions"}],"wp:featuredmedia":[{"embeddable":true,"href":"https:\/\/www.europesays.com\/fr\/wp-json\/wp\/v2\/media\/361065"}],"wp:attachment":[{"href":"https:\/\/www.europesays.com\/fr\/wp-json\/wp\/v2\/media?parent=361064"}],"wp:term":[{"taxonomy":"category","embeddable":true,"href":"https:\/\/www.europesays.com\/fr\/wp-json\/wp\/v2\/categories?post=361064"},{"taxonomy":"post_tag","embeddable":true,"href":"https:\/\/www.europesays.com\/fr\/wp-json\/wp\/v2\/tags?post=361064"}],"curies":[{"name":"wp","href":"https:\/\/api.w.org\/{rel}","templated":true}]}}