{"id":361066,"date":"2025-09-02T15:37:10","date_gmt":"2025-09-02T15:37:10","guid":{"rendered":"https:\/\/www.europesays.com\/fr\/361066\/"},"modified":"2025-09-02T15:37:10","modified_gmt":"2025-09-02T15:37:10","slug":"rmb-bihorel-spo-ces-clubs-de-basket-de-la-metropole-de-rouen-changent-de-nom","status":"publish","type":"post","link":"https:\/\/www.europesays.com\/fr\/361066\/","title":{"rendered":"RMB, Bihorel, SPO&#8230; Ces clubs de basket de la M\u00e9tropole de Rouen changent de nom"},"content":{"rendered":"<p>            Par<br \/>\n        <strong><br \/>\n            <a href=\"https:\/\/actu.fr\/auteur\/jessie-leclerc\" title=\"Consulter tous les articles de Jessie Leclerc\" target=\"_blank\" rel=\"noopener\">Jessie Leclerc<\/a><br \/>\n        <\/strong><\/p>\n<p>        Publi\u00e9 le<\/p>\n<p>            2 sept. 2025 \u00e0 17h28        <\/p>\n<p>Ils \u00e9taient trois entit\u00e9s diff\u00e9rentes. Le <a href=\"https:\/\/actu.fr\/tag\/rmb-rouen-metropole-basket\" target=\"_blank\" rel=\"noopener\">Rouen M\u00e9tropole Basket (RMB)<\/a>, le Rouen M\u00e9tropole Bihorel Basket (RMBB), et l\u2019association historique du SPO Rouen font leur rentr\u00e9e en grande pompe. Tous s\u2019unissent d\u00e9sormais sous <strong>une seule banni\u00e8re<\/strong> pour ne former qu\u2019un seul et m\u00eame club\u2009: <strong>le RMB<\/strong>.<\/p>\n<p class=\" wall-content\"><strong>Une fusion qui d\u00e9passe le simple changement de nom<\/strong> et qui ambitionne de donner une identit\u00e9 forte au basket sur le territoire de la M\u00e9tropole <a href=\"https:\/\/actu.fr\/normandie\/rouen_76540\" target=\"_blank\" rel=\"noopener\">de Rouen (Seine-Maritime)<\/a>. Mais qu\u2019est-ce que cela signifie pour les \u00e9quipes\u2009? Et pour le public\u2009? D\u00e9cryptage.<\/p>\n<p>\u00ab\u2009Une marque commune\u2009\u00bb<\/p>\n<p class=\" wall-content\">Jusqu\u2019ici, le sigle RMB \u00e9voquait surtout l\u2019\u00e9quipe masculine de PRO B. D\u00e9sormais, il incarne l\u2019ensemble des branches\u2009: <a href=\"https:\/\/actu.fr\/normandie\/canteleu_76157\/le-rmb-intervient-aupres-d-enfants-en-difficultes-a-l-idefhi-de-canteleu-pour-eux-ca-represente-beaucoup_62265496.html\" target=\"_blank\" rel=\"noopener\">le haut niveau masculin<\/a>, le haut niveau f\u00e9minin et la partie associative.<\/p>\n<p class=\" wall-content\"><strong>Cette \u00ab\u2009marque commune\u2009\u00bb<\/strong> comme \u00e9voqu\u00e9e par Olivier Lhermitte, pr\u00e9sident de la section f\u00e9minine, r\u00e9pond \u00e0 la volont\u00e9 de donner <strong>une identit\u00e9 unique et lisible<\/strong> au basket rouennais. Le RMB n\u2019est plus seulement une affaire de gar\u00e7ons, mais bien de tous.<\/p>\n<blockquote class=\"ac-article-quote wall-content\">\n<p>On y arrive. On travaille tous ensemble. Ce sont des projets qui avancent tout doucement, gentiment, mais qui avancent.<\/p>\n<p>    <strong>Yvan Gueuder<\/strong><br \/>\n        Pr\u00e9sident du Rouen M\u00e9tropole Basket    <\/p><\/blockquote>\n<p class=\" wall-content\">Ainsi, le RMB souhaite devenir <a href=\"https:\/\/actu.fr\/normandie\/rouen_76540\/de-la-regionale-au-national-le-debut-de-saison-exemplaire-du-gardien-du-fc-rouen-axel-temperton_63084146.html\" target=\"_blank\" rel=\"noopener\">un acteur central du sport<\/a> m\u00e9tropolitain, attractif pour les jeunes, ambitieux pour ses \u00e9quipes et <strong>f\u00e9d\u00e9rateur pour le public<\/strong>.<\/p>\n<p>Un nouveau logo<\/p>\n<p class=\" wall-content\">Pour illustrer cela, <strong>un nouveau logo<\/strong> a \u00e9t\u00e9 cr\u00e9\u00e9 en interne. Le but\u2009? Une identit\u00e9 visuelle plus jeune, qui rassemble les joueurs et le public, avec une forte symbolique.<\/p>\n<p class=\" wall-content\"><a href=\"https:\/\/www.instagram.com\/p\/DOGCva6DMyE\/embed\" title=\"Ouvrir le lien sur Instagram\" target=\"_blank\" rel=\"noopener\">Visualiser le contenu sur Instagram<\/a><\/p>\n<p class=\" wall-content\">Selon Lancelot, \u00e0 l\u2019origine du visuel, \u00ab\u2009il repr\u00e9sente les trois entit\u00e9s et est d\u00e9velopp\u00e9 comme une marque pour \u00eatre utilis\u00e9 partout\u2009\u00bb. Et avec <strong>le ballon au centre<\/strong>, aucune confusion possible, le basket est \u00e0 l\u2019honneur.<\/p>\n<p>Votre r\u00e9gion, votre actu !<\/p>\n<p>Recevez chaque jour les infos qui comptent pour vous.<\/p>\n<p>\t<a href=\"https:\/\/actu.fr\/newsletter\" class=\"ac-btn ac-btn--corner ac-btn--medium ac-btn--blue800\" target=\"_blank\" rel=\"noopener\">S&rsquo;incrire<\/a><br \/>\n\u00ab\u2009Un souci d\u2019\u00e9quit\u00e9\u2009\u00bb<\/p>\n<p class=\" wall-content\"><strong>Rassembler les \u00e9quipes f\u00e9minines et masculines<\/strong> sous un seul nom, ce sont aussi les mettre sur un pied d\u2019\u00e9galit\u00e9. Le club appr\u00e9cie particuli\u00e8rement les doubles affiches o\u00f9 filles et gar\u00e7ons jouent la m\u00eame soir\u00e9e. \u00ab\u2009Les mentalit\u00e9s changent et ces moments sont importants pour donner de la visibilit\u00e9 aux filles\u2009\u00bb, explique Sylvain Delorme, coach de l\u2019\u00e9quipe masculine.<\/p>\n<p class=\" wall-content\">Autre nouveaut\u00e9, d\u00e9sormais, <a href=\"https:\/\/actu.fr\/normandie\/bihorel_76095\/les-rouennaises-en-finale-de-coupe-de-france-de-basket-une-finale-ca-ne-se-joue-pas-ca-se-gagne_62465488.html\" target=\"_blank\" rel=\"noopener\">l\u2019\u00e9quipe professionnelle f\u00e9minine<\/a> <strong>r\u00e9side \u00e9galement au Kindarena<\/strong>, aux c\u00f4t\u00e9s des hommes. Tout cela, \u00ab\u2009dans un souci d\u2019\u00e9quit\u00e9\u2009\u00bb, pr\u00e9cise David Lamiray, Vice-Pr\u00e9sident de la M\u00e9tropole Rouen Normandie en charge du sport.<\/p>\n<p class=\" wall-content\">\u00c0 cet effet, la M\u00e9tropole maintient son aide \u00e0 50\u2009% du budget de l\u2019\u00e9quipe f\u00e9minine. \u00ab\u2009C\u2019est unique en France\u2009\u00bb, insiste l\u2019\u00e9lu.<\/p>\n<p>Des ambitions \u00e0 chaque branche<\/p>\n<p class=\" wall-content\">Cette union ne gomme pas les projets propres \u00e0 chaque \u00e9quipe.<\/p>\n<p class=\" wall-content\"><strong>C\u00f4t\u00e9 masculin<\/strong>, le budget de 3,6\u00a0millions d\u2019euros doit permettre de viser mieux qu\u2019un simple maintien en Pro B, malgr\u00e9 les al\u00e9as, comme les retards d\u2019arriv\u00e9e des joueurs \u00e9trangers, pour probl\u00e8mes administratifs. L\u2019objectif \u00e0 moyens termes\u2009: b\u00e2tir un projet solide et, pourquoi pas, \u00ab\u2009viser plus haut\u2009\u00bb, comme <a href=\"https:\/\/actu.fr\/normandie\/rouen_76540\/sylvain-delorme-entraineur-du-rouen-metropole-basket-est-un-coach-pas-comme-les-autres_61889189.html\" target=\"_blank\" rel=\"noopener\">le souhaite Sylvain Delorme<\/a>.<\/p>\n<p class=\" wall-content\"><strong>C\u00f4t\u00e9 f\u00e9minin<\/strong>, le club esp\u00e8re une mont\u00e9e en Ligue\u00a02. Apr\u00e8s une \u00e9volution de la N3 \u00e0 la N1 en cinq ans, l\u2019heure est \u00e0 l\u2019ambition\u2009: \u00ab\u2009On a la r\u00e9ponse tr\u00e8s bient\u00f4t pour savoir si elles passent en Ligue\u00a02. Je crois en notre destin, avance Corentin Mah\u00e9, le coach de la section. Elles seront pr\u00eates quoi qui arrive.\u2009\u00bb<\/p>\n<p class=\" wall-content\">En revanche, qui dit mont\u00e9e, dit aussi <strong>changement d\u2019\u00e9quipe<\/strong>. Pour passer en Ligue\u00a02 l\u2019\u00e9quipe devra accueillir deux nouvelles joueuses de moins de 23\u00a0ans et, par la m\u00eame occasion, dire au revoir \u00e0 d\u2019autre de ses membres. Un budget de 0,7\u00a0million d\u2019euros serait alors d\u00e9bloqu\u00e9.<\/p>\n<p class=\" wall-content\"><strong>C\u00f4t\u00e9 association<\/strong>, le projet se veut global\u2009: du mini-basket au haut niveau, en passant par le sport-\u00e9tudes et le handicap. \u00ab\u2009Il s\u2019agit de garder nos jeunes talents ici, de leur \u00e9viter de partir ailleurs\u2009\u00bb, r\u00e9sume Pierre Chantemargue, pr\u00e9sident de la partie associative du RMB, anciennement SPO.<\/p>\n<p class=\" wall-content\">L\u2019association ouvre d\u2019ailleurs une \u00e9quipe f\u00e9minine S\u00e9nior cette ann\u00e9e afin de r\u00e9pondre \u00e0 la demande, toujours plus forte, d\u2019inscriptions.<\/p>\n<p>Suivez l\u2019actualit\u00e9 de Rouen <a href=\"https:\/\/www.whatsapp.com\/channel\/0029VaKfnf99hXF2ddApFB1D\" target=\"_blank\" rel=\"noopener\">sur notre cha\u00eene WhatsApp<\/a> et <a href=\"https:\/\/www.tiktok.com\/@76actu.fr?lang=fr\" target=\"_blank\" rel=\"noopener\">sur notre compte TikTok<\/a><\/p>\n<p class=\" wall-content\">Personnalisez votre actualit\u00e9 en ajoutant vos villes et m\u00e9dias en favori avec <a href=\"https:\/\/moncompte.actu.fr\" title=\"D\u00e9couvez Mon Actu\" rel=\"nofollow noopener\" data-trk=\"{&quot;cta&quot;:{&quot;action&quot;:&quot;https:\\\/\\\/moncompte.actu.fr&quot;,&quot;category&quot;:&quot;mon compte&quot;,&quot;from&quot;:&quot;article footer&quot;,&quot;name&quot;:&quot;Mon actu&quot;,&quot;type&quot;:&quot;cta&quot;}}\" target=\"_blank\">Mon Actu<\/a>.<\/p>\n<p>                    <script async src=\"\/\/www.instagram.com\/embed.js\"><\/script><script async src=\"\/\/www.tiktok.com\/embed.js\"><\/script><\/p>\n","protected":false},"excerpt":{"rendered":"Par Jessie Leclerc Publi\u00e9 le 2 sept. 2025 \u00e0 17h28 Ils \u00e9taient trois entit\u00e9s diff\u00e9rentes. Le Rouen M\u00e9tropole&hellip;\n","protected":false},"author":2,"featured_media":361067,"comment_status":"","ping_status":"","sticky":false,"template":"","format":"standard","meta":{"footnotes":""},"categories":[9587],"tags":[1111,11,1465,1777,674,1011,27,34987,9725,12,5161,25,9851,9590,60],"class_list":{"0":"post-361066","1":"post","2":"type-post","3":"status-publish","4":"format-standard","5":"has-post-thumbnail","7":"category-rouen","8":"tag-actu","9":"tag-actualites","10":"tag-basket","11":"tag-eu","12":"tag-europe","13":"tag-fr","14":"tag-france","15":"tag-kindarena","16":"tag-metropole-rouen","17":"tag-news","18":"tag-normandie","19":"tag-republique-francaise","20":"tag-rmb-rouen-metropole-basket","21":"tag-rouen","22":"tag-sports"},"share_on_mastodon":{"url":"https:\/\/pubeurope.com\/@fr\/115135449965516890","error":""},"_links":{"self":[{"href":"https:\/\/www.europesays.com\/fr\/wp-json\/wp\/v2\/posts\/361066","targetHints":{"allow":["GET"]}}],"collection":[{"href":"https:\/\/www.europesays.com\/fr\/wp-json\/wp\/v2\/posts"}],"about":[{"href":"https:\/\/www.europesays.com\/fr\/wp-json\/wp\/v2\/types\/post"}],"author":[{"embeddable":true,"href":"https:\/\/www.europesays.com\/fr\/wp-json\/wp\/v2\/users\/2"}],"replies":[{"embeddable":true,"href":"https:\/\/www.europesays.com\/fr\/wp-json\/wp\/v2\/comments?post=361066"}],"version-history":[{"count":0,"href":"https:\/\/www.europesays.com\/fr\/wp-json\/wp\/v2\/posts\/361066\/revisions"}],"wp:featuredmedia":[{"embeddable":true,"href":"https:\/\/www.europesays.com\/fr\/wp-json\/wp\/v2\/media\/361067"}],"wp:attachment":[{"href":"https:\/\/www.europesays.com\/fr\/wp-json\/wp\/v2\/media?parent=361066"}],"wp:term":[{"taxonomy":"category","embeddable":true,"href":"https:\/\/www.europesays.com\/fr\/wp-json\/wp\/v2\/categories?post=361066"},{"taxonomy":"post_tag","embeddable":true,"href":"https:\/\/www.europesays.com\/fr\/wp-json\/wp\/v2\/tags?post=361066"}],"curies":[{"name":"wp","href":"https:\/\/api.w.org\/{rel}","templated":true}]}}