{"id":361068,"date":"2025-09-02T15:38:14","date_gmt":"2025-09-02T15:38:14","guid":{"rendered":"https:\/\/www.europesays.com\/fr\/361068\/"},"modified":"2025-09-02T15:38:14","modified_gmt":"2025-09-02T15:38:14","slug":"cest-aussi-la-rentree-pour-les-piscines","status":"publish","type":"post","link":"https:\/\/www.europesays.com\/fr\/361068\/","title":{"rendered":"c&rsquo;est aussi la rentr\u00e9e pour les piscines"},"content":{"rendered":"<p>            Par<br \/>\n        <strong><br \/>\n            <a href=\"https:\/\/actu.fr\/auteur\/lisa-rodrigues\" title=\"Consulter tous les articles de Lisa Rodrigues\" rel=\"nofollow noopener\" target=\"_blank\">Lisa Rodrigues<\/a><br \/>\n        <\/strong><\/p>\n<p>        Publi\u00e9 le<\/p>\n<p>            2 sept. 2025 \u00e0 17h23        <\/p>\n<p>Les piscines municipales de <a href=\"https:\/\/actu.fr\/auvergne-rhone-alpes\/grenoble_38185\" rel=\"nofollow noopener\" target=\"_blank\">Grenoble<\/a> font aussi leur rentr\u00e9e. Pendant toute la saison estivale, deux d\u2019entre elles sont rest\u00e9es ouvertes au grand public : celle de Jean-Bron et celle des Dauphins.<\/p>\n<p class=\" wall-content\">\u00c0 l\u2019heure de la rentr\u00e9e, certaines ont ferm\u00e9 et d\u2019autres ont rouvert pour la saison 2025-2026. On fait le point sur ce passage vers le calendrier scolaire.<\/p>\n<p>La piscine Bulle d\u2019O a rouvert<\/p>\n<p class=\" wall-content\">Il y a d\u2019abord la <strong>piscine Jean-Bron<\/strong> qui a ferm\u00e9 ses portes au grand public d\u00e8s le 31 ao\u00fbt au soir. Elle continue toutefois d\u2019accueillir les scolaires et les clubs de natation jusqu\u2019\u00e0 la Toussaint, puis d\u2019avril \u00e0 juin 2026 le temps des travaux \u00e0 la piscine du Clos d\u2019Or, pr\u00e9cise la Ville de Grenoble dans un communiqu\u00e9.<\/p>\n<p>    <a href=\"https:\/\/www.google.com\/maps\/embed?pb=!1m18!1m12!1m3!1d5624.227705534824!2d5.718709486697367!3d45.184791496478866!2m3!1f0!2f0!3f0!3m2!1i1024!2i768!4f13.1!3m3!1m2!1s0x478af45e647eca63%3A0xa68f8dcd724d2ed3!2sPiscine%20Municipale%20Jean%20Bron!5e0!3m2!1sfr!2sfr!4v1756823972990!5m2!1sfr!2sfr\" title=\"Ouvrie le lien\" rel=\"nofollow noopener\" target=\"_blank\">Cliquez ici pour visualiser le contenu<\/a><\/p>\n<p class=\" wall-content\">\u00ab\u00a0Des travaux ont \u00e9t\u00e9 r\u00e9alis\u00e9s \u00e0 Jean-Bron pour permettre cet accueil avec l\u2019installation d\u2019une couverture thermique, d\u2019un \u00e9clairage LED, de barnums et deux vestiaires collectifs s\u00e9curis\u00e9s ont \u00e9galement \u00e9t\u00e9 cr\u00e9\u00e9s.\u00a0\u00bb<\/p>\n<p class=\" wall-content\">Pour accueillir le grand public, c\u2019est la <strong>piscine Bulle d\u2019O<\/strong> qui a pris le relais depuis mardi 2 septembre, apr\u00e8s sa fermeture annuelle estivale. La piscine des Dauphins, elle, reste ouverte tout au long de l\u2019ann\u00e9e.<\/p>\n<p>Hausse de fr\u00e9quentation dans les piscines cet \u00e9t\u00e9<\/p>\n<p class=\" wall-content\">La rentr\u00e9e est aussi l\u2019occasion pour la Ville de Grenoble de faire le point sur la <strong>fr\u00e9quentation estivale<\/strong> de ses bassins, marqu\u00e9e par <a href=\"https:\/\/actu.fr\/auvergne-rhone-alpes\/grenoble_38185\/isere-un-gros-pic-de-chaleur-arrive-l-alerte-canicule-activee-les-secteurs-concernes_62761102.html\" rel=\"nofollow noopener\" target=\"_blank\">deux canicules<\/a>. Le chiffre de <strong>82 825 nageurs<\/strong> sur l\u2019\u00e9t\u00e9 2025 est annonc\u00e9.<\/p>\n<p>Votre r\u00e9gion, votre actu !<\/p>\n<p>Recevez chaque jour les infos qui comptent pour vous.<\/p>\n<p>\t<a href=\"https:\/\/actu.fr\/newsletter\" class=\"ac-btn ac-btn--corner ac-btn--medium ac-btn--blue800\" rel=\"nofollow noopener\" target=\"_blank\">S&rsquo;incrire<\/a><\/p>\n<p class=\" wall-content\">\u00ab\u00a0La fr\u00e9quentation a d\u00e9pass\u00e9 celles de 2024 (78 683 entr\u00e9es) et celle de 2023 (60 442 entr\u00e9es)\u00a0\u00bb, ajoute la mairie. La piscine des Dauphins a notamment vu une belle hausse de son affluence, passant de 14 000 entr\u00e9es en 2024 \u00e0 15 930 entr\u00e9es cet \u00e9t\u00e9.<\/p>\n<p class=\" wall-content\">Les ouvertures en matinale et en nocturne de certaines piscines ont aussi rencontr\u00e9 leur petit succ\u00e8s, avec respectivement 2 150 visiteurs et 1 600 personnes sur les quatre dates propos\u00e9es dans l\u2019\u00e9t\u00e9.<\/p>\n<p class=\" wall-content\">C\u00f4t\u00e9 personnel, quatre m\u00e9diateurs, cinq agents de s\u00e9curit\u00e9 et un agent de nuit, ainsi qu\u2019une trentaine d\u2019agents de bassin (animateurs, ma\u00eetres-nageurs, technique, accueil) ont \u00e9t\u00e9 mobilis\u00e9s tout l\u2019\u00e9t\u00e9, compl\u00e8te la Ville.<\/p>\n<p class=\" wall-content\">Personnalisez votre actualit\u00e9 en ajoutant vos villes et m\u00e9dias en favori avec <a href=\"https:\/\/moncompte.actu.fr\" title=\"D\u00e9couvez Mon Actu\" rel=\"nofollow noopener\" data-trk=\"{&quot;cta&quot;:{&quot;action&quot;:&quot;https:\\\/\\\/moncompte.actu.fr&quot;,&quot;category&quot;:&quot;mon compte&quot;,&quot;from&quot;:&quot;article footer&quot;,&quot;name&quot;:&quot;Mon actu&quot;,&quot;type&quot;:&quot;cta&quot;}}\" target=\"_blank\">Mon Actu<\/a>.<\/p>\n","protected":false},"excerpt":{"rendered":"Par Lisa Rodrigues Publi\u00e9 le 2 sept. 2025 \u00e0 17h23 Les piscines municipales de Grenoble font aussi leur&hellip;\n","protected":false},"author":2,"featured_media":361069,"comment_status":"","ping_status":"","sticky":false,"template":"","format":"standard","meta":{"footnotes":""},"categories":[9566],"tags":[1111,11,2430,1777,674,1011,27,2731,12,25,104,517],"class_list":{"0":"post-361068","1":"post","2":"type-post","3":"status-publish","4":"format-standard","5":"has-post-thumbnail","7":"category-grenoble","8":"tag-actu","9":"tag-actualites","10":"tag-auvergne-rhone-alpes","11":"tag-eu","12":"tag-europe","13":"tag-fr","14":"tag-france","15":"tag-grenoble","16":"tag-news","17":"tag-republique-francaise","18":"tag-societe","19":"tag-sport"},"share_on_mastodon":{"url":"https:\/\/pubeurope.com\/@fr\/115135453854612247","error":""},"_links":{"self":[{"href":"https:\/\/www.europesays.com\/fr\/wp-json\/wp\/v2\/posts\/361068","targetHints":{"allow":["GET"]}}],"collection":[{"href":"https:\/\/www.europesays.com\/fr\/wp-json\/wp\/v2\/posts"}],"about":[{"href":"https:\/\/www.europesays.com\/fr\/wp-json\/wp\/v2\/types\/post"}],"author":[{"embeddable":true,"href":"https:\/\/www.europesays.com\/fr\/wp-json\/wp\/v2\/users\/2"}],"replies":[{"embeddable":true,"href":"https:\/\/www.europesays.com\/fr\/wp-json\/wp\/v2\/comments?post=361068"}],"version-history":[{"count":0,"href":"https:\/\/www.europesays.com\/fr\/wp-json\/wp\/v2\/posts\/361068\/revisions"}],"wp:featuredmedia":[{"embeddable":true,"href":"https:\/\/www.europesays.com\/fr\/wp-json\/wp\/v2\/media\/361069"}],"wp:attachment":[{"href":"https:\/\/www.europesays.com\/fr\/wp-json\/wp\/v2\/media?parent=361068"}],"wp:term":[{"taxonomy":"category","embeddable":true,"href":"https:\/\/www.europesays.com\/fr\/wp-json\/wp\/v2\/categories?post=361068"},{"taxonomy":"post_tag","embeddable":true,"href":"https:\/\/www.europesays.com\/fr\/wp-json\/wp\/v2\/tags?post=361068"}],"curies":[{"name":"wp","href":"https:\/\/api.w.org\/{rel}","templated":true}]}}