{"id":361070,"date":"2025-09-02T15:39:14","date_gmt":"2025-09-02T15:39:14","guid":{"rendered":"https:\/\/www.europesays.com\/fr\/361070\/"},"modified":"2025-09-02T15:39:14","modified_gmt":"2025-09-02T15:39:14","slug":"ce-site-de-captage-deau-ultra-securise-pres-de-grenoble-alimente-220-000-personnes","status":"publish","type":"post","link":"https:\/\/www.europesays.com\/fr\/361070\/","title":{"rendered":"ce site de captage d&rsquo;eau ultra-s\u00e9curis\u00e9 pr\u00e8s de Grenoble alimente 220 000 personnes"},"content":{"rendered":"<p class=\"article__intro\">Pr\u00e8s de Grenoble, le site de captage d&rsquo;eau de Rochefort permet d&rsquo;alimenter 90 % des habitants de la m\u00e9tropole is\u00e9roise. Plong\u00e9e dans cet espace interdit au public o\u00f9 tout est fait pour pr\u00e9server la puret\u00e9 de cette eau naturelle.<\/p>\n<p>\n      La Quotidienne Soci\u00e9t\u00e9\n    <\/p>\n<p>\n      De la vie quotidienne aux grands enjeux, recevez tous les jours les sujets qui font la soci\u00e9t\u00e9 locale, comme la justice, l\u2019\u00e9ducation, la sant\u00e9 et la famille.\n    <\/p>\n<p>    France T\u00e9l\u00e9visions utilise votre adresse e-mail afin de vous envoyer la newsletter \u00ab\u00a0La Quotidienne Soci\u00e9t\u00e9\u00a0\u00bb. Vous pouvez vous d\u00e9sinscrire \u00e0 tout moment via le lien en bas de cette newsletter. <a target=\"_blank\" href=\"https:\/\/www.francetelevisions.fr\/groupe\/confidentialite\/politique-de-confidentialite\/politique-de-confidentialite-de-france-televisions-6503\" rel=\"nofollow noopener\">Notre politique de confidentialit\u00e9<\/a><\/p>\n<p>C&rsquo;est un monde ultra-s\u00e9curis\u00e9, o\u00f9 l&rsquo;eau est sous haute surveillance. Sur la commune de Varces (Is\u00e8re), le site de captage de l&rsquo;eau de Rochefort s&rsquo;\u00e9tend sur pr\u00e8s 2\u00a0300 hectares et permet d&rsquo;alimenter quelque 220\u00a0000 habitants de la m\u00e9tropole de Grenoble.<\/p>\n<p>Le site n&rsquo;est pas ouvert au public et les t\u00e9l\u00e9phones y sont interdits dans l&rsquo;unique but de pr\u00e9server la confidentialit\u00e9 du lieu, ainsi que la puret\u00e9 de l&rsquo;eau. \u00ab\u00a0L&rsquo;eau de la rivi\u00e8re du Drac s&rsquo;infiltre sous le sol. Elle est filtr\u00e9e naturellement par la g\u00e9ologie du terrain. Elle arrive \u00e0 proximit\u00e9 des puits, qui descendent jusqu&rsquo;\u00e0 30 m\u00e8tres de profondeur. Ces puits permettent de pomper cette eau et l&rsquo;envoyer vers la ville\u00a0\u00bb, explique<strong> <\/strong>Ariana Numi, cheffe d&rsquo;exploitation du site de captage.<\/p>\n<p>L&rsquo;eau de la nappe phr\u00e9atique du Drac provient du manteau neigeux du massif des Ecrins. Une fois dans la plaine, cette eau met 60 jours \u00e0 s&rsquo;infiltrer dans les sols. Le glacier, qui recouvrait autrefois toute la vall\u00e9e de Grenoble \u00e0 Chamb\u00e9ry, a laiss\u00e9 des s\u00e9diments qui permettent cette filtration naturelle tr\u00e8s efficace.<\/p>\n<p>    dur\u00e9e de la vid\u00e9o : 00h01mn51s<\/p>\n<p>        <img decoding=\"async\" width=\"640\" height=\"426\" class=\"article-image not-lazy\" src=\"https:\/\/france3-regions.franceinfo.fr\/assets\/img\/logos\/fallbackFr3_16_9.webp\" alt=\"\" fetchpriority=\"high\"\/><\/p>\n<p>              Voir la video\u00a0(1 minutes 51 secondes).\u00a0<br \/>\n                  1 min 51 s<\/p>\n<p>\n          Pr\u00e8s de Grenoble, le site de captage d&rsquo;eau de Rochefort permet d&rsquo;alimenter 90 % des habitants de la m\u00e9tropole.<\/p>\n<p>        \u2022<\/p>\n<p>              \u00a9FTV\n      <\/p>\n<p>Cette eau, propre \u00e0 la consommation, est contr\u00f4l\u00e9e en permanence. Plusieurs fois par semaine, les \u00e9quipes techniques descendent dans de larges sous-sols et inspectent les imposants tuyaux. L&rsquo;eau y est r\u00e9guli\u00e8rement test\u00e9e pour v\u00e9rifier les quantit\u00e9s de bact\u00e9ries pr\u00e9sentes : \u00ab\u00a0On fait des tests ici parce que c&rsquo;est de l\u00e0 que l&rsquo;eau part. Puis, nous pouvons aussi faire des tests r\u00e9guli\u00e8rement dans tous les r\u00e9servoirs aliment\u00e9s par cette canalisation\u00a0\u00bb, raconte\u00a0Benoit Wirth, technicien.<\/p>\n<p>Les 2\u00a0300 hectares autour du captage de l&rsquo;eau sont s\u00e9curis\u00e9s : pas une goutte de pollution ne doit interf\u00e9rer avec cette source, qui alimente 90\u00a0% de la m\u00e9tropole grenobloise. \u00ab\u00a0Cette ressource reste prot\u00e9g\u00e9e. Elle ne peut pas \u00eatre pollu\u00e9e par des \u00e9l\u00e9ments ext\u00e9rieurs. Il ne faut pas, non plus, perturber le fonctionnement de la nappe et des cours d&rsquo;eau adjacents. Il faut que cette eau puisse rester propre naturellement en limitant au maximum les interventions humaines. Nous avons donc cette zone pr\u00e9serv\u00e9e\u00a0\u00bb, d\u00e9taille<strong> <\/strong>Laura Siefert, vice-pr\u00e9sidente de la M\u00e9tropole de Grenoble en charge du cycle de l&rsquo;eau.<\/p>\n<p>Chaque ann\u00e9e, le r\u00e9seau accueille des communes suppl\u00e9mentaires. En 2024, les communes de Notre-Dame-de-Commiers, Saint-Georges-de-Commiers, Saint-Egr\u00e8ve et du Fontanil-Cornillon ont \u00e9t\u00e9 raccord\u00e9es au r\u00e9seau d&rsquo;eau de Rochefort. Au total, 400\u00a0000 habitants pourraient profiter de cette ressource inestimable dans les ann\u00e9es \u00e0 venir.<\/p>\n","protected":false},"excerpt":{"rendered":"Pr\u00e8s de Grenoble, le site de captage d&rsquo;eau de Rochefort permet d&rsquo;alimenter 90 % des habitants de la&hellip;\n","protected":false},"author":2,"featured_media":361071,"comment_status":"","ping_status":"","sticky":false,"template":"","format":"standard","meta":{"footnotes":""},"categories":[9566],"tags":[1111,11,2430,1777,674,1011,27,2731,12,25],"class_list":{"0":"post-361070","1":"post","2":"type-post","3":"status-publish","4":"format-standard","5":"has-post-thumbnail","7":"category-grenoble","8":"tag-actu","9":"tag-actualites","10":"tag-auvergne-rhone-alpes","11":"tag-eu","12":"tag-europe","13":"tag-fr","14":"tag-france","15":"tag-grenoble","16":"tag-news","17":"tag-republique-francaise"},"share_on_mastodon":{"url":"https:\/\/pubeurope.com\/@fr\/115135458189852760","error":""},"_links":{"self":[{"href":"https:\/\/www.europesays.com\/fr\/wp-json\/wp\/v2\/posts\/361070","targetHints":{"allow":["GET"]}}],"collection":[{"href":"https:\/\/www.europesays.com\/fr\/wp-json\/wp\/v2\/posts"}],"about":[{"href":"https:\/\/www.europesays.com\/fr\/wp-json\/wp\/v2\/types\/post"}],"author":[{"embeddable":true,"href":"https:\/\/www.europesays.com\/fr\/wp-json\/wp\/v2\/users\/2"}],"replies":[{"embeddable":true,"href":"https:\/\/www.europesays.com\/fr\/wp-json\/wp\/v2\/comments?post=361070"}],"version-history":[{"count":0,"href":"https:\/\/www.europesays.com\/fr\/wp-json\/wp\/v2\/posts\/361070\/revisions"}],"wp:featuredmedia":[{"embeddable":true,"href":"https:\/\/www.europesays.com\/fr\/wp-json\/wp\/v2\/media\/361071"}],"wp:attachment":[{"href":"https:\/\/www.europesays.com\/fr\/wp-json\/wp\/v2\/media?parent=361070"}],"wp:term":[{"taxonomy":"category","embeddable":true,"href":"https:\/\/www.europesays.com\/fr\/wp-json\/wp\/v2\/categories?post=361070"},{"taxonomy":"post_tag","embeddable":true,"href":"https:\/\/www.europesays.com\/fr\/wp-json\/wp\/v2\/tags?post=361070"}],"curies":[{"name":"wp","href":"https:\/\/api.w.org\/{rel}","templated":true}]}}