{"id":361072,"date":"2025-09-02T15:40:21","date_gmt":"2025-09-02T15:40:21","guid":{"rendered":"https:\/\/www.europesays.com\/fr\/361072\/"},"modified":"2025-09-02T15:40:21","modified_gmt":"2025-09-02T15:40:21","slug":"il-etait-une-fois-la-prison-jacques-cartier","status":"publish","type":"post","link":"https:\/\/www.europesays.com\/fr\/361072\/","title":{"rendered":"Il \u00e9tait une fois\u2026 la Prison Jacques-Cartier"},"content":{"rendered":"<p>        Un lieu de m\u00e9moire, une porte ouverte sur l\u2019histoire carc\u00e9rale<\/p>\n<p>        <img loading=\"lazy\" width=\"1024\" height=\"683\" src=\"data:image\/svg+xml,%3Csvg%20xmlns=\" http:=\"\" class=\"wp-post-image wp-post-image\" alt=\"Vue du b\u00e2timent de la prison Jacques Cartier \u00e0 Rennes, construite en 1903\" decoding=\"async\" data-lazy- data-lazy- data-lazy-src=\"https:\/\/www.europesays.com\/fr\/wp-content\/uploads\/2025\/09\/Prison-cour-rennes-1024x683.jpeg\"\/><br \/>\n                \u00a9 Rennes Ville et M\u00e9tropole &#8211; Anne-C\u00e9cile Est\u00e8ve             <\/p>\n<p>L\u2019ancienne prison Jacques-Cartier a ferm\u00e9 ses portes en 2010. Rachet\u00e9e en 2021 par Rennes M\u00e9tropole, elle se transforme en lieu culturel ouvert sur le quartier. Des visites guid\u00e9es et des portes ouvertes sont programm\u00e9es dans le cadre des Journ\u00e9es du Matrimoine et du Patrimoine en septembre. L\u2019occasion de se plonger dans ce lieu de m\u00e9moire qui a connu des heures sombres et qui raconte aussi l\u2019\u00e9volution de la doctrine carc\u00e9rale au XIX\u00e8me et XX\u00e8me si\u00e8cle.<\/p>\n<p>Une prison autrefois en plein champ, aujourd\u2019hui encercl\u00e9e par la ville<\/p>\n<p><img fetchpriority=\"high\" decoding=\"async\" width=\"1024\" height=\"658\" src=\"data:image\/svg+xml,%3Csvg%20xmlns=\" http:=\"\" alt=\"Carte postale de la prison Jacques Cartier lors de son ouverture en 1903\" class=\"wp-image-58795\" data-lazy- data-lazy- data-lazy-src=\"https:\/\/www.europesays.com\/fr\/wp-content\/uploads\/2025\/09\/Prison-archive-rennes-1024x658.jpeg\"\/><\/p>\n<p>Octobre 1903. Quand elle ouvre ses portes, la prison Jacques-Cartier est perdue au milieu des champs\u2026 Aujourd\u2019hui rattrap\u00e9e par la ville c\u2019est un site qui se visite et qui offre une plong\u00e9e saisissante dans l\u2019univers carc\u00e9ral d\u2019un autre si\u00e8cle.<\/p>\n<p>Pendant l\u2019Ancien R\u00e9gime et Jusqu\u2019au XIX\u00e8me si\u00e8cle, les prisonniers \u00e9taient entass\u00e9s dans des prisons sombres et insalubres. Un changement de mod\u00e8le s\u2019op\u00e8re \u00e0 la fin du XIX\u00e8me si\u00e8cle en France pour construire de nouvelles prisons. Jacques-Cartier est un exemple de ce changement de conception des prisons.<\/p>\n<p>\u00a0\u00ab\u00a0Sous la Troisi\u00e8me R\u00e9publique, \u00e0 partir de 1875, il y a une volont\u00e9 politique de r\u00e9former le monde judiciaire et p\u00e9nitentiaire. Ce sont les progr\u00e8s en termes d\u2019enfermement venus de Grande-Bretagne qui ont inspir\u00e9 une g\u00e9n\u00e9ration de chercheurs et sociologues fran\u00e7ais. Des chantiers de prisons nouvelles vont alors appara\u00eetre en France. On veut clairement changer de mod\u00e8le pour des questions de dignit\u00e9, de r\u00e9insertion et surtout pour \u00e9viter la r\u00e9cidive\u00a0\u00bb explique Gilles Brohan, animateur du patrimoine et de l\u2019architecture \u00e0 l\u2019Office de tourisme.<\/p>\n<p><img loading=\"lazy\" decoding=\"async\" width=\"1024\" height=\"683\" src=\"data:image\/svg+xml,%3Csvg%20xmlns=\" http:=\"\" alt=\"Journ\u00e9es du Patrimoine. Portes ouvertes. Prison Jacques Cartier.\" class=\"wp-image-58796\" data-lazy- data-lazy- data-lazy-src=\"https:\/\/www.europesays.com\/fr\/wp-content\/uploads\/2025\/09\/Prison-Jacques-Cartier-1024x683.jpeg\"\/>\u00a9 Rennes Ville et M\u00e9tropole \u2013 Julien Mignot<\/p>\n<p>\u00ab\u00a0Auparavant, les gens \u00e9taient regroup\u00e9s, il n\u2019y avait pas de cellules individuelles, dans des \u00e9difices anciens qui n\u2019avaient pas forc\u00e9ment \u00e9t\u00e9 construits pour \u00eatre des prisons. Au niveau salubrit\u00e9, dignit\u00e9 de la personne, la France \u00e9tait tr\u00e8s en retard. D\u2019o\u00f9 la citation c\u00e9l\u00e8bre attribu\u00e9e \u00e0 Montesquieu au XVIII\u00e8me si\u00e8cle\u00a0: \u201cOn juge du degr\u00e9 de civilisation d\u2019une soci\u00e9t\u00e9 \u00e0 la mani\u00e8re dont elle traite ses prisonniers\u201d\u00a0\u00bb.<\/p>\n<p>Un nouveau mod\u00e8le de prison \u00e0 Rennes \u00e0 l\u2019ext\u00e9rieur de la ville<\/p>\n<p>La premi\u00e8re prison d\u2019un nouveau genre va \u00eatre construite dans cette partie de la ville\u00a0: la prison des femmes. C\u2019est Alfred Normand, th\u00e9oricien de l\u2019architecture carc\u00e9rale, qui va imaginer cette maison centrale. Elle est construite juste derri\u00e8re la voie de chemin de fer, les d\u00e9tenus des maisons centrales peuvent en effet venir de toute la France. Il faut que leurs proches les familles puissent les visiter facilement gr\u00e2ce au train. Les b\u00e2timents, implant\u00e9s \u00e0 l\u2019ext\u00e9rieur de la ville, sont suffisamment grands pour accueillir les d\u00e9tenus et r\u00e9pondent \u00e0 de nouvelles r\u00e8gles de salubrit\u00e9.<\/p>\n<p><img loading=\"lazy\" decoding=\"async\" width=\"1024\" height=\"683\" src=\"data:image\/svg+xml,%3Csvg%20xmlns=\" http:=\"\" alt=\"Vue de l'entr\u00e9e de la cour de la prison Jacques Cartier\" class=\"wp-image-58797\" data-lazy- data-lazy- data-lazy-src=\"https:\/\/www.europesays.com\/fr\/wp-content\/uploads\/2025\/09\/Prison-cartier-rennes-1024x683.jpeg\"\/>\u00a9 Rennes Ville et M\u00e9tropole \u2013 Anne-C\u00e9cile Est\u00e8ve<\/p>\n<p>\u00ab\u00a0Jusque-l\u00e0 les lieux d\u2019enfermement \u00e9taient en c\u0153ur de ville et cr\u00e9aient un certain nombre de nuisances. Les habitants sont donc rassur\u00e9s qu\u2019une prison soit construite loin de leur lieu de vie quotidien\u00a0\u00bb raconte Gilles Brohan. \u00ab\u00a0Dans les principes de r\u00e9insertion, le fait d\u2019\u00eatre \u00e0 la marge de la ville fait partie du cheminement, on est mis \u00e0 l\u2019\u00e9cart.\u00a0\u00bb.<\/p>\n<p>Jean-Marie Laloy, l\u2019architecte de la prison Jacques-Cartier<\/p>\n<p>La prison Jacques-Cartier va donc s\u2019inspirer de ce nouveau mod\u00e8le. \u00c0 la diff\u00e9rence pr\u00e8s qu\u2019il s\u2019agit d\u2019un projet de maison d\u2019arr\u00eat destin\u00e9es \u00e0 des personnes qui attendent leur proc\u00e8s ou qui sont condamn\u00e9es \u00e0 de courtes peines. C\u2019est le d\u00e9partement qui est \u00e0 la man\u0153uvre et qui construit pour le compte de l\u2019\u00c9tat.<\/p>\n<p><img loading=\"lazy\" decoding=\"async\" width=\"1024\" height=\"683\" src=\"data:image\/svg+xml,%3Csvg%20xmlns=\" http:=\"\" alt=\"Int\u00e9rieur des coursives d'acc\u00e8s aux cellules individuelles de la prison Jacques Cartier\" class=\"wp-image-58798\" data-lazy- data-lazy- data-lazy-src=\"https:\/\/www.europesays.com\/fr\/wp-content\/uploads\/2025\/09\/Prison-interieur-rennes-1024x683.jpeg\"\/>\u00a9 Rennes Ville et M\u00e9tropole \u2013 Anne-C\u00e9cile Est\u00e8ve<\/p>\n<p>\u00ab\u00a0On fait appel \u00e0 l\u2019architecte d\u00e9partemental- Jean-Marie Laloy \u2013 pur produit de la III\u00e8me R\u00e9publique\u00a0: radical, socialiste et franc-ma\u00e7on, incarnation de l\u2019\u00c9tat et de la Loi, un peu \u00e0 l\u2019image des Hussards noirs de la R\u00e9publique que sont les instituteurs\u00a0\u00bb d\u00e9taille Gilles Brohan. \u00ab\u00a0En tant qu\u2019architecte d\u00e9partemental, il va signer la construction de nombreux \u00e9tablissements publics\u00a0: mairies, \u00e9coles, palais de justice, th\u00e9\u00e2tres et les prisons d\u00e9partementales. Elle est construite encore plus loin que la prison des femmes, \u00e9difi\u00e9e 15 ans auparavant\u00a0\u00bb.<\/p>\n<p>Une prison de type panoptique pour faciliter la surveillance<\/p>\n<p>Le plan m\u00eame de la prison reprend cette id\u00e9e de la mise \u00e0 l\u2019\u00e9cart de la ville, un peu \u00e0 la mani\u00e8re d\u2019un \u00e9difice religieux. Le plan en croix symbolise cette volont\u00e9 de se repentir de ses p\u00e9ch\u00e9s comme dans une \u00e9glise, un paradoxe dans une R\u00e9publique qui se veut plus que jamais la\u00efque. C\u2019est une prison de type panoptique b\u00e2tie selon un mod\u00e8le anglo-saxon : la surveillance se fait en hauteur et permet d\u2019avoir une vision large sur le site tout ne n\u00e9cessitant que peu de surveillants.<\/p>\n<p><img loading=\"lazy\" decoding=\"async\" width=\"1024\" height=\"683\" src=\"data:image\/svg+xml,%3Csvg%20xmlns=\" http:=\"\" alt=\"Vue du b\u00e2timent de la prison Jacques Cartier \u00e0 Rennes inoccup\u00e9e depuis 2010.\" class=\"wp-image-58799\" data-lazy- data-lazy- data-lazy-src=\"https:\/\/www.europesays.com\/fr\/wp-content\/uploads\/2025\/09\/Prison-rennes-Jacquescartier-1024x683.jpeg\"\/>\u00a9 Rennes Ville et M\u00e9tropole \u2013 Arnaud Loubry<\/p>\n<p>\u00ab\u00a0Quand on est face au b\u00e2timent, il y a ce mur d\u2019enceinte impressionnant, mais d\u00e8s qu\u2019on a franchi le portail, on se retrouve face \u00e0 un b\u00e2timent aust\u00e8re mais dont l\u2019architecture est tout de m\u00eame soign\u00e9e. A l\u2019\u00e9poque certains journaux s\u2019indignent m\u00eame en trouvant que c\u2019est presque un palais trop beau pour des prisonniers. Au-del\u00e0 de l\u2019architecture, la r\u00e9volution est surtout \u00e0 l\u2019int\u00e9rieur avec des cellules individuelles de 9 m2 pour les prisonniers. Chaque cellule est dot\u00e9e d\u2019une ouverture, \u00e0 la fois pour amener la lumi\u00e8re naturelle, mais aussi pour des questions de salubrit\u00e9, pour renouveler l\u2019air. C\u2019est d\u00e9j\u00e0 une r\u00e9volution\u00a0\u00bb.<\/p>\n<p>Une architecture r\u00e9gionaliste avec des mat\u00e9riaux locaux<\/p>\n<p>Autre particularit\u00e9 de la prison Jacques-Cartier, elle adopte un style r\u00e9gionaliste en privil\u00e9giant des mat\u00e9riaux locaux\u00a0: \u00ab\u00a0On va retrouver essentiellement du schiste rouge issu des carri\u00e8res de Pont-R\u00e9an au niveau du mur d\u2019enceinte, du gr\u00e8s dans la partie haute, du granit sur la fa\u00e7ade principale et une couverture en tuiles. On a aussi du verre dans le carrefour, comme une immense lanterne qui rappelle un transept d\u2019\u00e9glise, mais qui est en r\u00e9alit\u00e9 un mirador g\u00e9ant\u00a0\u00bb.<\/p>\n<p><img loading=\"lazy\" decoding=\"async\" width=\"1024\" height=\"683\" src=\"data:image\/svg+xml,%3Csvg%20xmlns=\" http:=\"\" alt=\"Cour int\u00e9rieur de la prison Jacques Cartier \u00e0 Rennes\" class=\"wp-image-58800\" data-lazy- data-lazy- data-lazy-src=\"https:\/\/www.europesays.com\/fr\/wp-content\/uploads\/2025\/09\/Prison-cour-rennes-2-1024x683.jpeg\"\/>\u00a9 Rennes Ville et M\u00e9tropole \u2013 Anne-C\u00e9cile Est\u00e8ve<\/p>\n<p>C\u2019est l\u2019autre touche de l\u2019architecte Jean-Marie Laloy. Par mesure d\u2019\u00e9conomie il emploie des mat\u00e9riaux locaux, il con\u00e7oit des b\u00e2timents avec une teinte r\u00e9gionaliste pour rappeler les courants stylistiques propres \u00e0 la Bretagne. Il n\u2019est jamais dans la d\u00e9mesure. Mais son architecture reste soign\u00e9e.<\/p>\n<p>Lieu de m\u00e9moire, charg\u00e9 d\u2019histoires sombres<\/p>\n<p>Au-del\u00e0 de cette architecture, cela reste une prison, qui a connu des heures sombres. C\u2019est l\u00e0 que sont ex\u00e9cut\u00e9s les derniers prisonniers condamn\u00e9s \u00e0 la peine capitale. \u00c0 l\u2019\u00e9poque, les ex\u00e9cutions n\u2019ont pas lieu sur la place publique, comme au Moyen \u00c2ge. La guillotine est directement install\u00e9e dans l\u2019enceinte de la prison. Jusqu\u2019en 1939, des prisonniers y ont \u00e9t\u00e9 guillotin\u00e9s.<\/p>\n<p><img loading=\"lazy\" decoding=\"async\" width=\"1024\" height=\"683\" src=\"data:image\/svg+xml,%3Csvg%20xmlns=\" http:=\"\" alt=\"Coursives et cellules de la prison Jacques Cartier\" class=\"wp-image-58801\" data-lazy- data-lazy- data-lazy-src=\"https:\/\/www.europesays.com\/fr\/wp-content\/uploads\/2025\/09\/Prison-cellules-coursives-1024x683.jpeg\"\/>\u00a9 Rennes Ville et M\u00e9tropole \u2013 Anne-C\u00e9cile Est\u00e8ve<\/p>\n<p>Pendant l\u2019Occupation, \u00e0 partir de juin 1940, la prison est r\u00e9quisitionn\u00e9e par les nazis. Des r\u00e9sistants et opposants politiques y sont emprisonn\u00e9s jusqu\u2019\u00e0 atteindre 1000 d\u00e9tenus, pour un espace initialement pr\u00e9vu pour en accueillir 323. Le r\u00e9sistant Pierre Brossolette y est emprisonn\u00e9 avant d\u2019\u00eatre transf\u00e9r\u00e9 \u00e0 Paris. Des soldats allemands qui ont d\u00e9sert\u00e9 sont aussi d\u00e9tenus dans la prison. Et des r\u00e9sistants subissent l\u2019\u00e9preuve de la torture dans les sous-sols de la prison. Des \u00e9pisodes qui font de la prison Jacques-Cartier, un lieu de m\u00e9moire peupl\u00e9 de fant\u00f4mes.<\/p>\n<p>Par la suite, malgr\u00e9 des travaux r\u00e9alis\u00e9s dans les ann\u00e9es 1970, la prison est trop v\u00e9tuste et petite pour accueillir de nouveaux prisonniers. La construction d\u2019un nouveau centre p\u00e9nitentiaire \u00e0 Vezin-le-Coquet, tourne d\u00e9finitivement la page. En 2010, il y a un grand d\u00e9m\u00e9nagement des d\u00e9tenus et du personnel p\u00e9nitentiaire. \u00ab\u00a0Pour les riverains il y avait un certain soulagement de voir les d\u00e9tenus partir, en raison des parloirs sauvages, mais en m\u00eame temps du jour au lendemain la prison s\u2019est tue\u00a0\u00bb se souvient Gilles Brohan.<\/p>\n<p>Elle reste propri\u00e9t\u00e9 de l\u2019\u00c9tat pendant une dizaine d\u2019ann\u00e9es et sert de lieu d\u2019entra\u00eenement pour le GIGN ou le Raid ou de lieu de tournage, avant d\u2019\u00eatre rachet\u00e9e par la m\u00e9tropole en 2021 pour 500.000 euros.<\/p>\n<p>Une nouvelle page \u00e0 \u00e9crire pour ce lieu insolite<\/p>\n<p><img loading=\"lazy\" decoding=\"async\" width=\"1024\" height=\"683\" src=\"data:image\/svg+xml,%3Csvg%20xmlns=\" http:=\"\" alt=\"Des coureurs du Rennes Urban Trail traversent la prison Jacques Cartier\" class=\"wp-image-58802\" data-lazy- data-lazy- data-lazy-src=\"https:\/\/www.europesays.com\/fr\/wp-content\/uploads\/2025\/09\/Urban-trail-prison-1024x683.jpeg\"\/>\u00a9 Rennes Ville et M\u00e9tropole \u2013 Julien Mignot<\/p>\n<p>\u00c0 l\u2019occasion des journ\u00e9es du patrimoine la prison ouvre \u00e0 nouveau ses portes cr\u00e9ant une fascination ambivalente. \u00ab\u00a0La prison a un c\u00f4t\u00e9 attractif et r\u00e9pulsif. Ce sont des lieux qu\u2019on n\u2019a pas envie de fr\u00e9quenter, mais on a quand m\u00eame envie de voir ce qui se passe \u00e0 l\u2019int\u00e9rieur. Au-del\u00e0 du c\u00f4t\u00e9 impressionnant du b\u00e2timent, ce qui frappe quand on visite la prison c\u2019est le silence\u00a0\u00bb r\u00e9sume Gilles Brohan.<\/p>\n<p>Au-del\u00e0 des murs qui parlent, que reste-il de cette histoire aujourd\u2019hui\u00a0? La Prison Jacques-Cartier va se transformer en lieu culturel et citoyen, sans oublier son pass\u00e9. Des associations comme <a href=\"https:\/\/www.champsdejustice.fr\/\" target=\"_blank\" rel=\"noreferrer noopener nofollow\">Champs de Justice<\/a> \u00e0 travers son projet \u00ab\u00a0les voix de la prison\u00a0\u00bb donne la parole \u00e0 d\u2019anciens d\u00e9tenus ou surveillants pour faire vivre cette m\u00e9moire. La prison s\u2019anime \u00e9galement avec des interventions artistiques, comme du street-art pour mettre de la couleur sur les murs de la prison. La prison est m\u00eame travers\u00e9e par des \u00e9preuves sportives, en avril le Rennes Urban Trail y fait passer des milliers coureurs dans les coursives.<\/p>\n<p><img loading=\"lazy\" decoding=\"async\" width=\"1024\" height=\"683\" src=\"data:image\/svg+xml,%3Csvg%20xmlns=\" http:=\"\" alt=\"Murs de la prison Jacques Cartier color\u00e9s par des streets-artistes\" class=\"wp-image-58803\" data-lazy- data-lazy- data-lazy-src=\"https:\/\/www.europesays.com\/fr\/wp-content\/uploads\/2025\/09\/Prison-street-art-1024x683.jpeg\"\/>\u00a9 Rennes Ville et M\u00e9tropole \u2013 Arnaud Loubry<\/p>\n<p>Une occupation temporaire est aussi pr\u00e9vue par le collectif artistique les circassiers en attendant que le lieu se trouve une nouvelle vie, dont les habitants du quartier seront les premiers acteurs.<\/p>\n<p>En savoir plus sur l\u2019histoire de la prison Jacques-Cartier<\/p>\n<p>  Visites et portes ouvertes<\/p>\n","protected":false},"excerpt":{"rendered":"Un lieu de m\u00e9moire, une porte ouverte sur l\u2019histoire carc\u00e9rale \u00a9 Rennes Ville et M\u00e9tropole &#8211; Anne-C\u00e9cile Est\u00e8ve&hellip;\n","protected":false},"author":2,"featured_media":361073,"comment_status":"","ping_status":"","sticky":false,"template":"","format":"standard","meta":{"footnotes":""},"categories":[2821],"tags":[1111,11,829,1777,674,1011,27,12,584,25],"class_list":{"0":"post-361072","1":"post","2":"type-post","3":"status-publish","4":"format-standard","5":"has-post-thumbnail","7":"category-rennes","8":"tag-actu","9":"tag-actualites","10":"tag-bretagne","11":"tag-eu","12":"tag-europe","13":"tag-fr","14":"tag-france","15":"tag-news","16":"tag-rennes","17":"tag-republique-francaise"},"share_on_mastodon":{"url":"https:\/\/pubeurope.com\/@fr\/115135461769401494","error":""},"_links":{"self":[{"href":"https:\/\/www.europesays.com\/fr\/wp-json\/wp\/v2\/posts\/361072","targetHints":{"allow":["GET"]}}],"collection":[{"href":"https:\/\/www.europesays.com\/fr\/wp-json\/wp\/v2\/posts"}],"about":[{"href":"https:\/\/www.europesays.com\/fr\/wp-json\/wp\/v2\/types\/post"}],"author":[{"embeddable":true,"href":"https:\/\/www.europesays.com\/fr\/wp-json\/wp\/v2\/users\/2"}],"replies":[{"embeddable":true,"href":"https:\/\/www.europesays.com\/fr\/wp-json\/wp\/v2\/comments?post=361072"}],"version-history":[{"count":0,"href":"https:\/\/www.europesays.com\/fr\/wp-json\/wp\/v2\/posts\/361072\/revisions"}],"wp:featuredmedia":[{"embeddable":true,"href":"https:\/\/www.europesays.com\/fr\/wp-json\/wp\/v2\/media\/361073"}],"wp:attachment":[{"href":"https:\/\/www.europesays.com\/fr\/wp-json\/wp\/v2\/media?parent=361072"}],"wp:term":[{"taxonomy":"category","embeddable":true,"href":"https:\/\/www.europesays.com\/fr\/wp-json\/wp\/v2\/categories?post=361072"},{"taxonomy":"post_tag","embeddable":true,"href":"https:\/\/www.europesays.com\/fr\/wp-json\/wp\/v2\/tags?post=361072"}],"curies":[{"name":"wp","href":"https:\/\/api.w.org\/{rel}","templated":true}]}}