{"id":361074,"date":"2025-09-02T15:41:10","date_gmt":"2025-09-02T15:41:10","guid":{"rendered":"https:\/\/www.europesays.com\/fr\/361074\/"},"modified":"2025-09-02T15:41:10","modified_gmt":"2025-09-02T15:41:10","slug":"plus-de-140-000-euros-de-travaux-realises-dans-cette-ecole","status":"publish","type":"post","link":"https:\/\/www.europesays.com\/fr\/361074\/","title":{"rendered":"plus de 140 000 euros de travaux r\u00e9alis\u00e9s dans cette \u00e9cole"},"content":{"rendered":"<p>            Par<br \/>\n        <strong><br \/>\n            <a href=\"https:\/\/actu.fr\/auteur\/redaction-jv\" title=\"Consulter tous les articles de R\u00e9daction Vitr\u00e9\" target=\"_blank\" rel=\"noopener\">R\u00e9daction Vitr\u00e9<\/a><br \/>\n        <\/strong><\/p>\n<p>        Publi\u00e9 le<\/p>\n<p>            2 sept. 2025 \u00e0 17h17        <\/p>\n<p><b>La Ville de Ch\u00e2teaugiron <\/b>(Ille-et-Vilaine) a engag\u00e9 des <b>travaux de rafra\u00eechissement \u00e0 l\u2019\u00e9cole maternelle publique Le Centaure<\/b> pendant la pause estivale.<\/p>\n<p class=\" wall-content\">Travaux de peintures, renouvellement de l\u2019\u00e9clairage, et cr\u00e9ation d\u2019une nouvelle aire de jeu \u00e9taient programm\u00e9s.<\/p>\n<p class=\" wall-content\">Construite en 2010, l\u2019\u00e9cole accueille<b> 170\u00a0\u00e9l\u00e8ves \u00e0 la rentr\u00e9e 2025<\/b>.<\/p>\n<p class=\" wall-content\">Apr\u00e8s de cons\u00e9quents travaux d\u2019extension de la salle de restauration r\u00e9alis\u00e9s en 2024, la v\u00e9g\u00e9talisation d\u2019une partie de la cour d\u2019\u00e9cole et la plantation d\u2019arbres en 2024, ces travaux de rafra\u00eechissement ont \u00e9t\u00e9 effectu\u00e9s cet \u00e9t\u00e9.<\/p>\n<p>141\u2009200\u00a0euros de travaux<\/p>\n<p class=\" wall-content\">La Ville d\u00e9taille les diff\u00e9rentes r\u00e9alisations\u2009:<\/p>\n<p>Vid\u00e9os : en ce moment sur Actu<\/p>\n<p class=\" wall-content\">\u00ab\u2009L\u2019aire de jeu a \u00e9t\u00e9 remplac\u00e9e par une nouvelle structure. Cette derni\u00e8re datant de l\u2019ouverture de l\u2019\u00e9tablissement pr\u00e9sentait des signes de v\u00e9tust\u00e9 malgr\u00e9 un entretien r\u00e9gulier. Une fosse en copeaux de bois a \u00e9t\u00e9 cr\u00e9\u00e9e, permettant une meilleure gestion de la chaleur sur la cour. Le montant des travaux est de <b>55\u2009000\u00a0\u20ac <\/b>(comprenant l\u2019aire de jeu, le d\u00e9caissement, les copeaux, les r\u00e9parations des deux autres surfaces de jeux). Les travaux ont \u00e9t\u00e9 r\u00e9alis\u00e9s en r\u00e9gie par l\u2019\u00e9quipe B\u00e2timent des services techniques de la ville.\u2009\u00bb<\/p>\n<p>Votre r\u00e9gion, votre actu !<\/p>\n<p>Recevez chaque jour les infos qui comptent pour vous.<\/p>\n<p>\t<a href=\"https:\/\/actu.fr\/newsletter\" class=\"ac-btn ac-btn--corner ac-btn--medium ac-btn--blue800\" target=\"_blank\" rel=\"noopener\">S&rsquo;incrire<\/a><\/p>\n<p class=\" wall-content\">\u00ab\u2009<b>Le ravalement de 1\u2009638\u00a0m2 de fa\u00e7ade<\/b> et le rafra\u00eechissement des peintures de la cl\u00f4ture d\u00e9sormais rouge, verte et orange en harmonie avec les couleurs du mobilier de la salle de restauration. Les travaux de peintures ont \u00e9t\u00e9 effectu\u00e9s par la Soci\u00e9t\u00e9 Margue de Bourg-des-Comptes pour un montant de 76\u2009190\u00a0\u20ac (comprenant le nettoyage, le pon\u00e7age et le rebouchage des trous et peintures).\u2009\u00bb<\/p>\n<p class=\" wall-content\">\u00ab\u2009L\u2019ensemble de l\u2019\u00e9clairage des salles de classe et de motricit\u00e9 a \u00e9t\u00e9 remplac\u00e9 en technologie led (219 points) pour un gain de consommation \u00e9nerg\u00e9tique attendu d\u2019environ 35\u2009%. Renouvellement de l\u2019\u00e9clairage effectu\u00e9 en r\u00e9gie. Montant des travaux\u2009: <b>10\u2009000\u00a0\u20ac<\/b>.\u2009\u00bb<\/p>\n<p>Pourquoi \u00ab\u2009Le Centaure\u2009\u00bb\u2009?<\/p>\n<p class=\" wall-content\">Un cartel rappelant les origines de la d\u00e9nomination Le Centaure est install\u00e9 pour la rentr\u00e9e.<\/p>\n<p class=\" wall-content\">\u00ab\u2009L\u2019\u00e9cole tient son nom de l\u2019exceptionnelle d\u00e9couverte d\u2019un Centaure, statuette en bronze de 5\u00a0cm de haut, <b>datant de l\u2019\u00e9poque romaine<\/b>, \u00e0 l\u2019occasion des fouilles arch\u00e9ologiques men\u00e9es par l\u2019Inrap (Institut national de recherches arch\u00e9ologiques pr\u00e9ventives) en 2008 sur le site de La Perdriotais\u2009\u00bb, rappelle la mairie de Ch\u00e2teaugiron. La statuette est conserv\u00e9e <b>au mus\u00e9e de Bretagne.<\/b><\/p>\n<p class=\" wall-content\">Du mat\u00e9riel informatique a par ailleurs \u00e9t\u00e9 achet\u00e9 pour compl\u00e9ter les \u00e9quipements existants\u2009: trois PC mobiles d\u2019une valeur totale de 1\u2009350\u00a0\u20ac et une dalle num\u00e9rique pour 4\u2009300\u00a0\u20ac (avec la participation du Pays de Ch\u00e2teaugiron communaut\u00e9 \u00e0 hauteur de 50\u2009%).<\/p>\n<p class=\" wall-content\">Personnalisez votre actualit\u00e9 en ajoutant vos villes et m\u00e9dias en favori avec <a href=\"https:\/\/moncompte.actu.fr\" title=\"D\u00e9couvez Mon Actu\" rel=\"nofollow noopener\" data-trk=\"{&quot;cta&quot;:{&quot;action&quot;:&quot;https:\\\/\\\/moncompte.actu.fr&quot;,&quot;category&quot;:&quot;mon compte&quot;,&quot;from&quot;:&quot;article footer&quot;,&quot;name&quot;:&quot;Mon actu&quot;,&quot;type&quot;:&quot;cta&quot;}}\" target=\"_blank\">Mon Actu<\/a>.<\/p>\n","protected":false},"excerpt":{"rendered":"Par R\u00e9daction Vitr\u00e9 Publi\u00e9 le 2 sept. 2025 \u00e0 17h17 La Ville de Ch\u00e2teaugiron (Ille-et-Vilaine) a engag\u00e9 des&hellip;\n","protected":false},"author":2,"featured_media":361075,"comment_status":"","ping_status":"","sticky":false,"template":"","format":"standard","meta":{"footnotes":""},"categories":[2821],"tags":[1111,11,829,4019,1777,674,1011,27,12,584,25,104],"class_list":{"0":"post-361074","1":"post","2":"type-post","3":"status-publish","4":"format-standard","5":"has-post-thumbnail","7":"category-rennes","8":"tag-actu","9":"tag-actualites","10":"tag-bretagne","11":"tag-ecoles","12":"tag-eu","13":"tag-europe","14":"tag-fr","15":"tag-france","16":"tag-news","17":"tag-rennes","18":"tag-republique-francaise","19":"tag-societe"},"share_on_mastodon":{"url":"https:\/\/pubeurope.com\/@fr\/115135465618959139","error":""},"_links":{"self":[{"href":"https:\/\/www.europesays.com\/fr\/wp-json\/wp\/v2\/posts\/361074","targetHints":{"allow":["GET"]}}],"collection":[{"href":"https:\/\/www.europesays.com\/fr\/wp-json\/wp\/v2\/posts"}],"about":[{"href":"https:\/\/www.europesays.com\/fr\/wp-json\/wp\/v2\/types\/post"}],"author":[{"embeddable":true,"href":"https:\/\/www.europesays.com\/fr\/wp-json\/wp\/v2\/users\/2"}],"replies":[{"embeddable":true,"href":"https:\/\/www.europesays.com\/fr\/wp-json\/wp\/v2\/comments?post=361074"}],"version-history":[{"count":0,"href":"https:\/\/www.europesays.com\/fr\/wp-json\/wp\/v2\/posts\/361074\/revisions"}],"wp:featuredmedia":[{"embeddable":true,"href":"https:\/\/www.europesays.com\/fr\/wp-json\/wp\/v2\/media\/361075"}],"wp:attachment":[{"href":"https:\/\/www.europesays.com\/fr\/wp-json\/wp\/v2\/media?parent=361074"}],"wp:term":[{"taxonomy":"category","embeddable":true,"href":"https:\/\/www.europesays.com\/fr\/wp-json\/wp\/v2\/categories?post=361074"},{"taxonomy":"post_tag","embeddable":true,"href":"https:\/\/www.europesays.com\/fr\/wp-json\/wp\/v2\/tags?post=361074"}],"curies":[{"name":"wp","href":"https:\/\/api.w.org\/{rel}","templated":true}]}}