{"id":361076,"date":"2025-09-02T15:42:12","date_gmt":"2025-09-02T15:42:12","guid":{"rendered":"https:\/\/www.europesays.com\/fr\/361076\/"},"modified":"2025-09-02T15:42:12","modified_gmt":"2025-09-02T15:42:12","slug":"la-descente-aux-enfers-dun-ancien-chauffeur-routier","status":"publish","type":"post","link":"https:\/\/www.europesays.com\/fr\/361076\/","title":{"rendered":"la \u00ab\u00a0descente aux enfers\u00a0\u00bb d\u2019un ancien chauffeur routier"},"content":{"rendered":"<p>Il n\u2019est pas tr\u00e8s discret. Dimanche 31\u00a0ao\u00fbt, l\u2019homme de 44 ans a commenc\u00e9 \u00e0 couper le cadenas d\u2019un v\u00e9lo \u00e0 la disqueuse, rue de Saales \u00e0 Strasbourg. \u00ab\u00a0Vous faites quoi, l\u00e0\u00a0?\u00a0\u00bb lui a demand\u00e9 un passant, alert\u00e9 par le bruit et les \u00e9tincelles. Le voleur l\u2019a poursuivi, brandissant l\u2019outil portatif allum\u00e9 dans sa direction.<\/p>\n<p>Puis, il est retourn\u00e9 s\u2019affairer sur la bicyclette. \u00ab\u00a0Il y a des gens qui sont courageux et d\u2019autres qui sont gonfl\u00e9s\u00a0\u00bb, remarque le pr\u00e9sident du tribunal, Marc Picard. Le&#8230;<\/p>\n","protected":false},"excerpt":{"rendered":"Il n\u2019est pas tr\u00e8s discret. Dimanche 31\u00a0ao\u00fbt, l\u2019homme de 44 ans a commenc\u00e9 \u00e0 couper le cadenas d\u2019un&hellip;\n","protected":false},"author":2,"featured_media":361077,"comment_status":"","ping_status":"","sticky":false,"template":"","format":"standard","meta":{"footnotes":""},"categories":[2820],"tags":[1111,11,271,272,2880,1777,674,274,107,1011,27,775,12,25,640,2879],"class_list":{"0":"post-361076","1":"post","2":"type-post","3":"status-publish","4":"format-standard","5":"has-post-thumbnail","7":"category-strasbourg","8":"tag-actu","9":"tag-actualites","10":"tag-crime","11":"tag-delit-et-contravention","12":"tag-edition-strasbourg","13":"tag-eu","14":"tag-europe","15":"tag-faits-divers-justice","16":"tag-fil-info","17":"tag-fr","18":"tag-france","19":"tag-grand-est","20":"tag-news","21":"tag-republique-francaise","22":"tag-strasbourg","23":"tag-strasbourg-ville"},"share_on_mastodon":{"url":"https:\/\/pubeurope.com\/@fr\/115135469565940906","error":""},"_links":{"self":[{"href":"https:\/\/www.europesays.com\/fr\/wp-json\/wp\/v2\/posts\/361076","targetHints":{"allow":["GET"]}}],"collection":[{"href":"https:\/\/www.europesays.com\/fr\/wp-json\/wp\/v2\/posts"}],"about":[{"href":"https:\/\/www.europesays.com\/fr\/wp-json\/wp\/v2\/types\/post"}],"author":[{"embeddable":true,"href":"https:\/\/www.europesays.com\/fr\/wp-json\/wp\/v2\/users\/2"}],"replies":[{"embeddable":true,"href":"https:\/\/www.europesays.com\/fr\/wp-json\/wp\/v2\/comments?post=361076"}],"version-history":[{"count":0,"href":"https:\/\/www.europesays.com\/fr\/wp-json\/wp\/v2\/posts\/361076\/revisions"}],"wp:featuredmedia":[{"embeddable":true,"href":"https:\/\/www.europesays.com\/fr\/wp-json\/wp\/v2\/media\/361077"}],"wp:attachment":[{"href":"https:\/\/www.europesays.com\/fr\/wp-json\/wp\/v2\/media?parent=361076"}],"wp:term":[{"taxonomy":"category","embeddable":true,"href":"https:\/\/www.europesays.com\/fr\/wp-json\/wp\/v2\/categories?post=361076"},{"taxonomy":"post_tag","embeddable":true,"href":"https:\/\/www.europesays.com\/fr\/wp-json\/wp\/v2\/tags?post=361076"}],"curies":[{"name":"wp","href":"https:\/\/api.w.org\/{rel}","templated":true}]}}