{"id":361078,"date":"2025-09-02T15:43:10","date_gmt":"2025-09-02T15:43:10","guid":{"rendered":"https:\/\/www.europesays.com\/fr\/361078\/"},"modified":"2025-09-02T15:43:10","modified_gmt":"2025-09-02T15:43:10","slug":"direction-la-landolt-cup-sig-strasbourg","status":"publish","type":"post","link":"https:\/\/www.europesays.com\/fr\/361078\/","title":{"rendered":"Direction la Landolt Cup | SIG Strasbourg"},"content":{"rendered":"<p class=\"chapo\">Nouvelle semaine, nouveaux d\u00e9fis pour nos SIGMEN, qui se rendent \u00e0 Yverdon-les-Bains pour la Landolt Cup. Seulement quatre jours apr\u00e8s le match face au SLUC Nancy \u2013 une vraie r\u00e9ussite collective avec plus de trois joueurs \u00e0 plus de 15 points et trois joueurs \u00e0 plus de 20 d\u2019\u00e9valuation \u2013 nos joueurs poursuivent leur chemin face \u00e0 de belles \u00e9quipes !<\/p>\n<p>Nos SIGmen vont pouvoir mettre \u00e0 profit le travail de ces deux longues semaines d\u2019entra\u00eenement lors d\u2019un tournoi au rythme digne d\u2019une s\u00e9rie de play-offs. Les Strasbourgeois participeront au traditionnel tournoi suisse, cr\u00e9\u00e9 en 1974, qui accueille depuis peu des \u00e9quipes internationales.<br \/>\nDepuis 2022, six \u00e9quipes s\u2019affrontent sur quatre jours dans la salle des Isles. Cette ann\u00e9e, on retrouvera : Fribourg Olympic, Niners Chemnitz (vainqueur de la FIBA Europe Cup 2024), Lions de Gen\u00e8ve, Hubo Limburg United, Manchester Basketball et bien s\u00fbr la SIG Strasbourg.<br \/>\nParmi ces \u00e9quipes, certains visages familiers : Amadou Sow (Niners Chemnitz) et Quentin Serron (Limburg United).<\/p>\n<p>\u00a0<\/p>\n<p class=\"titre\">La parole \u00e0 JB Maille \u00a0<\/p>\n<\/p>\n<p class=\"titre\">\u00a0<\/p>\n","protected":false},"excerpt":{"rendered":"Nouvelle semaine, nouveaux d\u00e9fis pour nos SIGMEN, qui se rendent \u00e0 Yverdon-les-Bains pour la Landolt Cup. Seulement quatre&hellip;\n","protected":false},"author":2,"featured_media":361079,"comment_status":"","ping_status":"","sticky":false,"template":"","format":"standard","meta":{"footnotes":""},"categories":[2820],"tags":[1111,11,3146,1777,674,1011,27,775,3145,12,25,3144,640],"class_list":{"0":"post-361078","1":"post","2":"type-post","3":"status-publish","4":"format-standard","5":"has-post-thumbnail","7":"category-strasbourg","8":"tag-actu","9":"tag-actualites","10":"tag-betclic-elite","11":"tag-eu","12":"tag-europe","13":"tag-fr","14":"tag-france","15":"tag-grand-est","16":"tag-lnb","17":"tag-news","18":"tag-republique-francaise","19":"tag-sig","20":"tag-strasbourg"},"share_on_mastodon":{"url":"https:\/\/pubeurope.com\/@fr\/115135473568669332","error":""},"_links":{"self":[{"href":"https:\/\/www.europesays.com\/fr\/wp-json\/wp\/v2\/posts\/361078","targetHints":{"allow":["GET"]}}],"collection":[{"href":"https:\/\/www.europesays.com\/fr\/wp-json\/wp\/v2\/posts"}],"about":[{"href":"https:\/\/www.europesays.com\/fr\/wp-json\/wp\/v2\/types\/post"}],"author":[{"embeddable":true,"href":"https:\/\/www.europesays.com\/fr\/wp-json\/wp\/v2\/users\/2"}],"replies":[{"embeddable":true,"href":"https:\/\/www.europesays.com\/fr\/wp-json\/wp\/v2\/comments?post=361078"}],"version-history":[{"count":0,"href":"https:\/\/www.europesays.com\/fr\/wp-json\/wp\/v2\/posts\/361078\/revisions"}],"wp:featuredmedia":[{"embeddable":true,"href":"https:\/\/www.europesays.com\/fr\/wp-json\/wp\/v2\/media\/361079"}],"wp:attachment":[{"href":"https:\/\/www.europesays.com\/fr\/wp-json\/wp\/v2\/media?parent=361078"}],"wp:term":[{"taxonomy":"category","embeddable":true,"href":"https:\/\/www.europesays.com\/fr\/wp-json\/wp\/v2\/categories?post=361078"},{"taxonomy":"post_tag","embeddable":true,"href":"https:\/\/www.europesays.com\/fr\/wp-json\/wp\/v2\/tags?post=361078"}],"curies":[{"name":"wp","href":"https:\/\/api.w.org\/{rel}","templated":true}]}}