{"id":361080,"date":"2025-09-02T15:44:10","date_gmt":"2025-09-02T15:44:10","guid":{"rendered":"https:\/\/www.europesays.com\/fr\/361080\/"},"modified":"2025-09-02T15:44:10","modified_gmt":"2025-09-02T15:44:10","slug":"on-se-trompe-de-sujet-le-coup-de-gueule-du-president-nicois-du-conseil-regional-de-lordre-des-medecins-apres-le-placement-sous-surveillance-de-500-praticiens","status":"publish","type":"post","link":"https:\/\/www.europesays.com\/fr\/361080\/","title":{"rendered":"\u00ab\u00a0On se trompe de sujet\u00a0\u00bb: le coup de gueule du pr\u00e9sident ni\u00e7ois du Conseil r\u00e9gional de l&rsquo;Ordre des m\u00e9decins apr\u00e8s le placement sous surveillance de 500 praticiens"},"content":{"rendered":"<p>\u00ab\u00a0Quand quelqu&rsquo;un a de la fi\u00e8vre, on ne va pas accuser le thermom\u00e8tre. Je ne nie pas qu\u2019il existe des m\u00e9decins au comportement d\u00e9viant, la S\u00e9curit\u00e9 sociale a largement les moyens de les identifier et de les sanctionner. Mais ils sont minoritaires et ne justifient pas que l&rsquo;on jette l&rsquo;opprobre sur l&rsquo;ensemble de la profession.\u00a0\u00bb<\/p>\n<p>Pour Herv\u00e9 Ca\u00ebl, m\u00e9decin et pr\u00e9sident\u00a0du Conseil r\u00e9gional de l&rsquo;Ordre des m\u00e9decins, l&rsquo;annonce du <a href=\"https:\/\/www.nicematin.com\/sante\/trop-darrets-maladie-en-france-500-medecins-generalistes-dans-le-viseur-de-lassurance-maladie-1000132\" rel=\"nofollow noopener\" target=\"_blank\">placement sous surveillance de 500 praticiens<\/a> par la\u00a0Caisse nationale de l&rsquo;assurance maladie (Cnam) est \u00ab\u00a0d\u00e9plac\u00e9e\u00a0\u00bb.<\/p>\n<p>\u00ab\u00a0Nous le prenons forc\u00e9ment tr\u00e8s mal, car on se trompe de sujet, regrette le m\u00e9decin.\u00a0Le poste des d\u00e9penses li\u00e9es aux indemnit\u00e9s journali\u00e8res augmente certes, mais il ne suffit pas de pointer du doigt des m\u00e9decins pour l&rsquo;expliquer. Cela ne prend pas en compte l&rsquo;augmentation du taux d&#8217;emploi, ni m\u00eame la hausse des salaires sur lesquels sont calcul\u00e9es les indemnit\u00e9s ou encore le nombre croissant de seniors qui prolongent leur activit\u00e9 professionnelle et peuvent rencontrer des probl\u00e8mes de sant\u00e9 justifiant un arr\u00eat de travail.\u00a0\u00bb<\/p>\n<p>\u00ab\u00a0Le fait-on pour les entreprises?\u00a0\u00bb<\/p>\n<p>Si la Cnam indique avoir compar\u00e9 les m\u00e9decins cibl\u00e9s \u00e0 des confr\u00e8res se trouvant dans une configuration similaire, pour Herv\u00e9 Ca\u00ebl la comparaison n&rsquo;est pas permise.<\/p>\n<p>\u00ab\u00a0M\u00eame si vous exercez sur un m\u00eame territoire, dans le m\u00eame immeuble, vous ne pouvez pas comparer l\u2019activit\u00e9. La S\u00e9curit\u00e9 sociale ne fait pas la diff\u00e9rence entre un m\u00e9decin g\u00e9n\u00e9raliste et un m\u00e9decin de famille traditionnel, et ne prend pas en compte les sp\u00e9cificit\u00e9s dans lesquelles certains peuvent s&rsquo;orienter: om\u00e9opathie, acupuncture, etc. Un m\u00e9decin qui prescrit plus d&rsquo;arr\u00eats qu&rsquo;un autre n&rsquo;est donc pas syst\u00e9matiquement un fraudeur.\u00a0\u00bb<\/p>\n<p>Par ailleurs,\u00a0\u00ab\u00a0on \u00e9tablit des statistiques parmi les m\u00e9decins, mais le fait-on pour les entreprises?, interroge Herv\u00e9 Ca\u00ebl.\u00a0Car il existe des soci\u00e9t\u00e9s o\u00f9 les probl\u00e8mes sont r\u00e9els et le nombre d&rsquo;arr\u00eats plus \u00e9lev\u00e9\u00a0\u00bb.<\/p>\n<p>Et que dire de ces sites qui permettent d\u2019obtenir en quelques clics un arr\u00eat de travail? \u00ab\u00a0On ne\u00a0sait pas qui sont les m\u00e9decins derri\u00e8re, ni m\u00eame s\u2019il y en a vraiment, \u00e7a aussi c\u2019est un vrai sujet!\u00a0\u00bb<\/p>\n<p>                                \u00ab\u00a0Il y a un bien un probl\u00e8me sanitaire en France aujourd&rsquo;hui\u00a0\u00bb<\/p>\n<p>Mais pour le m\u00e9decin ni\u00e7ois, subsiste une question centrale: \u00ab\u00a0Au lieu de dire que les m\u00e9decins font n\u2019importe quoi, le vrai sujet n&rsquo;est-il pas de se pencher sur l&rsquo;\u00e9tat de sant\u00e9 de la population?\u00a0\u00bb<\/p>\n<p>\u00ab\u00a0Il y a un bien un probl\u00e8me sanitaire aujourd&rsquo;hui, avec l&rsquo;augmentation des cancers, des cas de diab\u00e8te et des pathologies psychologiques. Sans compter les probl\u00e8mes de d\u00e9pression qui se multiplient notamment chez les jeunes et face auxquels l&rsquo;arr\u00eat de travail n&rsquo;est pas la seule r\u00e9ponse \u00e0 apporter.\u00a0\u00bb<\/p>\n<p>Herv\u00e9 Ca\u00ebl persiste et signe: \u00ab\u00a0Ce n&rsquo;est pas en d\u00e9signant des m\u00e9decins comme boucs \u00e9missaires que la situation va s&rsquo;arranger. Ce n&rsquo;est pas en attaquant des praticiens qui participent \u00e0 la prise en charge des patients au quotidien dans leur cabinet, dans des conditions particuli\u00e8rement difficiles et alors que l&rsquo;activit\u00e9 conna\u00eet des probl\u00e8mes d&rsquo;attractivit\u00e9, que des solutions vont \u00eatre trouv\u00e9es.\u00a0\u00bb<\/p>\n<p>L&rsquo;urgence est ailleurs: dans l&rsquo;organisation d&rsquo;un \u00ab\u00a0d\u00e9bat\u00a0national\u00a0sur\u00a0la\u00a0sant\u00e9\u00a0publique\u00a0\u00bb, que le m\u00e9decin appelle de ses voeux. \u00ab\u00a0Pour\u00a0enfin agir sur\u00a0les\u00a0causes\u00a0r\u00e9elles et\u00a0garantir\u00a0l\u2019acc\u00e8s\u00a0aux\u00a0soins\u00a0pour\u00a0toutes\u00a0et\u00a0tous.\u00a0\u00bb<\/p>\n","protected":false},"excerpt":{"rendered":"\u00ab\u00a0Quand quelqu&rsquo;un a de la fi\u00e8vre, on ne va pas accuser le thermom\u00e8tre. Je ne nie pas qu\u2019il&hellip;\n","protected":false},"author":2,"featured_media":361081,"comment_status":"","ping_status":"","sticky":false,"template":"","format":"standard","meta":{"footnotes":""},"categories":[2819],"tags":[1111,11,1777,674,1011,27,12,2401,882,25,71],"class_list":{"0":"post-361080","1":"post","2":"type-post","3":"status-publish","4":"format-standard","5":"has-post-thumbnail","7":"category-nice","8":"tag-actu","9":"tag-actualites","10":"tag-eu","11":"tag-europe","12":"tag-fr","13":"tag-france","14":"tag-news","15":"tag-nice","16":"tag-provence-alpes-cote-dazur","17":"tag-republique-francaise","18":"tag-sante"},"share_on_mastodon":{"url":"https:\/\/pubeurope.com\/@fr\/115135477428874757","error":""},"_links":{"self":[{"href":"https:\/\/www.europesays.com\/fr\/wp-json\/wp\/v2\/posts\/361080","targetHints":{"allow":["GET"]}}],"collection":[{"href":"https:\/\/www.europesays.com\/fr\/wp-json\/wp\/v2\/posts"}],"about":[{"href":"https:\/\/www.europesays.com\/fr\/wp-json\/wp\/v2\/types\/post"}],"author":[{"embeddable":true,"href":"https:\/\/www.europesays.com\/fr\/wp-json\/wp\/v2\/users\/2"}],"replies":[{"embeddable":true,"href":"https:\/\/www.europesays.com\/fr\/wp-json\/wp\/v2\/comments?post=361080"}],"version-history":[{"count":0,"href":"https:\/\/www.europesays.com\/fr\/wp-json\/wp\/v2\/posts\/361080\/revisions"}],"wp:featuredmedia":[{"embeddable":true,"href":"https:\/\/www.europesays.com\/fr\/wp-json\/wp\/v2\/media\/361081"}],"wp:attachment":[{"href":"https:\/\/www.europesays.com\/fr\/wp-json\/wp\/v2\/media?parent=361080"}],"wp:term":[{"taxonomy":"category","embeddable":true,"href":"https:\/\/www.europesays.com\/fr\/wp-json\/wp\/v2\/categories?post=361080"},{"taxonomy":"post_tag","embeddable":true,"href":"https:\/\/www.europesays.com\/fr\/wp-json\/wp\/v2\/tags?post=361080"}],"curies":[{"name":"wp","href":"https:\/\/api.w.org\/{rel}","templated":true}]}}