{"id":361082,"date":"2025-09-02T15:45:12","date_gmt":"2025-09-02T15:45:12","guid":{"rendered":"https:\/\/www.europesays.com\/fr\/361082\/"},"modified":"2025-09-02T15:45:12","modified_gmt":"2025-09-02T15:45:12","slug":"un-colis-suspect-paralyse-la-circulation-du-tramway-a-nice","status":"publish","type":"post","link":"https:\/\/www.europesays.com\/fr\/361082\/","title":{"rendered":"Un colis suspect paralyse la circulation du tramway \u00e0 Nice"},"content":{"rendered":"<p>Circulation compliqu\u00e9e \u00e0 <strong>Nice<\/strong>. Un <strong>colis suspect<\/strong> a \u00e9t\u00e9 d\u00e9tect\u00e9 au niveau de l&rsquo;arr\u00eat de <strong>tram<\/strong> de <strong>Lib\u00e9ration<\/strong>, ce mardi 2 septembre 2025 vers 15h30.\u00a0<\/p>\n<p>Un <strong>p\u00e9rim\u00e8tre de s\u00e9curit\u00e9<\/strong> a \u00e9t\u00e9 mis en place par la police et les <strong>d\u00e9mineurs<\/strong> ont \u00e9t\u00e9 appel\u00e9s.<\/p>\n<p>Quasiment deux heures plus tard, le tram fonctionnait toujours en <strong>service partiel<\/strong>, les arr\u00eats Gare Thiers, Borriglione et Lib\u00e9ration n&rsquo;\u00e9tant pas desservis.\u00a0<\/p>\n<p>La <strong>circulation routi\u00e8re<\/strong> \u00e9tait \u00e9galement fortement impact\u00e9e dans le quartier, notamment \u00e0 l&rsquo;approche de l&rsquo;heure de pointe.<\/p>\n","protected":false},"excerpt":{"rendered":"Circulation compliqu\u00e9e \u00e0 Nice. Un colis suspect a \u00e9t\u00e9 d\u00e9tect\u00e9 au niveau de l&rsquo;arr\u00eat de tram de Lib\u00e9ration,&hellip;\n","protected":false},"author":2,"featured_media":361083,"comment_status":"","ping_status":"","sticky":false,"template":"","format":"standard","meta":{"footnotes":""},"categories":[2819],"tags":[1111,11,1777,674,1011,27,803,12,2401,882,25],"class_list":{"0":"post-361082","1":"post","2":"type-post","3":"status-publish","4":"format-standard","5":"has-post-thumbnail","7":"category-nice","8":"tag-actu","9":"tag-actualites","10":"tag-eu","11":"tag-europe","12":"tag-fr","13":"tag-france","14":"tag-info-trafic","15":"tag-news","16":"tag-nice","17":"tag-provence-alpes-cote-dazur","18":"tag-republique-francaise"},"share_on_mastodon":{"url":"https:\/\/pubeurope.com\/@fr\/115135481322136987","error":""},"_links":{"self":[{"href":"https:\/\/www.europesays.com\/fr\/wp-json\/wp\/v2\/posts\/361082","targetHints":{"allow":["GET"]}}],"collection":[{"href":"https:\/\/www.europesays.com\/fr\/wp-json\/wp\/v2\/posts"}],"about":[{"href":"https:\/\/www.europesays.com\/fr\/wp-json\/wp\/v2\/types\/post"}],"author":[{"embeddable":true,"href":"https:\/\/www.europesays.com\/fr\/wp-json\/wp\/v2\/users\/2"}],"replies":[{"embeddable":true,"href":"https:\/\/www.europesays.com\/fr\/wp-json\/wp\/v2\/comments?post=361082"}],"version-history":[{"count":0,"href":"https:\/\/www.europesays.com\/fr\/wp-json\/wp\/v2\/posts\/361082\/revisions"}],"wp:featuredmedia":[{"embeddable":true,"href":"https:\/\/www.europesays.com\/fr\/wp-json\/wp\/v2\/media\/361083"}],"wp:attachment":[{"href":"https:\/\/www.europesays.com\/fr\/wp-json\/wp\/v2\/media?parent=361082"}],"wp:term":[{"taxonomy":"category","embeddable":true,"href":"https:\/\/www.europesays.com\/fr\/wp-json\/wp\/v2\/categories?post=361082"},{"taxonomy":"post_tag","embeddable":true,"href":"https:\/\/www.europesays.com\/fr\/wp-json\/wp\/v2\/tags?post=361082"}],"curies":[{"name":"wp","href":"https:\/\/api.w.org\/{rel}","templated":true}]}}