{"id":361085,"date":"2025-09-02T15:47:37","date_gmt":"2025-09-02T15:47:37","guid":{"rendered":"https:\/\/www.europesays.com\/fr\/361085\/"},"modified":"2025-09-02T15:47:37","modified_gmt":"2025-09-02T15:47:37","slug":"rendez-vous-cet-automne-a-nancy-bordeaux-et-nantes","status":"publish","type":"post","link":"https:\/\/www.europesays.com\/fr\/361085\/","title":{"rendered":"rendez-vous cet automne \u00e0 Nancy, Bordeaux et Nantes !"},"content":{"rendered":"<p>Tu vis en ce moment ta rentr\u00e9e en 1re ou 2e ann\u00e9e de classe pr\u00e9paratoire\u2026 Que les Grandes \u00c9coles de management t\u2019int\u00e9ressent directement parce que tu es en ECG ou ECT ou qu\u2019elles soient un d\u00e9bouch\u00e9 parmi d\u2019autres apr\u00e8s ta kh\u00e2gne, Major Pr\u00e9pa te propose 3 rendez-vous incontournables cet automne pour d\u00e9couvrir les business schools class\u00e9es parmi les meilleures d\u2019Europe par le Financial Times ! \u00c0 Nancy, Bordeaux et Nantes, toutes les CPGE et les lyc\u00e9ens des r\u00e9gions concern\u00e9es sont les bienvenus. Voici tous les d\u00e9tails concernant les Forums Pr\u00e9pa 2025\u2026<\/p>\n<p>Pour la quatri\u00e8me ann\u00e9e cons\u00e9cutive, c\u2019est <strong>en partenariat avec l\u2019APHEC<\/strong> (association des professeurs des classes pr\u00e9paratoires \u00e9conomiques et commerciales) que Major Pr\u00e9pa te donne 3 rendez-vous majeurs cet automne \u00e0 l\u2019occasion de Forums Pr\u00e9pa 2025 r\u00e9unissant plus de 20 business schools \u00e0 <strong>Nancy<\/strong> (avec le soutien d\u2019ICN), <strong>Bordeaux<\/strong> (avec le soutien de KEDGE) et <strong>Nantes<\/strong> (avec le soutien d\u2019Audencia).<\/p>\n<p>Ces 3 rendez-vous, dont <strong>l\u2019acc\u00e8s est totalement libre et gratuit<\/strong>, s\u2019adressent en priorit\u00e9 aux <strong>pr\u00e9parationnaires des voies EC et L<\/strong>, mais aussi aux <strong>lyc\u00e9ens de terminale<\/strong> int\u00e9ress\u00e9s par une poursuite d\u2019\u00e9tudes en CPGE, puis en \u00e9cole, d\u00e9bouchant sur l\u2019obtention d\u2019<strong>un dipl\u00f4me bac+5 de grade master<\/strong>.<\/p>\n<p>Voici le d\u00e9tail des lieux et du programme pour chaque forum ainsi que <a href=\"https:\/\/2empower.typeform.com\/to\/lWfXSTZT\" target=\"_blank\" rel=\"noopener nofollow\">le lien pour que les professeurs int\u00e9ress\u00e9s puissent inscrire leur classe<\/a>. N\u2019h\u00e9site pas \u00e0 le faire suivre au(x) responsable(s) de ta pr\u00e9pa.<\/p>\n<p style=\"text-align: left;\"><a href=\"https:\/\/2empower.typeform.com\/to\/lWfXSTZT\" target=\"_blank\" rel=\"noopener nofollow\"><strong>S\u2019INSCRIRE AUX FORUMS PR\u00c9PA 2025<\/strong><\/a><\/p>\n<p>Pose tes questions aux \u00e9coles et durant les conf\u00e9rences Major Pr\u00e9pa<\/p>\n<p>Gr\u00e2ce \u00e0 Major Pr\u00e9pa et ses partenaires, tu vas b\u00e9n\u00e9ficier d\u2019un cadre id\u00e9al pour rencontrer plus de 20 Grandes \u00c9coles de management qui recrutent des pr\u00e9parationnaires via les concours BCE et ECRICOME 2026. Nous te donnons rendez-vous dans des lieux d\u2019exception pour \u00e9changer avec les responsables acad\u00e9miques du programme phare de ces \u00e9tablissements, <strong>le Programme Grande \u00c9cole<\/strong>, ainsi que des \u00e9tudiants qui \u00e9taient \u00e0 ta place de pr\u00e9parationnaire encore tout r\u00e9cemment !<\/p>\n<p>\u00c0 <strong>Nancy<\/strong>, le mercredi 8 octobre 2025, \u00e0 <strong>Bordeaux<\/strong>, le mercredi 5 novembre 2025 et \u00e0 <strong>Nantes<\/strong>, le mercredi 19 novembre 2025, tu vas avoir 3 occasions uniques de poser toutes tes questions \u00e0 ceux qui ma\u00eetrisent le mieux les secrets des Grandes \u00c9coles de commerce. Tous les sujets seront bons \u00e0 aborder :<\/p>\n<ul>\n<li>vie de campus,<\/li>\n<li>partenariats acad\u00e9miques,<\/li>\n<li>\u00e9changes internationaux,<\/li>\n<li>financement de la scolarit\u00e9,<\/li>\n<li>alternance,<\/li>\n<li>exp\u00e9rience associative,<\/li>\n<li>sp\u00e9cialisations et insertion professionnelle\u2026<\/li>\n<\/ul>\n<p>En parall\u00e8le des \u00e9changes sur les stands des \u00e9coles, les pr\u00e9parationnaires qui se rendent sur ces forums sont invit\u00e9s \u00e0 assister \u00e0 <strong>des conf\u00e9rences<\/strong>\u00a0<strong>anim\u00e9es par Major Pr\u00e9pa<\/strong> sur des th\u00e9matiques directement en lien avec leurs pr\u00e9occupations. Certaines conf\u00e9rences sont tr\u00e8s ax\u00e9es sur les concours et la m\u00e9thodologie de travail en pr\u00e9pa, d\u2019autres t\u2019aideront \u00e0 te projeter en \u00e9cole en parlant d\u2019international, de p\u00e9dagogie ou d\u2019apprentissage, par exemple.<\/p>\n<p>Forum Pr\u00e9pa du Nord-Est : rdv \u00e0 Nancy (H\u00f4tel de Ville) le mercredi 8 octobre !<\/p>\n<p><a href=\"https:\/\/2empower.typeform.com\/to\/lWfXSTZT\" target=\"_blank\" rel=\"noopener nofollow\"><img fetchpriority=\"high\" decoding=\"async\" class=\"size-large wp-image-175253 aligncenter\" src=\"data:image\/svg+xml,%3Csvg%20xmlns=\" http:=\"\" alt=\"\" width=\"800\" height=\"462\" data-lazy- data-lazy- data-lazy-src=\"https:\/\/www.europesays.com\/fr\/wp-content\/uploads\/2025\/09\/ouverture_article_forums_2025_nancy-1-1024x591.jpg\"\/><\/a><\/p>\n<p>\u00a0<\/p>\n<p>\u00c0 Nancy, nous t\u2019attendons au c\u0153ur d\u2019un b\u00e2timent class\u00e9 Monument historique avec vue directe sur la magnifique place Stanislas : <strong>l\u2019H\u00f4tel de Ville<\/strong> ouvre ses portes au organisateurs et visiteurs <strong>Forum du Nord-Est<\/strong> qui aura lieu le<strong> mercredi 8 octobre<\/strong>. Rendez-vous dans les <strong>salons priv\u00e9s <\/strong>pour inaugurer cette nouvelle saison des Forums Pr\u00e9pa ! Quelle classe !<\/p>\n<ul>\n<li><strong>Horaires d\u2019ouverture au public<\/strong> : de 9h30 \u00e0 17h en continu<\/li>\n<li><strong>Acc\u00e8s<\/strong> : \u00e0 pied en quelques minutes depuis la gare de Nancy, en bus, tram ou voiture (les d\u00e9placements en car par classes enti\u00e8res sont rembours\u00e9s par Major Pr\u00e9pa)<\/li>\n<li><strong>Conf\u00e9rences<\/strong> : on peaufine, le programme, il arrive sous peu !<\/li>\n<li><strong>Liste des exposants<\/strong> : Audencia, HEC, emlyon, EDHEC, ESSEC, SKEMA, Rennes SB, GEM, ESCP, NEOMA, IMT-BS, KEDGE, ICN (notre partenaire pour l\u2019organisation de ce rendez-vous), MBS, BSB, TBS Education, Excelia, EM Strasbourg, INSEEC Grande \u00c9cole et le BNEM (Bureau national des \u00e9tudiants en \u00e9cole de management). La liste est susceptible d\u2019\u00e9voluer<\/li>\n<li><strong>Stand bonus<\/strong> : celui de Major Pr\u00e9pa et de l\u2019APHEC !<\/li>\n<\/ul>\n<p>Le programme des conf\u00e9rences propos\u00e9es sur le Forum Pr\u00e9pa du Nord-Est<\/p>\n<p>\u00c0 venir<\/p>\n<p>Forum Pr\u00e9pa du Sud-Ouest : on se retrouve \u00e0 Bordeaux (La Fa\u00efencerie) le mercredi 5 novembre<\/p>\n<p><a href=\"https:\/\/2empower.typeform.com\/to\/lWfXSTZT\" target=\"_blank\" rel=\"noopener nofollow\"><img loading=\"lazy\" decoding=\"async\" class=\"size-large wp-image-175254 aligncenter\" src=\"data:image\/svg+xml,%3Csvg%20xmlns=\" http:=\"\" alt=\"\" width=\"800\" height=\"462\" data-lazy- data-lazy- data-lazy-src=\"https:\/\/www.europesays.com\/fr\/wp-content\/uploads\/2025\/09\/ouverture_article_forums_2025_bordeaux-1-1024x591.jpg\"\/><\/a><\/p>\n<p>Nous mettons les petits plats dans les grands pour t\u2019accueillir dans <strong>un lieu ultra moderne<\/strong> en plein <strong>centre-ville de Bordeaux<\/strong> et \u00e0 proximit\u00e9 des quai pour prendre l\u2019air le long de la Garonne avant ou apr\u00e8s avoir ta visite au <strong>Forum Pr\u00e9pa du Sud-Ouest<\/strong> le <strong>mercredi 9 novembre<\/strong> ! C\u2019est au c\u0153ur de <a href=\"https:\/\/faienceriebordeaux.fr\" target=\"_blank\" rel=\"noopener nofollow\">La Fa\u00efencerie<\/a>\u00a0que t\u2019attendent les Grandes \u00c9coles pour \u00e9changer. Autour des stands, des espaces d\u00e9tente tout confort accueilleront les visiteurs le temps de mini pauses ! Voici quelques informations pratiques sur ce Forum :<\/p>\n<ul>\n<li><strong>Horaires d\u2019ouverture au public<\/strong> : 9h \u2013 12h30 puis 13h30 \u2013 17h<\/li>\n<li><strong>Acc\u00e8s<\/strong> : \u00e0 pied, en bus, en tram, en v\u00e9lo, en ferry\u2026 (les d\u00e9placements en car par classes enti\u00e8res sont rembours\u00e9s par Major Pr\u00e9pa. Pour le ferry, le kayak, l\u2019aviron, on r\u00e9fl\u00e9chit \u00e0 la question !)<\/li>\n<li><strong>Conf\u00e9rences<\/strong> : Programme \u00e0 venir\u00a0<\/li>\n<li><strong>Liste des exposants<\/strong> : Audencia, EDHEC, EM Strasbourg, emlyon, ESCP, ESSEC, Excelia, GEM, HEC, ICN, IMT-BS, KEDGE (notre partenaire dans l\u2019organisation de ce rendez-vous), MBS, NEOMA, Rennes SB, SKEMA, INSEEC Grande \u00c9cole, TBS Education et le BNEM (Bureau national des \u00e9tudiants en \u00e9cole de management). La liste est susceptible d\u2019\u00e9voluer<\/li>\n<li><strong>Stand bonus<\/strong> : celui de Major Pr\u00e9pa et de l\u2019APHEC !<\/li>\n<\/ul>\n<p>Le programme des conf\u00e9rences propos\u00e9es sur le Forum Pr\u00e9pa du Sud-Ouest<\/p>\n<p>\u00c0 venir<\/p>\n<p>Forum Pr\u00e9pa du Grand Ouest : on te voit \u00e0 Nantes (Centre des Salorges) le mercredi 19 novembre !<\/p>\n<p><a href=\"https:\/\/2empower.typeform.com\/to\/lWfXSTZT\" target=\"_blank\" rel=\"noopener nofollow\"><img loading=\"lazy\" decoding=\"async\" class=\"size-large wp-image-175255 aligncenter\" src=\"data:image\/svg+xml,%3Csvg%20xmlns=\" http:=\"\" alt=\"\" width=\"800\" height=\"462\" data-lazy- data-lazy- data-lazy-src=\"https:\/\/www.europesays.com\/fr\/wp-content\/uploads\/2025\/09\/ouverture_article_forums_2025_nantes-1-1024x591.jpg\"\/><\/a><\/p>\n<p>Apr\u00e8s Bordeaux, Major Pr\u00e9pa file \u00e0 Nantes ! Toutes les pr\u00e9pas du Grand Ouest, on veut vous voir le <strong>mercredi 19 novembre <\/strong>dans l\u2019enceinte du<strong> Centre des Salorges<\/strong>\u00a0! <strong>Un espace \u00e0 proximit\u00e9 des quartiers les plus attractifs de la ville<\/strong>\u00a0pour d\u00e9couvrir celle qui sera votre \u00e9cole coup de c\u0153ur parmi la vingtaine d\u2019exposants\u2026 Plus de d\u00e9tails ci-dessous :<\/p>\n<ul>\n<li><strong>Horaires d\u2019ouverture au public<\/strong> : 9h \u2013 17h (horaires \u00e0 confirmer)<\/li>\n<li><strong>Acc\u00e8s<\/strong> : comme pour tous les Forums Pr\u00e9pa, les d\u00e9placements en car par classes enti\u00e8res sont rembours\u00e9s par Major Pr\u00e9pa. L\u2019acc\u00e8s au centre des Salorges est aussi possible en voiture ou en transport en commun\u2026<\/li>\n<li><strong>Conf\u00e9rences<\/strong> : Programme \u00e0 venir<\/li>\n<li><strong>Liste des exposants<\/strong> : Audencia (notre partenaire pour l\u2019organisation de ce rendez-vous), EDHEC, EM Strasbourg, emlyon, ESCP, ESSEC, Excelia, GEM, HEC, ICN, IMT-BS, KEDGE, MBS, NEOMA, Rennes SB, SKEMA, TBS Education,\u00a0INSEEC Grande \u00c9cole, ISC Paris et le BNEM (Bureau national des \u00e9tudiants en \u00e9cole de management). La liste est susceptible d\u2019\u00e9voluer<\/li>\n<li><strong>Stand bonus<\/strong> : celui de Major Pr\u00e9pa et de l\u2019APHEC !<\/li>\n<\/ul>\n<p>Le programme des conf\u00e9rences propos\u00e9es sur le Forum Pr\u00e9pa du Grand Ouest<\/p>\n<p>\u00e0 venir<\/p>\n","protected":false},"excerpt":{"rendered":"Tu vis en ce moment ta rentr\u00e9e en 1re ou 2e ann\u00e9e de classe pr\u00e9paratoire\u2026 Que les Grandes&hellip;\n","protected":false},"author":2,"featured_media":361086,"comment_status":"","ping_status":"","sticky":false,"template":"","format":"standard","meta":{"footnotes":""},"categories":[2818],"tags":[1111,11,1777,674,1011,27,766,12,2636,25],"class_list":{"0":"post-361085","1":"post","2":"type-post","3":"status-publish","4":"format-standard","5":"has-post-thumbnail","7":"category-nantes","8":"tag-actu","9":"tag-actualites","10":"tag-eu","11":"tag-europe","12":"tag-fr","13":"tag-france","14":"tag-nantes","15":"tag-news","16":"tag-pays-de-la-loire","17":"tag-republique-francaise"},"share_on_mastodon":{"url":"https:\/\/pubeurope.com\/@fr\/115135489532633638","error":""},"_links":{"self":[{"href":"https:\/\/www.europesays.com\/fr\/wp-json\/wp\/v2\/posts\/361085","targetHints":{"allow":["GET"]}}],"collection":[{"href":"https:\/\/www.europesays.com\/fr\/wp-json\/wp\/v2\/posts"}],"about":[{"href":"https:\/\/www.europesays.com\/fr\/wp-json\/wp\/v2\/types\/post"}],"author":[{"embeddable":true,"href":"https:\/\/www.europesays.com\/fr\/wp-json\/wp\/v2\/users\/2"}],"replies":[{"embeddable":true,"href":"https:\/\/www.europesays.com\/fr\/wp-json\/wp\/v2\/comments?post=361085"}],"version-history":[{"count":0,"href":"https:\/\/www.europesays.com\/fr\/wp-json\/wp\/v2\/posts\/361085\/revisions"}],"wp:featuredmedia":[{"embeddable":true,"href":"https:\/\/www.europesays.com\/fr\/wp-json\/wp\/v2\/media\/361086"}],"wp:attachment":[{"href":"https:\/\/www.europesays.com\/fr\/wp-json\/wp\/v2\/media?parent=361085"}],"wp:term":[{"taxonomy":"category","embeddable":true,"href":"https:\/\/www.europesays.com\/fr\/wp-json\/wp\/v2\/categories?post=361085"},{"taxonomy":"post_tag","embeddable":true,"href":"https:\/\/www.europesays.com\/fr\/wp-json\/wp\/v2\/tags?post=361085"}],"curies":[{"name":"wp","href":"https:\/\/api.w.org\/{rel}","templated":true}]}}