{"id":361091,"date":"2025-09-02T15:50:11","date_gmt":"2025-09-02T15:50:11","guid":{"rendered":"https:\/\/www.europesays.com\/fr\/361091\/"},"modified":"2025-09-02T15:50:11","modified_gmt":"2025-09-02T15:50:11","slug":"info-la-depeche-commerce-a-toulouse-la-marque-k-way-choisit-la-rue-de-metz","status":"publish","type":"post","link":"https:\/\/www.europesays.com\/fr\/361091\/","title":{"rendered":"INFO LA DEPECHE. Commerce \u00e0 Toulouse\u00a0: la marque K-Way choisit la rue de Metz"},"content":{"rendered":"<p>\n                                                                    l&rsquo;essentiel<br \/>\n                                                                L\u2019enseigne aux c\u00e9l\u00e8bres coupe-vent, d\u00e9j\u00e0 implant\u00e9e \u00e0 Toulouse, va ouvrir un nouveau magasin, vitrine de la marque, dans la rue de Metz r\u00e9cemment pi\u00e9tonnis\u00e9e.\n                            <\/p>\n<p>Bonne nouvelle pour le commerce de la rue de Metz enti\u00e8rement refaite entre le boulevard Carnot et la place Esquirol. Apr\u00e8s l\u2019implantation du fabricant\u00a0de meubles espagnols\u00a0Kave Home le 31\u00a0octobre 2024 dans l\u2019ancien Grand H\u00f4tel alors que les travaux de la rue n\u2019\u00e9taient pas tout \u00e0 fait finis, une autre grande enseigne fait le choix de cette art\u00e8re qui a compl\u00e8tement chang\u00e9 de visage avec sa pi\u00e9tonnisation.<\/p>\n<p>D\u00e9j\u00e0 pr\u00e9sent\u00a0\u00e0 Toulouse, rue Boulbonne et chez Orly Boutique \u00e0 Wilson, K-Way va s\u2019implanter \u00e0 l\u2019angle de la rue des Arts, dans les locaux laiss\u00e9s libres par le magasin de chaussures Repetto. Le si\u00e8ge de la marque d\u2019imperm\u00e9ables d\u00e9tenue par le groupe BasicNet, bas\u00e9 \u00e0 Turin (Italie), que nous avons contact\u00e9, confirme l\u2019ouverture de cette nouvelle boutique pour le 24\u00a0octobre.<\/p>\n<p>Il ne s\u2019agira pas de n\u2019importe quel type de magasin puisque l\u2019enseigne pr\u00e9voit d\u2019installer ici ce que la profession appelle \u00ab\u00a0\u2005un flagship\u2005\u00a0\u00bb, un magasin \u00ab\u00a0\u2005vaisseau amiral\u2005\u00a0\u00bb plus grand\u00a0que les autres sites et proposant les derni\u00e8res nouveaut\u00e9s.<\/p>\n<p>Les fans de cette marque ind\u00e9modable pourront toujours se rendre dans l\u2019ancienne boutique de la rue Boulbonne qui reste ouverte \u00e0 l\u2019exception de la journ\u00e9e du 22\u00a0octobre.<\/p>\n<p>Face aux Augustins<\/p>\n<p>Situ\u00e9 au rez-de-chauss\u00e9e d\u2019un bel immeuble haussmannien, le local de la rue de Metz est aujourd\u2019hui ferm\u00e9 pour travaux. Il fait face au mus\u00e9e des Augustins dont le nouveau hall d\u2019accueil \u00e0 l\u2019architecture contemporaine, avec son grand mur blanc, doit ouvrir \u00e0 la mi-d\u00e9cembre. Le square et le parvis doivent \u00e9galement faire peau neuve d\u2019ici l\u00e0.<\/p>\n<p>Inaugur\u00e9e \u00e0 la veille de l\u2019\u00e9t\u00e9, la rue de Metz pi\u00e9tonnis\u00e9e a \u00e9t\u00e9 adopt\u00e9e par les pi\u00e9tons et les cyclistes\u00a0qui circulent en principe sur une voie s\u00e9par\u00e9e. Mais le commerce doit encore reprendre de la vigueur. L\u2019intention de la mairie est par ailleurs de favoriser dans le secteur voisin de la rue Croix-Baragnon l\u2019implantation de commerces de luxe. Repetto n\u2019a pas donn\u00e9 suite \u00e0 nos sollicitations pour indiquer les raisons de son d\u00e9part de la Ville rose.<\/p>\n","protected":false},"excerpt":{"rendered":"l&rsquo;essentiel L\u2019enseigne aux c\u00e9l\u00e8bres coupe-vent, d\u00e9j\u00e0 implant\u00e9e \u00e0 Toulouse, va ouvrir un nouveau magasin, vitrine de la marque,&hellip;\n","protected":false},"author":2,"featured_media":361092,"comment_status":"","ping_status":"","sticky":false,"template":"","format":"standard","meta":{"footnotes":""},"categories":[2816],"tags":[1111,11,1777,674,1011,27,12,2680,25,2312],"class_list":{"0":"post-361091","1":"post","2":"type-post","3":"status-publish","4":"format-standard","5":"has-post-thumbnail","7":"category-toulouse","8":"tag-actu","9":"tag-actualites","10":"tag-eu","11":"tag-europe","12":"tag-fr","13":"tag-france","14":"tag-news","15":"tag-occitanie","16":"tag-republique-francaise","17":"tag-toulouse"},"share_on_mastodon":{"url":"https:\/\/pubeurope.com\/@fr\/115135501064529435","error":""},"_links":{"self":[{"href":"https:\/\/www.europesays.com\/fr\/wp-json\/wp\/v2\/posts\/361091","targetHints":{"allow":["GET"]}}],"collection":[{"href":"https:\/\/www.europesays.com\/fr\/wp-json\/wp\/v2\/posts"}],"about":[{"href":"https:\/\/www.europesays.com\/fr\/wp-json\/wp\/v2\/types\/post"}],"author":[{"embeddable":true,"href":"https:\/\/www.europesays.com\/fr\/wp-json\/wp\/v2\/users\/2"}],"replies":[{"embeddable":true,"href":"https:\/\/www.europesays.com\/fr\/wp-json\/wp\/v2\/comments?post=361091"}],"version-history":[{"count":0,"href":"https:\/\/www.europesays.com\/fr\/wp-json\/wp\/v2\/posts\/361091\/revisions"}],"wp:featuredmedia":[{"embeddable":true,"href":"https:\/\/www.europesays.com\/fr\/wp-json\/wp\/v2\/media\/361092"}],"wp:attachment":[{"href":"https:\/\/www.europesays.com\/fr\/wp-json\/wp\/v2\/media?parent=361091"}],"wp:term":[{"taxonomy":"category","embeddable":true,"href":"https:\/\/www.europesays.com\/fr\/wp-json\/wp\/v2\/categories?post=361091"},{"taxonomy":"post_tag","embeddable":true,"href":"https:\/\/www.europesays.com\/fr\/wp-json\/wp\/v2\/tags?post=361091"}],"curies":[{"name":"wp","href":"https:\/\/api.w.org\/{rel}","templated":true}]}}