{"id":361093,"date":"2025-09-02T15:51:12","date_gmt":"2025-09-02T15:51:12","guid":{"rendered":"https:\/\/www.europesays.com\/fr\/361093\/"},"modified":"2025-09-02T15:51:12","modified_gmt":"2025-09-02T15:51:12","slug":"protegeons-notre-police-municipale-un-tract-polemique-ravive-le-debat-sur-larmement-a-toulouse","status":"publish","type":"post","link":"https:\/\/www.europesays.com\/fr\/361093\/","title":{"rendered":"\u00ab\u00a0Prot\u00e9geons notre police municipale\u00a0\u00bb\u00a0: un tract pol\u00e9mique ravive le d\u00e9bat sur l\u2019armement \u00e0 Toulouse"},"content":{"rendered":"<p>\n                                                                    l&rsquo;essentiel<br \/>\n                                                                \u00c0 Toulouse, un tract accusant LFI de vouloir d\u00e9sarmer la police municipale ravive le clivage partisan. S\u2019agissant de s\u00e9curit\u00e9, qu\u2019est ce qui diff\u00e9rencie le candidat Fran\u00e7ois Piquemal (LFI) du sortant Jean-Luc Moudenc (DVD)\u00a0?\n                            <\/p>\n<p>La distribution du dernier tract municipal dans les bo\u00eetes aux lettres de Toulouse a suscit\u00e9 des r\u00e9actions indign\u00e9es.\u00a0Et pourtant, ce document\u00a0\u00e0 l\u2019ent\u00eate explicite, \u00ab\u00a0Prot\u00e9geons notre police municipale\u00a0\u00bb, relance \u00e0 Toulouse un d\u00e9bat central sur l\u2019armement et le r\u00f4le de la police municipale. Le tract, pr\u00e9sent\u00e9 sous forme de montage photo, associe Mathilde Panot, Fran\u00e7ois Piquemal et Jean-Luc M\u00e9lenchon, sous-titr\u00e9 d\u2019un bandeau de BFMTV\u00a0: \u00ab\u00a0LFI veut d\u00e9sarmer la police municipale\u00a0\u00bb. Il fait \u00e9galement mention d\u2019une p\u00e9tition \u00e0 signer pour \u00ab\u00a0prot\u00e9ger notre police municipale, pour leur armement 24h\/24, la vid\u00e9oprotection et des pouvoirs renforc\u00e9s\u00a0\u00bb.<\/p>\n<p>Une r\u00e9sistance \u00ab\u00a0dogmatique\u00a0\u00bb de LFI<\/p>\n<p>\u00ab\u00a0Sur les positions en mati\u00e8re de s\u00e9curit\u00e9, il y a clairement une ligne de partage entre nous et Fran\u00e7ois Piquemal (LFI)\u00a0\u00bb, souligne Pierre Esplugas Labatut, porte-parole de Jean-Luc Moudenc. \u00ab\u00a0Chaque fois que nous formons le v\u0153u de voir renforc\u00e9s les pouvoirs de la police municipale en conseil municipal, la France Insoumise s\u2019y oppose, nous d\u00e9non\u00e7ons donc ce choix irresponsable\u00a0\u00bb, poursuit l\u2019\u00e9lu, en rappelant les d\u00e9clarations de Mathilde Panot, pr\u00e9sidente du groupe LFI-NFP \u00e0 l\u2019Assembl\u00e9e, qui pr\u00f4nait le d\u00e9sarmement des polices municipales.<\/p>\n<p class=\"std-elt__inline\">\n        <strong>\u00c0 lire aussi :<\/strong><br \/>\n        <a href=\"https:\/\/www.ladepeche.fr\/2025\/08\/30\/a-toulouse-une-affiche-compare-la-police-municipale-aux-nazis-lelu-a-la-securite-denonce-un-message-nauseabond-12901838.php\" rel=\"nofollow noopener\" target=\"_blank\">\u00c0 Toulouse, une affiche compare la police municipale aux nazis, l\u2019\u00e9lu \u00e0 la S\u00e9curit\u00e9 d\u00e9nonce un message \u00ab\u00a0naus\u00e9abond\u00a0\u00bb<\/a>\n    <\/p>\n<p>LFI d\u00e9fend une police municipale centr\u00e9e sur la pr\u00e9vention et la m\u00e9diation, en opposition \u00e0 une majorit\u00e9 municipale qui plaide pour un renforcement r\u00e9pressif. \u00ab\u00a0On voit qu\u2019ils ont une r\u00e9sistance dogmatique et id\u00e9ologique, aussi bien sur la vid\u00e9osurveillance que sur l\u2019armement\u00a0\u00bb, insiste Pierre Esplugas Labatut, avant d\u2019ajouter\u00a0: \u00ab\u00a0nous avons, \u00e0 date, eu 3\u00a0000 retours pour cette p\u00e9tition, les Toulousains nous disent donc qu\u2019il y a un vrai enjeu.\u00a0\u00bb<\/p>\n<p>        <img decoding=\"async\" class=\"std-img__img responsive-img\" src=\"https:\/\/www.europesays.com\/fr\/wp-content\/uploads\/2025\/09\/1756828272_458_image.jpg\" alt=\"Un formulaire de p\u00e9tition en forme de tract de J-L. Moudenc.\"\/><\/p>\n<p>                Un formulaire de p\u00e9tition en forme de tract de J-L. Moudenc.<br \/>\n                                    DR<\/p>\n<p>Un tract jug\u00e9 \u00ab\u00a0caricatural\u00a0\u00bb et contest\u00e9<\/p>\n<p>Pour Agathe Roby, conseill\u00e8re municipale (LFI) \u00e0 Toulouse, le tract en question est \u00ab\u00a0caricatural\u00a0\u00bb et \u00ab\u00a0il \u00e9tait gliss\u00e9 dans un d\u00e9pliant institutionnel, ce qui pose la question d\u2019une utilisation des fonds publics pour la distribution\u00a0\u00bb, critique-t-elle. L\u2019\u00e9lue de la gauche radicale, qui propose \u00ab\u00a0un policier municipal pour 1\u00a0000 habitants\u00a0\u00bb, assure que le programme de Fran\u00e7ois Piquemal ne menace pas la \u00ab\u00a0PM\u00a0\u00bb. Mais sur l\u2019armement, le discours diff\u00e8re\u00a0: \u00ab\u00a0les policiers municipaux sont l\u00e0 pour pacifier l\u2019espace urbain, pour de la m\u00e9diation, ont-ils besoin de LBD et de taser\u00a0? Non, c\u2019est dangereux pour la population. Il faudra les enlever\u00a0\u00bb, tranche-t-elle. Le pistolet aussi\u00a0? \u00ab\u00a0Il faudra voir\u00a0\u00bb. Quant aux cam\u00e9ras, \u00ab\u00a0elles co\u00fbtent tr\u00e8s cher et s\u2019il n\u2019y a pas de policiers sur le terrain, \u00e7a ne sert \u00e0 rien\u00a0\u00bb l\u00e2che l\u2019insoumise.<\/p>\n<p class=\"std-elt__inline\">\n        <strong>\u00c0 lire aussi :<\/strong><br \/>\n        <a href=\"https:\/\/www.ladepeche.fr\/2025\/07\/17\/a-toulouse-la-police-municipale-va-desormais-couvrir-tous-les-quartiers-avec-des-horaires-elargis-12831209.php\" rel=\"nofollow noopener\" target=\"_blank\">A Toulouse, la police municipale va d\u00e9sormais couvrir tous les quartiers avec des horaires \u00e9largis<\/a>\n    <\/p>\n<p>Un propos qui fait bondir Emilion Esnault, maire adjoint \u00e0 la s\u00e9curit\u00e9\u00a0: \u00ab\u00a0C\u2019est irresponsable de vouloir supprimer l\u2019armement et m\u00e9prisant de dire qu\u2019un policier municipal arm\u00e9 est dangereux. Pierre Cohen disait en son temps que la police municipale devait se retirer d\u00e8s qu\u2019un couteau est sorti\u00a0; si on en revenait \u00e0 cette doctrine, avec la d\u00e9linquance d\u2019aujourd\u2019hui, la situation serait catastrophique.\u00a0\u00bb<\/p>\n<p>Un policier municipal a moins de pouvoirs judiciaires qu\u2019un garde champ\u00eatre<\/p>\n<p>Entre\u00a02014 et\u00a02018, les effectifs de la police municipale \u00e0 Toulouse ont plus que doubl\u00e9, et l\u2019objectif de Jean-Luc Moudenc est d\u2019atteindre 430 agents d\u2019ici 2026 (contre 390 actuellement). La majorit\u00e9 plaide \u00e9galement pour que les policiers municipaux b\u00e9n\u00e9ficient de pouvoirs \u00e9tendus. Car, aussi surprenant que cela puisse para\u00eetre, un policier municipal a en France moins de pouvoirs judiciaires qu\u2019un garde champ\u00eatre\u00a0: il ne peut pas relever un taux d\u2019alcool\u00e9mie, n\u2019a pas acc\u00e8s au fichier des personnes recherch\u00e9es ou des v\u00e9hicules vol\u00e9s, et ne peut pas non plus contr\u00f4ler des bagages dans les transports publics.<\/p>\n<p>En 2024 \u00e0 Toulouse, 1\u00a0656 personnes ont \u00e9t\u00e9 appr\u00e9hend\u00e9es en flagrant d\u00e9lit par la police municipale, et 939 arr\u00eat\u00e9es gr\u00e2ce \u00e0 la vid\u00e9oprotection. La m\u00eame ann\u00e9e, la justice a r\u00e9quisitionn\u00e9 des images de vid\u00e9osurveillance \u00e0 2\u00a0137 reprises (contre 50 en 2014), afin d\u2019appuyer les enqu\u00eates de la police nationale. Enfin, 6\u00a0915 interventions (secours, s\u00e9curit\u00e9 et voirie) ont \u00e9t\u00e9 d\u00e9clench\u00e9es en 2024 gr\u00e2ce aux cam\u00e9ras de surveillance.<\/p>\n","protected":false},"excerpt":{"rendered":"l&rsquo;essentiel \u00c0 Toulouse, un tract accusant LFI de vouloir d\u00e9sarmer la police municipale ravive le clivage partisan. S\u2019agissant&hellip;\n","protected":false},"author":2,"featured_media":361094,"comment_status":"","ping_status":"","sticky":false,"template":"","format":"standard","meta":{"footnotes":""},"categories":[2816],"tags":[1111,11,1777,674,1011,27,12,2680,25,2312],"class_list":{"0":"post-361093","1":"post","2":"type-post","3":"status-publish","4":"format-standard","5":"has-post-thumbnail","7":"category-toulouse","8":"tag-actu","9":"tag-actualites","10":"tag-eu","11":"tag-europe","12":"tag-fr","13":"tag-france","14":"tag-news","15":"tag-occitanie","16":"tag-republique-francaise","17":"tag-toulouse"},"share_on_mastodon":{"url":"https:\/\/pubeurope.com\/@fr\/115135505059688907","error":""},"_links":{"self":[{"href":"https:\/\/www.europesays.com\/fr\/wp-json\/wp\/v2\/posts\/361093","targetHints":{"allow":["GET"]}}],"collection":[{"href":"https:\/\/www.europesays.com\/fr\/wp-json\/wp\/v2\/posts"}],"about":[{"href":"https:\/\/www.europesays.com\/fr\/wp-json\/wp\/v2\/types\/post"}],"author":[{"embeddable":true,"href":"https:\/\/www.europesays.com\/fr\/wp-json\/wp\/v2\/users\/2"}],"replies":[{"embeddable":true,"href":"https:\/\/www.europesays.com\/fr\/wp-json\/wp\/v2\/comments?post=361093"}],"version-history":[{"count":0,"href":"https:\/\/www.europesays.com\/fr\/wp-json\/wp\/v2\/posts\/361093\/revisions"}],"wp:featuredmedia":[{"embeddable":true,"href":"https:\/\/www.europesays.com\/fr\/wp-json\/wp\/v2\/media\/361094"}],"wp:attachment":[{"href":"https:\/\/www.europesays.com\/fr\/wp-json\/wp\/v2\/media?parent=361093"}],"wp:term":[{"taxonomy":"category","embeddable":true,"href":"https:\/\/www.europesays.com\/fr\/wp-json\/wp\/v2\/categories?post=361093"},{"taxonomy":"post_tag","embeddable":true,"href":"https:\/\/www.europesays.com\/fr\/wp-json\/wp\/v2\/tags?post=361093"}],"curies":[{"name":"wp","href":"https:\/\/api.w.org\/{rel}","templated":true}]}}