{"id":361095,"date":"2025-09-02T15:52:23","date_gmt":"2025-09-02T15:52:23","guid":{"rendered":"https:\/\/www.europesays.com\/fr\/361095\/"},"modified":"2025-09-02T15:52:23","modified_gmt":"2025-09-02T15:52:23","slug":"lagence-regionale-de-sante-hauts-de-france-publie-la-liste-des-pharmacies-de-garde-pour-les-prochaines-semaines","status":"publish","type":"post","link":"https:\/\/www.europesays.com\/fr\/361095\/","title":{"rendered":"L&rsquo;Agence R\u00e9gionale de Sant\u00e9 Hauts-de-France publie la liste des pharmacies de garde pour les prochaines semaines"},"content":{"rendered":"<p><img decoding=\"async\" class=\"\" style=\"width:100%;max-width:100%\" src=\"https:\/\/www.europesays.com\/fr\/wp-content\/uploads\/2025\/09\/pharmacie1756819748244-format16by9.jpg\" alt=\"Sportica, illustration\"\/><\/p>\n<p>Exemple avec la pharmacie de Sportica. <\/p>\n<p>Cr\u00e9dit : Sportica, illustration<\/p>\n<p data-syno-attrs=\"{&quot;textMarks&quot;:[{&quot;_&quot;:&quot;font_size&quot;,&quot;value&quot;:14},{&quot;_&quot;:&quot;font_family&quot;,&quot;complexScript&quot;:&quot;Times New Roman&quot;,&quot;eastAsia&quot;:&quot;Times New Roman&quot;,&quot;value&quot;:&quot;Times New Roman&quot;},{&quot;_&quot;:&quot;em&quot;,&quot;value&quot;:false},{&quot;_&quot;:&quot;strong&quot;,&quot;value&quot;:false},{&quot;_&quot;:&quot;color&quot;,&quot;value&quot;:&quot;#222222&quot;}]}\"><strong>Une urgence est vite arriv\u00e9e\u2026 Mais depuis plusieurs jours, les organisations syndicales des pharmaciens d\u2019officine ont lanc\u00e9 un mouvement de gr\u00e8ve des gardes.<\/strong> <\/p>\n<p data-syno-attrs=\"{&quot;textMarks&quot;:[{&quot;_&quot;:&quot;font_size&quot;,&quot;value&quot;:14},{&quot;_&quot;:&quot;font_family&quot;,&quot;complexScript&quot;:&quot;Times New Roman&quot;,&quot;eastAsia&quot;:&quot;Times New Roman&quot;,&quot;value&quot;:&quot;Times New Roman&quot;},{&quot;_&quot;:&quot;em&quot;,&quot;value&quot;:false},{&quot;_&quot;:&quot;strong&quot;,&quot;value&quot;:false},{&quot;_&quot;:&quot;color&quot;,&quot;value&quot;:&quot;#222222&quot;}]}\">Dans ce contexte, pour savoir o\u00f9 acheter des m\u00e9dicaments la nuit, les dimanches et jours f\u00e9ri\u00e9s,<strong> l\u2019ARS a publi\u00e9 une liste des pharmacies r\u00e9quisitionn\u00e9es pour assurer un service de garde<\/strong>, et garantir l\u2019acc\u00e8s aux produits de sant\u00e9. <\/p>\n<p data-syno-attrs=\"{&quot;textMarks&quot;:[{&quot;_&quot;:&quot;font_size&quot;,&quot;value&quot;:14},{&quot;_&quot;:&quot;font_family&quot;,&quot;complexScript&quot;:&quot;Times New Roman&quot;,&quot;eastAsia&quot;:&quot;Times New Roman&quot;,&quot;value&quot;:&quot;Times New Roman&quot;},{&quot;_&quot;:&quot;em&quot;,&quot;value&quot;:false},{&quot;_&quot;:&quot;strong&quot;,&quot;value&quot;:false},{&quot;_&quot;:&quot;color&quot;,&quot;value&quot;:&quot;#222222&quot;}]}\"><a href=\"https:\/\/www.hauts-de-france.ars.sante.fr\/greve-des-gardes-de-pharmacies-ou-trouver-une-pharmacie-en-hauts-de-france\" rel=\"noopener\" target=\"_blank\">Liste \u00e0 retrouver sur le site de l\u2019ARS Hauts-de-France, qui vous conseille quand m\u00eame de contacter la pharmacie avant de se d\u00e9placer.<\/a><\/p>\n<p data-syno-attrs=\"{&quot;textMarks&quot;:[{&quot;_&quot;:&quot;font_size&quot;,&quot;value&quot;:14},{&quot;_&quot;:&quot;font_family&quot;,&quot;complexScript&quot;:&quot;Times New Roman&quot;,&quot;eastAsia&quot;:&quot;Times New Roman&quot;,&quot;value&quot;:&quot;Times New Roman&quot;},{&quot;_&quot;:&quot;em&quot;,&quot;value&quot;:false},{&quot;_&quot;:&quot;strong&quot;,&quot;value&quot;:false},{&quot;_&quot;:&quot;color&quot;,&quot;value&quot;:&quot;#222222&quot;},{&quot;_&quot;:&quot;background_color&quot;,&quot;value&quot;:&quot;#ffffff&quot;}]}\">\u00a0<\/p>\n","protected":false},"excerpt":{"rendered":"Exemple avec la pharmacie de Sportica. Cr\u00e9dit : Sportica, illustration Une urgence est vite arriv\u00e9e\u2026 Mais depuis plusieurs&hellip;\n","protected":false},"author":2,"featured_media":361096,"comment_status":"","ping_status":"","sticky":false,"template":"","format":"standard","meta":{"footnotes":""},"categories":[2815],"tags":[49650,49655,1111,11,13240,49653,49649,49647,1777,674,1011,27,49643,811,1307,49648,49654,12,293,49644,49652,49651,49641,126,25,49646,49645,49642],"class_list":{"0":"post-361095","1":"post","2":"type-post","3":"status-publish","4":"format-standard","5":"has-post-thumbnail","7":"category-lille","8":"tag-acces-aux-medicaments","9":"tag-achats-nocturnes-medicaments","10":"tag-actu","11":"tag-actualites","12":"tag-agence-regionale-de-sante","13":"tag-ars-hauts-de-france","14":"tag-contactez-la-pharmacie","15":"tag-dimanches-et-jours-feries","16":"tag-eu","17":"tag-europe","18":"tag-fr","19":"tag-france","20":"tag-greve-des-pharmaciens","21":"tag-hauts-de-france","22":"tag-lille","23":"tag-liste-des-pharmacies","24":"tag-mouvement-de-greve","25":"tag-news","26":"tag-nuit","27":"tag-officines","28":"tag-organisation-syndicale","29":"tag-pharmaciens-dofficine","30":"tag-pharmacies-de-garde","31":"tag-produits-de-sante","32":"tag-republique-francaise","33":"tag-requisitionnees","34":"tag-service-de-garde","35":"tag-urgence-medicale"},"share_on_mastodon":{"url":"","error":"Validation failed: Text character limit of 500 exceeded"},"_links":{"self":[{"href":"https:\/\/www.europesays.com\/fr\/wp-json\/wp\/v2\/posts\/361095","targetHints":{"allow":["GET"]}}],"collection":[{"href":"https:\/\/www.europesays.com\/fr\/wp-json\/wp\/v2\/posts"}],"about":[{"href":"https:\/\/www.europesays.com\/fr\/wp-json\/wp\/v2\/types\/post"}],"author":[{"embeddable":true,"href":"https:\/\/www.europesays.com\/fr\/wp-json\/wp\/v2\/users\/2"}],"replies":[{"embeddable":true,"href":"https:\/\/www.europesays.com\/fr\/wp-json\/wp\/v2\/comments?post=361095"}],"version-history":[{"count":0,"href":"https:\/\/www.europesays.com\/fr\/wp-json\/wp\/v2\/posts\/361095\/revisions"}],"wp:featuredmedia":[{"embeddable":true,"href":"https:\/\/www.europesays.com\/fr\/wp-json\/wp\/v2\/media\/361096"}],"wp:attachment":[{"href":"https:\/\/www.europesays.com\/fr\/wp-json\/wp\/v2\/media?parent=361095"}],"wp:term":[{"taxonomy":"category","embeddable":true,"href":"https:\/\/www.europesays.com\/fr\/wp-json\/wp\/v2\/categories?post=361095"},{"taxonomy":"post_tag","embeddable":true,"href":"https:\/\/www.europesays.com\/fr\/wp-json\/wp\/v2\/tags?post=361095"}],"curies":[{"name":"wp","href":"https:\/\/api.w.org\/{rel}","templated":true}]}}