{"id":361097,"date":"2025-09-02T15:53:21","date_gmt":"2025-09-02T15:53:21","guid":{"rendered":"https:\/\/www.europesays.com\/fr\/361097\/"},"modified":"2025-09-02T15:53:21","modified_gmt":"2025-09-02T15:53:21","slug":"lille-se-mobilise-pour-accueillir-des-millions-de-visiteurs","status":"publish","type":"post","link":"https:\/\/www.europesays.com\/fr\/361097\/","title":{"rendered":"Lille se mobilise pour accueillir des millions de visiteurs"},"content":{"rendered":"<p>            lire plus tard<\/p>\n<p id=\"dialog__title\" class=\"dialog__title\">Pour sauvegarder cet article, connectez-vous ou cr\u00e9ez un compte franceinfo<\/p>\n<p class=\"dialog__description\">Sans paiement. Sans abonnement.<\/p>\n<p>        Fermer la fen\u00eatre d\u2019activation des notifications France Info<\/p>\n<p>            cr\u00e9er votre compte<\/p>\n<p>            se connecter<\/p>\n<p>        Fermer la fen\u00eatre de pr\u00e9sentation<\/p>\n<p>    Publi\u00e9 le 02\/09\/2025 16:57<\/p>\n<p>        Temps de lecture : 2min &#8211; vid\u00e9o : 2min<\/p>\n<p>    <img decoding=\"async\" class=\"francetv-player-wrapper__image\" alt=\"Braderie 2025 : Lille se mobilise pour accueillir des millions de visiteurs\"  width=\"432\" height=\"243\" src=\"https:\/\/www.europesays.com\/fr\/wp-content\/uploads\/2025\/09\/braderie-de-lille-les-coulisses-de-la-preparation-68b705a92dd32126430976.jpg\" fetchpriority=\"high\"\/><\/p>\n<p>              Braderie 2025 : Lille se mobilise pour accueillir des millions de visiteurs<br \/>\n                    (France 2)<\/p>\n<p>      2min<\/p>\n<p>\n  La braderie de Lille (Nord) ouvre ses portes bient\u00f4t et promet un week-end exceptionnel pour les commer\u00e7ants et les visiteurs. La ville se pr\u00e9pare \u00e0 accueillir plus de 2,5 millions de visiteurs et plus de 5000 exposants sur 53 kilom\u00e8tres d\u2019\u00e9tals.\n<\/p>\n<p><strong>Ce texte correspond \u00e0 une partie de la retranscription du reportage ci-dessus. Cliquez sur la vid\u00e9o pour la regarder en int\u00e9gralit\u00e9.<\/strong><\/p>\n<p>La braderie de Lille (Nord) ne commence que<a href=\"https:\/\/www.franceinfo.fr\/culture\/series\/morgane-l-heroine-la-serie-hpi-vide-son-dressing-a-la-braderie-de-lille-au-profit-d-une-association_7467013.html\" target=\"_self\" rel=\"noopener noreferrer nofollow\" data-tooltip-url=\"https:\/\/www.franceinfo.fr\/culture\/series\/morgane-l-heroine-la-serie-hpi-vide-son-dressing-a-la-braderie-de-lille-au-profit-d-une-association_7467013.html\"> le week-end du 5 septembre<\/a> , mais chez Alexandre Ranson, restaurateur, tout est d\u00e9j\u00e0 pr\u00eat. Seul d\u00e9fi : trouver de la place pour les stocks de boissons. \u00ab\u00a0Normalement, cet \u00e9tage-l\u00e0, c&rsquo;est uniquement pour des gens qui s&rsquo;assoient, qui mangent concr\u00e8tement, comme partout dans le restaurant. Juste cette fois-ci, on est oblig\u00e9 de mettre 150 litres de bi\u00e8re l\u00e0-haut. Des \u00e9co-cups ici, des rinces-d&rsquo;\u0153il, des petits goodies qu&rsquo;on va distribuer. C&rsquo;est le plus beau week-end pour un commer\u00e7ant sur Lille.\u00a0\u00bb raconte-t-il.<\/p>\n<p>En deux jours, le chiffre d&rsquo;affaires des commer\u00e7ants peut \u00e9quivaloir \u00e0 pr\u00e8s de deux mois de travail. Les livraisons s&rsquo;encha\u00eenent donc pour cet employ\u00e9 : \u00ab\u00a0Dans le camion, on a essentiellement des clients de la braderie, donc pour la semaine prochaine, on est en train de terminer les derni\u00e8res livraisons. On va travailler beaucoup plus longtemps, on travaille m\u00eame le samedi, toute la matin\u00e9e, donc le travail est d\u00e9coup\u00e9.\u00a0\u00bb<\/p>\n<p>Dans les rues, l&rsquo;organisation est \u00e9galement en marche. 700 agents municipaux sont mobilis\u00e9s depuis plusieurs semaines. En centre-ville, l\u2019installation de toilettes suppl\u00e9mentaires est en cours pour accueillir la foule, qui s\u2019annonce encore plus nombreuse cette ann\u00e9e. \u00ab\u00a0\u00c0 la r\u00e9servation, on voit qu&rsquo;il y a encore une mont\u00e9e en pression par rapport \u00e0 l&rsquo;ann\u00e9e derni\u00e8re. Alors on esp\u00e8re les 2,5 millions, c&rsquo;est toujours la base qu&rsquo;on nous donne en fonction de la m\u00e9t\u00e9o, mais \u00e7a s&rsquo;annonce un bon cru en termes de conditions m\u00e9t\u00e9orologiques, semble-t-il.\u00a0\u00bb explique Florianne Gabriels, directrice g\u00e9n\u00e9rale adjointe \u00e0 la ville de Lille.<\/p>\n<p>Les visiteurs ont d\u00e9j\u00e0 pr\u00e9vu leur programme. Certains, comme cette Lilloise, veulent profiter de l\u2019\u00e9v\u00e9nement en famille : \u00ab\u00a0Cette ann\u00e9e, il y a mes parents qui viennent. Je vais leur faire faire le petit tour le samedi. Je vais essayer de rep\u00e9rer les petites rues sympas qui pourraient leur plaire.\u00a0\u00bb D\u2019autres esp\u00e8rent faire de bonnes affaires : \u00ab\u00a0La derni\u00e8re fois, j&rsquo;ai achet\u00e9 des cartes Pok\u00e9mon, un briquet. Cette fois, j&rsquo;avais besoin de meubles parce que je viens d&#8217;emm\u00e9nager dans un nouvel appartement. Et puis le soir, la f\u00eate.\u00a0\u00bb<\/p>\n<p>Avec plus de 5000 exposants \u00e9tal\u00e9s sur 53 kilom\u00e8tres, la braderie 2025 promet d\u2019\u00eatre un \u00e9v\u00e9nement incontournable. Rendez-vous vendredi soir pour le coup d\u2019envoi.<\/p>\n","protected":false},"excerpt":{"rendered":"lire plus tard Pour sauvegarder cet article, connectez-vous ou cr\u00e9ez un compte franceinfo Sans paiement. Sans abonnement. Fermer&hellip;\n","protected":false},"author":2,"featured_media":361098,"comment_status":"","ping_status":"","sticky":false,"template":"","format":"standard","meta":{"footnotes":""},"categories":[2815],"tags":[1111,11,1777,674,1011,27,811,1307,12,25],"class_list":{"0":"post-361097","1":"post","2":"type-post","3":"status-publish","4":"format-standard","5":"has-post-thumbnail","7":"category-lille","8":"tag-actu","9":"tag-actualites","10":"tag-eu","11":"tag-europe","12":"tag-fr","13":"tag-france","14":"tag-hauts-de-france","15":"tag-lille","16":"tag-news","17":"tag-republique-francaise"},"share_on_mastodon":{"url":"https:\/\/pubeurope.com\/@fr\/115135512978862924","error":""},"_links":{"self":[{"href":"https:\/\/www.europesays.com\/fr\/wp-json\/wp\/v2\/posts\/361097","targetHints":{"allow":["GET"]}}],"collection":[{"href":"https:\/\/www.europesays.com\/fr\/wp-json\/wp\/v2\/posts"}],"about":[{"href":"https:\/\/www.europesays.com\/fr\/wp-json\/wp\/v2\/types\/post"}],"author":[{"embeddable":true,"href":"https:\/\/www.europesays.com\/fr\/wp-json\/wp\/v2\/users\/2"}],"replies":[{"embeddable":true,"href":"https:\/\/www.europesays.com\/fr\/wp-json\/wp\/v2\/comments?post=361097"}],"version-history":[{"count":0,"href":"https:\/\/www.europesays.com\/fr\/wp-json\/wp\/v2\/posts\/361097\/revisions"}],"wp:featuredmedia":[{"embeddable":true,"href":"https:\/\/www.europesays.com\/fr\/wp-json\/wp\/v2\/media\/361098"}],"wp:attachment":[{"href":"https:\/\/www.europesays.com\/fr\/wp-json\/wp\/v2\/media?parent=361097"}],"wp:term":[{"taxonomy":"category","embeddable":true,"href":"https:\/\/www.europesays.com\/fr\/wp-json\/wp\/v2\/categories?post=361097"},{"taxonomy":"post_tag","embeddable":true,"href":"https:\/\/www.europesays.com\/fr\/wp-json\/wp\/v2\/tags?post=361097"}],"curies":[{"name":"wp","href":"https:\/\/api.w.org\/{rel}","templated":true}]}}