{"id":361099,"date":"2025-09-02T15:54:10","date_gmt":"2025-09-02T15:54:10","guid":{"rendered":"https:\/\/www.europesays.com\/fr\/361099\/"},"modified":"2025-09-02T15:54:10","modified_gmt":"2025-09-02T15:54:10","slug":"la-video-choquante-dune-star-de-telerealite-mise-ko-en-pleine-rue-apres-une-soiree-a-marseille","status":"publish","type":"post","link":"https:\/\/www.europesays.com\/fr\/361099\/","title":{"rendered":"La vid\u00e9o choquante d&rsquo;une star de t\u00e9l\u00e9r\u00e9alit\u00e9 mise KO en pleine rue apr\u00e8s une soir\u00e9e \u00e0 Marseille"},"content":{"rendered":"<p>Selon le t\u00e9moignage qu\u2019il a lui-m\u00eame partag\u00e9 sur Instagram, trois individus l\u2019auraient pris \u00e0 partie pour lui soutirer de l\u2019argent. Apr\u00e8s avoir r\u00e9pondu qu\u2019il n\u2019en avait pas, l\u2019un d\u2019eux l\u2019aurait frapp\u00e9 d\u2019un coup de coude au visage, le projetant au sol, inconscient.<\/p>\n<p>C&rsquo;est le media people Aqababe qui a publi\u00e9 les images ce lundi 1er septembre.<\/p>\n<p>Dans une story Instagram, Greg Yega confie son choc: \u00ab\u00a0Honn\u00eatement, j\u2019en ai marre. \u00c7a doit \u00eatre ma dixi\u00e8me agression\u2026 Je n\u2019en peux plus! [\u2026] J\u2019ai peur de sortir, de bouger. Je ne trouve pas normal qu\u2019on me filme alors que je me fais agresser\u00a0\u00bb.<\/p>\n<p>Selon ses propos, la violence est survenue alors qu\u2019il ne s\u2019y attendait pas. Il ajoute: \u00ab\u00a0Je me suis r\u00e9veill\u00e9 dans le camion des pompiers avant d\u2019\u00eatre transport\u00e9 \u00e0 l\u2019h\u00f4pital. [\u2026] Je suis rentr\u00e9 chez moi \u00e0 6 heures du matin. Et maintenant, je vous le dis honn\u00eatement, j\u2019ai tr\u00e8s peur.\u00a0\u00bb<\/p>\n<p>Jusqu&rsquo;\u00e0 pr\u00e9sent davantage connu pour ses frasques en soir\u00e9e et un comportement souvent m\u00e9diatis\u00e9 (notamment dans un festival ou des bo\u00eetes de nuit, o\u00f9 son \u00e9tat pr\u00e9occupant avait suscit\u00e9 des commentaires virulents), Greg Yega a pu compter sur le soutien de sa communaut\u00e9 apr\u00e8s la diffusion de la vid\u00e9o.<\/p>\n<p>Ce lundi soir, il avait indiqu\u00e9 n&rsquo;avoir pas encore port\u00e9 plainte.<\/p>\n<blockquote class=\"twitter-tweet\">\n<p lang=\"fr\" dir=\"ltr\">\ud83d\udea8\ud83c\uddeb\ud83c\uddf7 \ud835\uddd4\ud835\udddf\ud835\uddd8\ud835\udde5\ud835\udde7\ud835\uddd8 \ud835\udddc\ud835\udde1\ud835\uddd9\ud835\udde2 \u2014 \u00c0 Marseille, un individu de type maghr\u00e9bin a VIOLEMMENT AGRESS\u00c9 le candidat de t\u00e9l\u00e9-r\u00e9alit\u00e9 Greg Yega en lui ass\u00e9nant un COUP DE COUDE en plein visage.<\/p>\n<p>L\u2019influenceur a chut\u00e9 et s\u2019est retrouv\u00e9 KO sous la violence du choc, avant de se r\u00e9veiller dans le\u2026 <a href=\"https:\/\/t.co\/lY1hhRw1h7\" rel=\"nofollow\">pic.twitter.com\/lY1hhRw1h7<\/a><\/p>\n<p>\u2014 Bastion (@BastionMediaFR) <a href=\"https:\/\/twitter.com\/BastionMediaFR\/status\/1962537357292323178?ref_src=twsrc%5Etfw\" rel=\"nofollow noopener\" target=\"_blank\">September 1, 2025<\/a><\/p><\/blockquote>\n<p>                                                                                                                                        <script async src=\"https:\/\/platform.twitter.com\/widgets.js\" charset=\"utf-8\"><\/script><\/p>\n","protected":false},"excerpt":{"rendered":"Selon le t\u00e9moignage qu\u2019il a lui-m\u00eame partag\u00e9 sur Instagram, trois individus l\u2019auraient pris \u00e0 partie pour lui soutirer&hellip;\n","protected":false},"author":2,"featured_media":361100,"comment_status":"","ping_status":"","sticky":false,"template":"","format":"standard","meta":{"footnotes":""},"categories":[2814],"tags":[1111,11,1777,674,118,1011,27,884,12,973,882,25],"class_list":{"0":"post-361099","1":"post","2":"type-post","3":"status-publish","4":"format-standard","5":"has-post-thumbnail","7":"category-marseille","8":"tag-actu","9":"tag-actualites","10":"tag-eu","11":"tag-europe","12":"tag-faits-divers","13":"tag-fr","14":"tag-france","15":"tag-marseille","16":"tag-news","17":"tag-people","18":"tag-provence-alpes-cote-dazur","19":"tag-republique-francaise"},"share_on_mastodon":{"url":"https:\/\/pubeurope.com\/@fr\/115135516768950962","error":""},"_links":{"self":[{"href":"https:\/\/www.europesays.com\/fr\/wp-json\/wp\/v2\/posts\/361099","targetHints":{"allow":["GET"]}}],"collection":[{"href":"https:\/\/www.europesays.com\/fr\/wp-json\/wp\/v2\/posts"}],"about":[{"href":"https:\/\/www.europesays.com\/fr\/wp-json\/wp\/v2\/types\/post"}],"author":[{"embeddable":true,"href":"https:\/\/www.europesays.com\/fr\/wp-json\/wp\/v2\/users\/2"}],"replies":[{"embeddable":true,"href":"https:\/\/www.europesays.com\/fr\/wp-json\/wp\/v2\/comments?post=361099"}],"version-history":[{"count":0,"href":"https:\/\/www.europesays.com\/fr\/wp-json\/wp\/v2\/posts\/361099\/revisions"}],"wp:featuredmedia":[{"embeddable":true,"href":"https:\/\/www.europesays.com\/fr\/wp-json\/wp\/v2\/media\/361100"}],"wp:attachment":[{"href":"https:\/\/www.europesays.com\/fr\/wp-json\/wp\/v2\/media?parent=361099"}],"wp:term":[{"taxonomy":"category","embeddable":true,"href":"https:\/\/www.europesays.com\/fr\/wp-json\/wp\/v2\/categories?post=361099"},{"taxonomy":"post_tag","embeddable":true,"href":"https:\/\/www.europesays.com\/fr\/wp-json\/wp\/v2\/tags?post=361099"}],"curies":[{"name":"wp","href":"https:\/\/api.w.org\/{rel}","templated":true}]}}